{"id":107596,"date":"2018-07-31T17:46:31","date_gmt":"2018-07-31T15:46:31","guid":{"rendered":"http:\/\/gazdasagportal.hu\/?p=107596"},"modified":"2018-07-31T16:10:34","modified_gmt":"2018-07-31T14:10:34","slug":"szerdan-vasarolhato-meg-utoljara-a-korlatlan-utazast-biztosito-60-napos-vakacio-berlet","status":"publish","type":"post","link":"https:\/\/gazdasagportal.hu\/index.php\/szerdan-vasarolhato-meg-utoljara-a-korlatlan-utazast-biztosito-60-napos-vakacio-berlet\/","title":{"rendered":"Szerd\u00e1n v\u00e1s\u00e1rolhat\u00f3 meg utolj\u00e1ra a korl\u00e1tlan utaz\u00e1st biztos\u00edt\u00f3 60 napos Vak\u00e1ci\u00f3-b\u00e9rlet"},"content":{"rendered":"<p><strong>A di\u00e1kok id\u00e9n ny\u00e1ron augusztus 1-j\u00e9n v\u00e1s\u00e1rolhatj\u00e1k meg utolj\u00e1ra a 60 napos Vak\u00e1ci\u00f3-b\u00e9rletet, ami \u00e9rv\u00e9nyes di\u00e1kigazolv\u00e1nnyal egy\u00fctt korl\u00e1tlan utaz\u00e1st biztos\u00edt sz\u00e1mukra m\u00e1sodoszt\u00e1lyon a M\u00c1V-Start \u00e9s a GYSEV teljes belf\u00f6ldi h\u00e1l\u00f3zat\u00e1n, \u00e9s m\u00e9g gyorsvonati p\u00f3tjegyet sem kell v\u00e1ltani hozz\u00e1 &#8211; k\u00f6z\u00f6lte a M\u00c1V-Start kedden az MTI-vel. <\/strong><!--more--><\/p>\n<div class=\"ads-in-post1\"><div id=\"gazdasagportal.hu_fullbanner_wideboard\"><\/div>\r\n<\/div>\n<p>    A k\u00f6zlem\u00e9ny szerint a 60, illetve a 30 napos Vak\u00e1ci\u00f3-b\u00e9rletet az \u00e9rdekl\u0151d\u0151k a vas\u00fati jegyp\u00e9nzt\u00e1rakban, a jegy\u00e9rt\u00e9kes\u00edt\u0151 automat\u00e1ban vagy interneten tudj\u00e1k megv\u00e1s\u00e1rolni, az el\u0151bbi 24 900 forintba, ut\u00f3bbi pedig 15 900 forintba ker\u00fcl. A 30 napos Vak\u00e1ci\u00f3-b\u00e9rletet augusztus 15-ig lehet megvenni, \u00e9s szeptember 14-\u00e9n, 24 \u00f3r\u00e1ig felhaszn\u00e1lhat\u00f3 &#8211; tett\u00e9k hozz\u00e1.<br \/>\n<div class=\"ads-in-post2\"><script async src=\"https:\/\/pagead2.googlesyndication.com\/pagead\/js\/adsbygoogle.js\"><\/script>\r\n<ins class=\"adsbygoogle\"\r\n     style=\"display:block\"\r\n     data-ad-format=\"fluid\"\r\n     data-ad-layout-key=\"-6t+ed+2i-1n-4w\"\r\n     data-ad-client=\"ca-pub-1959107119989764\"\r\n     data-ad-slot=\"4008251320\"><\/ins>\r\n<script>\r\n     (adsbygoogle = window.adsbygoogle || []).push({});\r\n<\/script><\/div>\n    Id\u00e9n ny\u00e1ron a k\u00fcl\u00f6nf\u00e9le szezon\u00e1lis term\u00e9kekb\u0151l, mint p\u00e9ld\u00e1ul a Vak\u00e1ci\u00f3- \u00e9s Balaton-b\u00e9rlet, vagy a ker\u00e9kp\u00e1ros t\u00farajegy, eddig t\u00f6bb mint 20 ezer darabot \u00e9rt\u00e9kes\u00edtettek.<br \/>\n    A tapasztalatok szerint a ny\u00e1ri b\u00e9rletekkel legink\u00e1bb a Balatonhoz vonatoznak sz\u00edvesen a fiatalok, de rajtuk k\u00edv\u00fcl is sokan keresik fel a magyar tengert: j\u00fanius k\u00f6zep\u00e9t\u0151l j\u00falius 25-ig p\u00e9ld\u00e1ul t\u00f6bb mint 768 ezren fordultak meg a Balatonn\u00e1l vonattal, ami 6 sz\u00e1zal\u00e9kos n\u00f6veked\u00e9st jelent a tavalyi adatokhoz k\u00e9pest.(MTI)<\/p>\n","protected":false},"excerpt":{"rendered":"<p>A di\u00e1kok id\u00e9n ny\u00e1ron augusztus 1-j\u00e9n v\u00e1s\u00e1rolhatj\u00e1k meg utolj\u00e1ra a 60 napos Vak\u00e1ci\u00f3-b\u00e9rletet, ami \u00e9rv\u00e9nyes di\u00e1kigazolv\u00e1nnyal egy\u00fctt korl\u00e1tlan utaz\u00e1st biztos\u00edt sz\u00e1mukra m\u00e1sodoszt\u00e1lyon a M\u00c1V-Start \u00e9s a GYSEV teljes belf\u00f6ldi h\u00e1l\u00f3zat\u00e1n, \u00e9s m\u00e9g gyorsvonati p\u00f3tjegyet sem kell v\u00e1ltani hozz\u00e1 &#8211; k\u00f6z\u00f6lte a M\u00c1V-Start kedden az MTI-vel.<\/p>\n","protected":false},"author":1,"featured_media":0,"comment_status":"closed","ping_status":"open","sticky":false,"template":"","format":"standard","meta":[],"categories":[4],"tags":[],"_links":{"self":[{"href":"https:\/\/gazdasagportal.hu\/index.php\/wp-json\/wp\/v2\/posts\/107596"}],"collection":[{"href":"https:\/\/gazdasagportal.hu\/index.php\/wp-json\/wp\/v2\/posts"}],"about":[{"href":"https:\/\/gazdasagportal.hu\/index.php\/wp-json\/wp\/v2\/types\/post"}],"author":[{"embeddable":true,"href":"https:\/\/gazdasagportal.hu\/index.php\/wp-json\/wp\/v2\/users\/1"}],"replies":[{"embeddable":true,"href":"https:\/\/gazdasagportal.hu\/index.php\/wp-json\/wp\/v2\/comments?post=107596"}],"version-history":[{"count":1,"href":"https:\/\/gazdasagportal.hu\/index.php\/wp-json\/wp\/v2\/posts\/107596\/revisions"}],"predecessor-version":[{"id":107597,"href":"https:\/\/gazdasagportal.hu\/index.php\/wp-json\/wp\/v2\/posts\/107596\/revisions\/107597"}],"wp:attachment":[{"href":"https:\/\/gazdasagportal.hu\/index.php\/wp-json\/wp\/v2\/media?parent=107596"}],"wp:term":[{"taxonomy":"category","embeddable":true,"href":"https:\/\/gazdasagportal.hu\/index.php\/wp-json\/wp\/v2\/categories?post=107596"},{"taxonomy":"post_tag","embeddable":true,"href":"https:\/\/gazdasagportal.hu\/index.php\/wp-json\/wp\/v2\/tags?post=107596"}],"curies":[{"name":"wp","href":"https:\/\/api.w.org\/{rel}","templated":true}]}}