{"id":107594,"date":"2018-07-31T16:34:58","date_gmt":"2018-07-31T14:34:58","guid":{"rendered":"http:\/\/gazdasagportal.hu\/?p=107594"},"modified":"2018-07-31T16:10:25","modified_gmt":"2018-07-31T14:10:25","slug":"financial-times-levonulnak-a-kinai-befektetok-az-europai-futballpalyakrol","status":"publish","type":"post","link":"https:\/\/gazdasagportal.hu\/index.php\/financial-times-levonulnak-a-kinai-befektetok-az-europai-futballpalyakrol\/","title":{"rendered":"Financial Times: Levonulnak a k\u00ednai befektet\u0151k az eur\u00f3pai futballp\u00e1ly\u00e1kr\u00f3l"},"content":{"rendered":"<p><strong>Levonulnak a k\u00ednai befektet\u0151k az eur\u00f3pai futballp\u00e1ly\u00e1kr\u00f3l &#8211; \u00edrta keddi sz\u00e1m\u00e1ban a Financial Times, amely az Aston Villa egy r\u00e9sz\u00e9nek elad\u00e1s\u00e1val kapcsolatban k\u00f6z\u00f6lt \u00f6sszes\u00edt\u00e9s\u00e9ben r\u00e1vil\u00e1g\u00edtott: az angol labdar\u00fag\u00f3-bajnoks\u00e1g m\u00e1sodoszt\u00e1ly\u00e1ban szerepl\u0151 egy\u00fcttes tavaly \u00f3ta m\u00e1r az \u00f6t\u00f6dik eur\u00f3pai klub, amelyt\u0151l k\u00ednai tulajdonosai r\u00e9szben vagy teljes eg\u00e9sz\u00e9ben megv\u00e1ltak.<\/strong><!--more--><\/p>\n<div class=\"ads-in-post1\"><div id=\"gazdasagportal.hu_fullbanner_wideboard\"><\/div>\r\n<\/div>\n<p>    Tony Hszia j\u00faliusban \u00e9rt\u00e9kes\u00edtette t\u00f6bbs\u00e9gi tulajdon\u00e1t a birminghami klubban, amelynek szurkol\u00f3i aligha k\u00e9pzelt\u00e9k, hogy a K\u00ednai Kommunista P\u00e1rtnak belesz\u00f3l\u00e1sa lesz a 143 \u00e9ves egyes\u00fclet sors\u00e1nak alakul\u00e1s\u00e1ba &#8211; jegyezte meg a tekint\u00e9lyes brit \u00fczleti napilap. A t\u00e1vol-keleti orsz\u00e1gban 2017-ben szigor\u00edtott\u00e1k a k\u00fclf\u00f6ldi befektet\u00e9sekre vonatkoz\u00f3 szab\u00e1lyokat, az\u00f3ta cs\u00f6kkent vagy megsz\u0171nt a k\u00ednai tulajdonr\u00e9sz t\u00f6bbek k\u00f6zt az AC Milanban, az Atl\u00e9tico Madridban, a Slavia Prah\u00e1ban, de m\u00e9g az angol bajnoks\u00e1g negyedik oszt\u00e1ly\u00e1ban szerepl\u0151 Northampton Townban is.<br \/>\n    A t\u0151keki\u00e1raml\u00e1s \u00e9s a sokszor elhamarkodottnak \u00edt\u00e9lt befektet\u00e9sek miatt agg\u00f3d\u00f3 K\u00edn\u00e1ban, a vil\u00e1g m\u00e1sodik legnagyobb gazdas\u00e1g\u00e1ban tavaly augusztusban hoztak a k\u00fclf\u00f6ldi beruh\u00e1z\u00e1sokra vonatkoz\u00f3 \u00faj szab\u00e1lyokat. Az int\u00e9zked\u00e9s nyom\u00e1n a sportklubok, a mozik \u00e9s az ingatlanok korl\u00e1toz\u00e1s al\u00e1 ker\u00fcltek. Bank\u00e1rok szerint elk\u00e9pzelhet\u0151 ugyan, hogy z\u00f6ld jelz\u00e9st kapjanak az ilyen k\u00fclf\u00f6ldi befektet\u00e9sek, de csak akkor, ha rendk\u00edv\u00fcl \u00e9szszer\u0171nek t\u0171nnek. Egy\u00e9bir\u00e1nt a hat\u00f3s\u00e1gok &#8222;er\u0151sen helytelen\u00edtik&#8221; \u0151ket &#8211; \u00edrta a lap, hozz\u00e1t\u00e9ve, hogy tov\u00e1bbi elad\u00e1sokra lehet sz\u00e1m\u00edtani k\u00ednai r\u00e9szr\u0151l.<br \/>\n<div class=\"ads-in-post2\"><script async src=\"https:\/\/pagead2.googlesyndication.com\/pagead\/js\/adsbygoogle.js\"><\/script>\r\n<ins class=\"adsbygoogle\"\r\n     style=\"display:block\"\r\n     data-ad-format=\"fluid\"\r\n     data-ad-layout-key=\"-6t+ed+2i-1n-4w\"\r\n     data-ad-client=\"ca-pub-1959107119989764\"\r\n     data-ad-slot=\"4008251320\"><\/ins>\r\n<script>\r\n     (adsbygoogle = window.adsbygoogle || []).push({});\r\n<\/script><\/div>\n    K\u00ednai befektet\u0151k t\u00f6bb mint 2,5 milli\u00e1rd doll\u00e1ros \u00f6sszeget \u00f6ltek az eur\u00f3pai futballba 2014 \u00e9s 2017 k\u00f6z\u00f6tt, a felsorolt klubok mellett megvett\u00e9k t\u00f6bbek k\u00f6zt az olasz Internazional\u00e9t, de m\u00e1s, kisebb egyes\u00fcleteket is, p\u00e9ld\u00e1ul a francia m\u00e1sodoszt\u00e1lyban. A rohamot csak fokozta, amikor Hszi Csin-ping k\u00ednai eln\u00f6k 2015-ben nagyra sz\u00f3l\u00f3 terveket jelentett be K\u00edna felemelked\u00e9s\u00e9r\u0151l a labdar\u00fag\u00e1s vil\u00e1g\u00e1ban. A k\u00ednai korm\u00e1nyzat azonban hamar r\u00e1j\u00f6tt, hogy a t\u0151keki\u00e1raml\u00e1s nincs haszn\u00e1ra a k\u00ednai futballnak &#8211; id\u00e9zte a Financial Times a pekingi China Sports Insider honlap vezet\u0151j\u00e9t.<br \/>\n    A Pinsent Masons glob\u00e1lis \u00fcgyv\u00e9di iroda egyik sportjog\u00e1sza pedig r\u00e1vil\u00e1g\u00edtott: t\u00f6bb k\u00ednai befektet\u0151nek jelent\u0151s ad\u00f3ss\u00e1gok is a nyak\u00e1ba szakadtak a v\u00e1s\u00e1rl\u00e1ssal, \u00edgy volt ez az Aston Villa \u00e9s az AC Milan eset\u00e9ben is. Li Jong-hong, aki tavaly \u00e1prilisban 740 milli\u00f3 eur\u00f3\u00e9rt vette meg a mil\u00e1n\u00f3i klubot Silvio Berlusconit\u00f3l, \u00e9pp ebben a h\u00f3napban vesztette el az ir\u00e1ny\u00edt\u00e1st felette az Elliot Management amerikai alapkezel\u0151vel szemben, mert nem tudott visszafizetni egy t\u00f6bb mint 300 milli\u00f3 eur\u00f3s k\u00f6lcs\u00f6nt. A Northampton k\u00ednai tulajdonosai mind\u00f6ssze kilenc h\u00f3nap ut\u00e1n adt\u00e1k el a klubot az el\u0151z\u0151 tulajdonosoknak a szigor\u00edt\u00e1sok miatt. Az Atl\u00e9tico Madrid esete kiss\u00e9 elt\u00e9r\u0151: a Wanda csoport n\u00e9mi profittal sz\u00e1llt ki \u00e9s adta el 17 sz\u00e1zal\u00e9kos tulajdonr\u00e9sz\u00e9t febru\u00e1rban.<br \/>\n    Szak\u00e9rt\u0151k felh\u00edvt\u00e1k a figyelmet, hogy 2022-ben Pekingben rendezik a t\u00e9li olimpi\u00e1t, a k\u00ednai befektet\u0151kt\u0151l pedig v\u00e9lhet\u0151en elv\u00e1rj\u00e1k, hogy ink\u00e1bb arra \u00f6sszpontos\u00edts\u00e1k er\u0151forr\u00e1saikat.(MTI)<\/p>\n","protected":false},"excerpt":{"rendered":"<p>Levonulnak a k\u00ednai befektet\u0151k az eur\u00f3pai futballp\u00e1ly\u00e1kr\u00f3l &#8211; \u00edrta keddi sz\u00e1m\u00e1ban a Financial Times, amely az Aston Villa egy r\u00e9sz\u00e9nek elad\u00e1s\u00e1val kapcsolatban k\u00f6z\u00f6lt \u00f6sszes\u00edt\u00e9s\u00e9ben r\u00e1vil\u00e1g\u00edtott: az angol labdar\u00fag\u00f3-bajnoks\u00e1g m\u00e1sodoszt\u00e1ly\u00e1ban szerepl\u0151 egy\u00fcttes tavaly \u00f3ta m\u00e1r az \u00f6t\u00f6dik eur\u00f3pai klub, amelyt\u0151l k\u00ednai tulajdonosai r\u00e9szben vagy teljes eg\u00e9sz\u00e9ben megv\u00e1ltak.<\/p>\n","protected":false},"author":1,"featured_media":0,"comment_status":"closed","ping_status":"open","sticky":false,"template":"","format":"standard","meta":[],"categories":[12,246],"tags":[],"_links":{"self":[{"href":"https:\/\/gazdasagportal.hu\/index.php\/wp-json\/wp\/v2\/posts\/107594"}],"collection":[{"href":"https:\/\/gazdasagportal.hu\/index.php\/wp-json\/wp\/v2\/posts"}],"about":[{"href":"https:\/\/gazdasagportal.hu\/index.php\/wp-json\/wp\/v2\/types\/post"}],"author":[{"embeddable":true,"href":"https:\/\/gazdasagportal.hu\/index.php\/wp-json\/wp\/v2\/users\/1"}],"replies":[{"embeddable":true,"href":"https:\/\/gazdasagportal.hu\/index.php\/wp-json\/wp\/v2\/comments?post=107594"}],"version-history":[{"count":1,"href":"https:\/\/gazdasagportal.hu\/index.php\/wp-json\/wp\/v2\/posts\/107594\/revisions"}],"predecessor-version":[{"id":107595,"href":"https:\/\/gazdasagportal.hu\/index.php\/wp-json\/wp\/v2\/posts\/107594\/revisions\/107595"}],"wp:attachment":[{"href":"https:\/\/gazdasagportal.hu\/index.php\/wp-json\/wp\/v2\/media?parent=107594"}],"wp:term":[{"taxonomy":"category","embeddable":true,"href":"https:\/\/gazdasagportal.hu\/index.php\/wp-json\/wp\/v2\/categories?post=107594"},{"taxonomy":"post_tag","embeddable":true,"href":"https:\/\/gazdasagportal.hu\/index.php\/wp-json\/wp\/v2\/tags?post=107594"}],"curies":[{"name":"wp","href":"https:\/\/api.w.org\/{rel}","templated":true}]}}