{"id":107589,"date":"2018-07-31T15:35:26","date_gmt":"2018-07-31T13:35:26","guid":{"rendered":"http:\/\/gazdasagportal.hu\/?p=107589"},"modified":"2018-07-31T15:35:26","modified_gmt":"2018-07-31T13:35:26","slug":"voros-riasztas-van-ervenyben-tombol-a-hoseg-horvatorszagban-is","status":"publish","type":"post","link":"https:\/\/gazdasagportal.hu\/index.php\/voros-riasztas-van-ervenyben-tombol-a-hoseg-horvatorszagban-is\/","title":{"rendered":"V\u00f6r\u00f6s riaszt\u00e1s van \u00e9rv\u00e9nyben, tombol a h\u0151s\u00e9g Horv\u00e1torsz\u00e1gban is"},"content":{"rendered":"<p><strong>Tombol a h\u0151s\u00e9g Horv\u00e1torsz\u00e1gban. A meteorol\u00f3giai szolg\u00e1lat (DZMH) kedden az Adriai-tengerpartra, Isztri\u00e1t\u00f3l Dubrovnikig v\u00f6r\u00f6s riaszt\u00e1st adott ki, m\u00edg a k\u00f6z\u00e9ps\u0151 r\u00e9szeken egyel\u0151re narancss\u00e1rga \u00e9s s\u00e1rga jelz\u00e9s van \u00e9rv\u00e9nyben.<\/strong><!--more--><\/p>\n<div class=\"ads-in-post1\"><div id=\"gazdasagportal.hu_fullbanner_wideboard\"><\/div>\r\n<\/div>\n<p>    A vesz\u00e9lyess\u00e9gi fokozatok sk\u00e1l\u00e1j\u00e1n a s\u00e1rga a legalacsonyabb szint, ezut\u00e1n k\u00f6vetkezik a narancs, m\u00edg a v\u00f6r\u00f6s jelenti a legvesz\u00e9lyesebb szintet.<br \/>\n    A sz\u00e1razf\u00f6ldi r\u00e9szeken tikkaszt\u00f3 a h\u0151s\u00e9g, 32-33 fokot m\u00e9rtek, a nappali h\u0151m\u00e9rs\u00e9klet el\u00e9rheti a 37-38 fokot is. A tengerparton is nagy a forr\u00f3s\u00e1g. A h\u0151m\u00e9rs\u00e9klet az \u00e9jszakai \u00f3r\u00e1kban sem cs\u00f6kken, a legmagasabb nappali h\u0151m\u00e9rs\u00e9klet 32-37 fok k\u00f6r\u00fcl alakul. Hvar sziget\u00e9n m\u00e1r reggel h\u00e9t \u00f3rakor 30 fokot m\u00e9rtek.<br \/>\n    A meteorol\u00f3giai szolg\u00e1lat h\u00e9tnapos el\u0151rejelz\u00e9se szerint a k\u00e1nikula szerd\u00e1ig marad, majd v\u00e1ltoz\u00e9konny\u00e1 v\u00e1lik az id\u0151j\u00e1r\u00e1s, a h\u00e9t m\u00e1sodik fel\u00e9ben helyenk\u00e9nt r\u00f6vid z\u00e1porok, zivatarok is kialakulhatnak, de a h\u0151s\u00e9g marad, \u00e9s az \u00e9jszak\u00e1k sem h\u0171lnek le.<br \/>\n<div class=\"ads-in-post2\"><script async src=\"https:\/\/pagead2.googlesyndication.com\/pagead\/js\/adsbygoogle.js\"><\/script>\r\n<ins class=\"adsbygoogle\"\r\n     style=\"display:block\"\r\n     data-ad-format=\"fluid\"\r\n     data-ad-layout-key=\"-6t+ed+2i-1n-4w\"\r\n     data-ad-client=\"ca-pub-1959107119989764\"\r\n     data-ad-slot=\"4008251320\"><\/ins>\r\n<script>\r\n     (adsbygoogle = window.adsbygoogle || []).push({});\r\n<\/script><\/div>\n    A szakemberek azt tan\u00e1csolj\u00e1k, hogy az emberek igyanak sok folyad\u00e9kot, a strandol\u00f3k h\u00faz\u00f3djanak \u00e1rny\u00e9kba a d\u00e9li \u00f3r\u00e1kban, \u00e9s lehet\u0151leg &#8211; f\u0151leg az id\u0151sek \u00e9s a betegek &#8211; maradjanak ink\u00e1bb otthon, tart\u00f3zkodjanak els\u00f6t\u00e9t\u00edtett, h\u0171v\u00f6s t\u00e9rben.<br \/>\n    Horv\u00e1torsz\u00e1gban eddig 1981. augusztus 4-\u00e9n m\u00e9rt\u00e9k a legmagasabb h\u0151m\u00e9rs\u00e9kletet a Dubrovnik \u00e9s Split k\u00f6z\u00f6tti Ploce v\u00e1ros\u00e1ban, 42,8 fokot \u00e1rny\u00e9kban.<br \/>\n    A fokozott t\u0171zvesz\u00e9ly miatt tilos t\u00fczet rakni olyan ter\u00fcleteken, ahol az tov\u00e1bb terjedhet. A t\u00fczet okoz\u00f3k 15 ezert\u0151l 150 ezer kun\u00e1ig (640 ezer forintt\u00f3l 6,4 milli\u00f3 forintig) terjed\u0151 p\u00e9nzb\u00edrs\u00e1gra b\u00fcntethet\u0151k, vagy 60 nap elz\u00e1r\u00e1st kaphatnak.(MTI)<\/p>\n","protected":false},"excerpt":{"rendered":"<p>Tombol a h\u0151s\u00e9g Horv\u00e1torsz\u00e1gban. A meteorol\u00f3giai szolg\u00e1lat (DZMH) kedden az Adriai-tengerpartra, Isztri\u00e1t\u00f3l Dubrovnikig v\u00f6r\u00f6s riaszt\u00e1st adott ki, m\u00edg a k\u00f6z\u00e9ps\u0151 r\u00e9szeken egyel\u0151re narancss\u00e1rga \u00e9s s\u00e1rga jelz\u00e9s van \u00e9rv\u00e9nyben.<\/p>\n","protected":false},"author":1,"featured_media":0,"comment_status":"closed","ping_status":"open","sticky":false,"template":"","format":"standard","meta":[],"categories":[12],"tags":[],"_links":{"self":[{"href":"https:\/\/gazdasagportal.hu\/index.php\/wp-json\/wp\/v2\/posts\/107589"}],"collection":[{"href":"https:\/\/gazdasagportal.hu\/index.php\/wp-json\/wp\/v2\/posts"}],"about":[{"href":"https:\/\/gazdasagportal.hu\/index.php\/wp-json\/wp\/v2\/types\/post"}],"author":[{"embeddable":true,"href":"https:\/\/gazdasagportal.hu\/index.php\/wp-json\/wp\/v2\/users\/1"}],"replies":[{"embeddable":true,"href":"https:\/\/gazdasagportal.hu\/index.php\/wp-json\/wp\/v2\/comments?post=107589"}],"version-history":[{"count":1,"href":"https:\/\/gazdasagportal.hu\/index.php\/wp-json\/wp\/v2\/posts\/107589\/revisions"}],"predecessor-version":[{"id":107590,"href":"https:\/\/gazdasagportal.hu\/index.php\/wp-json\/wp\/v2\/posts\/107589\/revisions\/107590"}],"wp:attachment":[{"href":"https:\/\/gazdasagportal.hu\/index.php\/wp-json\/wp\/v2\/media?parent=107589"}],"wp:term":[{"taxonomy":"category","embeddable":true,"href":"https:\/\/gazdasagportal.hu\/index.php\/wp-json\/wp\/v2\/categories?post=107589"},{"taxonomy":"post_tag","embeddable":true,"href":"https:\/\/gazdasagportal.hu\/index.php\/wp-json\/wp\/v2\/tags?post=107589"}],"curies":[{"name":"wp","href":"https:\/\/api.w.org\/{rel}","templated":true}]}}