{"id":107586,"date":"2018-07-31T11:00:43","date_gmt":"2018-07-31T09:00:43","guid":{"rendered":"http:\/\/gazdasagportal.hu\/?p=107586"},"modified":"2018-07-31T10:01:18","modified_gmt":"2018-07-31T08:01:18","slug":"tizmilliardokat-hozhat-az-allamkasszanak-az-online-szamlazas","status":"publish","type":"post","link":"https:\/\/gazdasagportal.hu\/index.php\/tizmilliardokat-hozhat-az-allamkasszanak-az-online-szamlazas\/","title":{"rendered":"T\u00edzmilli\u00e1rdokat hozhat az \u00e1llamkassz\u00e1nak az online sz\u00e1ml\u00e1z\u00e1s"},"content":{"rendered":"<p><strong>T\u00edzmilli\u00e1rdokkal n\u0151het az \u00e1llam bev\u00e9tele a szerd\u00e1t\u00f3l \u00e9lesed\u0151 online sz\u00e1ml\u00e1z\u00e1si rendszer r\u00e9v\u00e9n, a feketegazdas\u00e1g elleni \u00fajabb eszk\u00f6zzel az \u00e1facsal\u00e1s lehet\u0151s\u00e9ge a minim\u00e1lisra cs\u00f6kken, \u00e9s tov\u00e1bb cs\u00f6kkenhet az ad\u00f3elker\u00fcl\u0151k sz\u00e1ma &#8211; mondta a Magyar Id\u0151knek T\u00e1llai Andr\u00e1s, aki szerint a pluszp\u00e9nz a k\u00e9s\u0151bbi ad\u00f3cs\u00f6kkent\u00e9sek fedezete is lehet.<\/strong><!--more--><\/p>\n<div class=\"ads-in-post1\"><div id=\"gazdasagportal.hu_fullbanner_wideboard\"><\/div>\r\n<\/div>\n<p>    A P\u00e9nz\u00fcgyminiszt\u00e9rium parlamenti \u00e1llamtitk\u00e1ra a lap keddi sz\u00e1m\u00e1ban megjelent interj\u00faban eml\u00e9keztetett, hogy a rendszer j\u00falius elsej\u00e9n indult, augusztus elsej\u00e9n pedig lej\u00e1r az egy h\u00f3napos t\u00fcrelmi id\u0151szak, amely alatt a hivatal nem szab ki b\u00edrs\u00e1got az online sz\u00e1mlaadat-szolg\u00e1ltat\u00e1s elmulaszt\u00e1sa, vagy k\u00e9s\u00e9se miatt.<br \/>\n    Ismertette, hogy j\u00falius 30-ig negyedmilli\u00f3 v\u00e1llalkoz\u00e1s regisztr\u00e1lt a rendszerben, \u00e9s m\u00e1r t\u00f6bb mint \u00f6t \u00e9s f\u00e9l milli\u00f3 sz\u00e1mla \u00e9rkezett a rendszeren kereszt\u00fcl.<br \/>\n<div class=\"ads-in-post2\"><script async src=\"https:\/\/pagead2.googlesyndication.com\/pagead\/js\/adsbygoogle.js\"><\/script>\r\n<ins class=\"adsbygoogle\"\r\n     style=\"display:block\"\r\n     data-ad-format=\"fluid\"\r\n     data-ad-layout-key=\"-6t+ed+2i-1n-4w\"\r\n     data-ad-client=\"ca-pub-1959107119989764\"\r\n     data-ad-slot=\"4008251320\"><\/ins>\r\n<script>\r\n     (adsbygoogle = window.adsbygoogle || []).push({});\r\n<\/script><\/div>\n    T\u00e1llai Andr\u00e1s kiemelte: az \u00e9vek \u00f3ta m\u0171k\u00f6d\u0151 online p\u00e9nzt\u00e1rg\u00e9pek, valamint a k\u00f6z\u00fati \u00e1ruforgalmat ellen\u0151rz\u0151 rendszer, az ek\u00e1er m\u00e1r eddig is t\u00f6bb sz\u00e1z milli\u00e1rd forint t\u00f6bbletbev\u00e9telt hozott az \u00e1llamkassz\u00e1nak, ezek a befizet\u00e9sek azokt\u00f3l a gazdas\u00e1gi szerepl\u0151kt\u0151l sz\u00e1rmaztak, amelyek kor\u00e1bban legal\u00e1bb r\u00e9szben kih\u00fazt\u00e1k magukat a k\u00f6ztehervisel\u00e9s al\u00f3l. Hozz\u00e1tette: azt rem\u00e9lik, hogy az online sz\u00e1ml\u00e1z\u00e1s bevezet\u00e9s\u00e9vel tov\u00e1bb zsugorodik a feketegazdas\u00e1g, \u00e9s \u00fajabb, t\u00edz-, ak\u00e1r sz\u00e1zmilli\u00e1rdokban m\u00e9rhet\u0151 pluszbev\u00e9telek \u00e9rkezhetnek az eddigi sz\u00fcrkez\u00f3n\u00e1ban m\u0171k\u00f6d\u0151kt\u0151l &#8211; olvashat\u00f3 a Magyar Id\u0151kben.(MTI)<\/p>\n","protected":false},"excerpt":{"rendered":"<p>T\u00edzmilli\u00e1rdokkal n\u0151het az \u00e1llam bev\u00e9tele a szerd\u00e1t\u00f3l \u00e9lesed\u0151 online sz\u00e1ml\u00e1z\u00e1si rendszer r\u00e9v\u00e9n, a feketegazdas\u00e1g elleni \u00fajabb eszk\u00f6zzel az \u00e1facsal\u00e1s lehet\u0151s\u00e9ge a minim\u00e1lisra cs\u00f6kken, \u00e9s tov\u00e1bb cs\u00f6kkenhet az ad\u00f3elker\u00fcl\u0151k sz\u00e1ma &#8211; mondta a Magyar Id\u0151knek T\u00e1llai Andr\u00e1s, aki szerint a pluszp\u00e9nz a k\u00e9s\u0151bbi ad\u00f3cs\u00f6kkent\u00e9sek fedezete is lehet.<\/p>\n","protected":false},"author":1,"featured_media":0,"comment_status":"closed","ping_status":"open","sticky":false,"template":"","format":"standard","meta":[],"categories":[4,19],"tags":[],"_links":{"self":[{"href":"https:\/\/gazdasagportal.hu\/index.php\/wp-json\/wp\/v2\/posts\/107586"}],"collection":[{"href":"https:\/\/gazdasagportal.hu\/index.php\/wp-json\/wp\/v2\/posts"}],"about":[{"href":"https:\/\/gazdasagportal.hu\/index.php\/wp-json\/wp\/v2\/types\/post"}],"author":[{"embeddable":true,"href":"https:\/\/gazdasagportal.hu\/index.php\/wp-json\/wp\/v2\/users\/1"}],"replies":[{"embeddable":true,"href":"https:\/\/gazdasagportal.hu\/index.php\/wp-json\/wp\/v2\/comments?post=107586"}],"version-history":[{"count":1,"href":"https:\/\/gazdasagportal.hu\/index.php\/wp-json\/wp\/v2\/posts\/107586\/revisions"}],"predecessor-version":[{"id":107587,"href":"https:\/\/gazdasagportal.hu\/index.php\/wp-json\/wp\/v2\/posts\/107586\/revisions\/107587"}],"wp:attachment":[{"href":"https:\/\/gazdasagportal.hu\/index.php\/wp-json\/wp\/v2\/media?parent=107586"}],"wp:term":[{"taxonomy":"category","embeddable":true,"href":"https:\/\/gazdasagportal.hu\/index.php\/wp-json\/wp\/v2\/categories?post=107586"},{"taxonomy":"post_tag","embeddable":true,"href":"https:\/\/gazdasagportal.hu\/index.php\/wp-json\/wp\/v2\/tags?post=107586"}],"curies":[{"name":"wp","href":"https:\/\/api.w.org\/{rel}","templated":true}]}}