{"id":107448,"date":"2018-07-27T11:09:47","date_gmt":"2018-07-27T09:09:47","guid":{"rendered":"http:\/\/gazdasagportal.hu\/?p=107448"},"modified":"2018-07-27T11:09:47","modified_gmt":"2018-07-27T09:09:47","slug":"izrael-ujabb-lakasepitesekkel-valaszol-a-telepesek-elleni-keseleses-merenyletre","status":"publish","type":"post","link":"https:\/\/gazdasagportal.hu\/index.php\/izrael-ujabb-lakasepitesekkel-valaszol-a-telepesek-elleni-keseleses-merenyletre\/","title":{"rendered":"Izrael \u00fajabb lak\u00e1s\u00e9p\u00edt\u00e9sekkel v\u00e1laszol a telepesek elleni k\u00e9sel\u00e9ses mer\u00e9nyletre"},"content":{"rendered":"<p><strong>Izrael \u00fajabb telepeslak\u00e1sok \u00e9p\u00edt\u00e9s\u00e9vel v\u00e1laszol a cs\u00fct\u00f6rt\u00f6k esti mer\u00e9nyletre, amelyben egy tizenh\u00e9t \u00e9ves palesztin k\u00e9sel\u0151 megsebes\u00edtett h\u00e1rom izraeli telepest, egyik\u00fcket hal\u00e1losan &#8211; jelentette a Jedi\u00f3t Ahron\u00f3t c\u00edm\u0171 \u00fajs\u00e1g honlapja, a ynet p\u00e9nteken.<\/strong><!--more--><\/p>\n<div class=\"ads-in-post1\"><div id=\"gazdasagportal.hu_fullbanner_wideboard\"><\/div>\r\n<\/div>\n<p>    &#8222;A telepek fejleszt\u00e9se J\u00fade\u00e1ban \u00e9s Szam\u00e1ri\u00e1ban (Ciszjord\u00e1ni\u00e1ban) a legjobb v\u00e1lasz a terrorra, ez\u00e9rt reggel utas\u00edt\u00e1st adtam r\u00e1, hogy m\u00e1r a k\u00f6zeli hetekben enged\u00e9lyezz\u00e9k n\u00e9gysz\u00e1z \u00faj telepeslak\u00e1s tervez\u00e9s\u00e9t Adam telepes faluban&#8221; &#8211; \u00edrta Avigdor Liberman v\u00e9delmi miniszter p\u00e9ntek reggeli Twitter-\u00fczenet\u00e9ben.     Cs\u00fct\u00f6rt\u00f6k este Mohamed Tarek Juszef palesztin tizen\u00e9ves a ker\u00edt\u00e9sen \u00e1tm\u00e1szva behatolt a ciszjord\u00e1niai Adam telepre, ahol megk\u00e9selt h\u00e1rom izraelit. Az egyik sebes\u00fclt lel\u0151tte a t\u00e1mad\u00f3t. P\u00e9ntekre virrad\u00f3ra belehalt sebes\u00fcl\u00e9seibe az egyik \u00e1ldozat, egy k\u00e9tgyerekes, harmincegy \u00e9ves \u00e9desapa.<br \/>\n<div class=\"ads-in-post2\"><script async src=\"https:\/\/pagead2.googlesyndication.com\/pagead\/js\/adsbygoogle.js\"><\/script>\r\n<ins class=\"adsbygoogle\"\r\n     style=\"display:block\"\r\n     data-ad-format=\"fluid\"\r\n     data-ad-layout-key=\"-6t+ed+2i-1n-4w\"\r\n     data-ad-client=\"ca-pub-1959107119989764\"\r\n     data-ad-slot=\"4008251320\"><\/ins>\r\n<script>\r\n     (adsbygoogle = window.adsbygoogle || []).push({});\r\n<\/script><\/div>\n    A mer\u00e9nylet ut\u00e1n az izraeli hadsereg \u00e1tf\u00e9s\u00fclte a Kobar nev\u0171 palesztin falut, a t\u00e1mad\u00f3 lak\u00f3hely\u00e9t, \u00e9s el\u0151\u00e1ll\u00edtottak kihallgat\u00e1sra n\u00e9gy embert.     A G\u00e1zai \u00f6vezetet ural\u00f3 radik\u00e1lis iszlamista Ham\u00e1sz \u00fcdv\u00f6z\u00f6lte a mer\u00e9nyletet, de nem v\u00e1llalt felel\u0151ss\u00e9get \u00e9rte.     Legut\u00f3bb \u00e1prilisban t\u00f6rt\u00e9nt terrorakci\u00f3 Ciszjord\u00e1ni\u00e1ban, akkor Ma\u00e1le Adumim telepesv\u00e1rosn\u00e1l egy benzink\u00fatn\u00e1l pr\u00f3b\u00e1lt megk\u00e9selni egy palesztin f\u00e9rfi egy izraelit.(MTI)<\/p>\n","protected":false},"excerpt":{"rendered":"<p>Izrael \u00fajabb telepeslak\u00e1sok \u00e9p\u00edt\u00e9s\u00e9vel v\u00e1laszol a cs\u00fct\u00f6rt\u00f6k esti mer\u00e9nyletre, amelyben egy tizenh\u00e9t \u00e9ves palesztin k\u00e9sel\u0151 megsebes\u00edtett h\u00e1rom izraeli telepest, egyik\u00fcket hal\u00e1losan &#8211; jelentette a Jedi\u00f3t Ahron\u00f3t c\u00edm\u0171 \u00fajs\u00e1g honlapja, a ynet p\u00e9nteken.<\/p>\n","protected":false},"author":1,"featured_media":0,"comment_status":"closed","ping_status":"open","sticky":false,"template":"","format":"standard","meta":[],"categories":[16],"tags":[],"_links":{"self":[{"href":"https:\/\/gazdasagportal.hu\/index.php\/wp-json\/wp\/v2\/posts\/107448"}],"collection":[{"href":"https:\/\/gazdasagportal.hu\/index.php\/wp-json\/wp\/v2\/posts"}],"about":[{"href":"https:\/\/gazdasagportal.hu\/index.php\/wp-json\/wp\/v2\/types\/post"}],"author":[{"embeddable":true,"href":"https:\/\/gazdasagportal.hu\/index.php\/wp-json\/wp\/v2\/users\/1"}],"replies":[{"embeddable":true,"href":"https:\/\/gazdasagportal.hu\/index.php\/wp-json\/wp\/v2\/comments?post=107448"}],"version-history":[{"count":1,"href":"https:\/\/gazdasagportal.hu\/index.php\/wp-json\/wp\/v2\/posts\/107448\/revisions"}],"predecessor-version":[{"id":107449,"href":"https:\/\/gazdasagportal.hu\/index.php\/wp-json\/wp\/v2\/posts\/107448\/revisions\/107449"}],"wp:attachment":[{"href":"https:\/\/gazdasagportal.hu\/index.php\/wp-json\/wp\/v2\/media?parent=107448"}],"wp:term":[{"taxonomy":"category","embeddable":true,"href":"https:\/\/gazdasagportal.hu\/index.php\/wp-json\/wp\/v2\/categories?post=107448"},{"taxonomy":"post_tag","embeddable":true,"href":"https:\/\/gazdasagportal.hu\/index.php\/wp-json\/wp\/v2\/tags?post=107448"}],"curies":[{"name":"wp","href":"https:\/\/api.w.org\/{rel}","templated":true}]}}