{"id":107446,"date":"2018-07-27T10:51:57","date_gmt":"2018-07-27T08:51:57","guid":{"rendered":"http:\/\/gazdasagportal.hu\/?p=107446"},"modified":"2018-07-27T10:51:57","modified_gmt":"2018-07-27T08:51:57","slug":"ujabb-melypontra-esett-a-munkanelkuliseg-a-masodik-negyedevben","status":"publish","type":"post","link":"https:\/\/gazdasagportal.hu\/index.php\/ujabb-melypontra-esett-a-munkanelkuliseg-a-masodik-negyedevben\/","title":{"rendered":"\u00dajabb m\u00e9lypontra esett a munkan\u00e9lk\u00fclis\u00e9g a m\u00e1sodik negyed\u00e9vben"},"content":{"rendered":"<p><strong>Az \u00e1prilis-j\u00faniusi id\u0151szakban, azaz a m\u00e1sodik negyed\u00e9vben, \u00fajabb m\u00e9lypontra, 3,6 sz\u00e1zal\u00e9kosra esett a munkan\u00e9lk\u00fclis\u00e9gi r\u00e1ta, amely egy \u00e9v alatt 0,7 sz\u00e1zal\u00e9kponttal cs\u00f6kkent. A munkan\u00e9lk\u00fcliek \u00e1tlagos l\u00e9tsz\u00e1ma az egy \u00e9vvel kor\u00e1bbihoz k\u00e9pest 31 ezerrel, 165 ezerre apadt &#8211; jelentette p\u00e9nteken a K\u00f6zponti Statisztikai Hivatal (KSH). Az el\u0151z\u0151 3 h\u00f3napos id\u0151szakkal, m\u00e1rcius-m\u00e1jussal \u00f6sszevetve 0,1 sz\u00e1zal\u00e9kponttal cs\u00f6kkent a munkan\u00e9lk\u00fcliek ar\u00e1nya.\u00a0<\/strong><!--more--><\/p>\n<div class=\"ads-in-post1\"><div id=\"gazdasagportal.hu_fullbanner_wideboard\"><\/div>\r\n<\/div>\n<p>A 15-24 \u00e9vesek munkan\u00e9lk\u00fclis\u00e9gi r\u00e1t\u00e1ja 1,5 sz\u00e1zal\u00e9kponttal, 9,5 sz\u00e1zal\u00e9kra cs\u00f6kkent, de a munkan\u00e9lk\u00fcliek mintegy \u00f6t\u00f6de ebb\u0151l a korcsoportb\u00f3l ker\u00fclt ki. A 25-54 \u00e9ves legjobb munkav\u00e1llal\u00e1si kor\u00faak munkan\u00e9lk\u00fclis\u00e9gi r\u00e1t\u00e1ja 0,4 sz\u00e1zal\u00e9kponttal, 3,3 sz\u00e1zal\u00e9kra, az 55-74 \u00e9ves id\u0151sek\u00e9 1,5 sz\u00e1zal\u00e9kponttal, 2,1 sz\u00e1zal\u00e9kra m\u00e9rs\u00e9kl\u0151d\u00f6tt.<br \/>\nA 15-74 \u00e9ves f\u00e9rfiak k\u00f6r\u00e9ben a munkan\u00e9lk\u00fcliek sz\u00e1ma 12 ezerrel, 88 ezerre, munkan\u00e9lk\u00fclis\u00e9gi r\u00e1t\u00e1juk pedig 0,5 sz\u00e1zal\u00e9kponttal, 3,5 sz\u00e1zal\u00e9kra m\u00e9rs\u00e9kl\u0151d\u00f6tt. A munkan\u00e9lk\u00fcli n\u0151k sz\u00e1ma 19 ezerrel, 77 ezerre, a munkan\u00e9lk\u00fclis\u00e9gi r\u00e1ta pedig 0,9 sz\u00e1zal\u00e9kponttal, 3,7 sz\u00e1zal\u00e9kra cs\u00f6kkent.<br \/>\n<div class=\"ads-in-post2\"><script async src=\"https:\/\/pagead2.googlesyndication.com\/pagead\/js\/adsbygoogle.js\"><\/script>\r\n<ins class=\"adsbygoogle\"\r\n     style=\"display:block\"\r\n     data-ad-format=\"fluid\"\r\n     data-ad-layout-key=\"-6t+ed+2i-1n-4w\"\r\n     data-ad-client=\"ca-pub-1959107119989764\"\r\n     data-ad-slot=\"4008251320\"><\/ins>\r\n<script>\r\n     (adsbygoogle = window.adsbygoogle || []).push({});\r\n<\/script><\/div>\nA munkan\u00e9lk\u00fclis\u00e9gi r\u00e1ta \u00c9szak-Alf\u00f6ld\u00f6n volt a legmagasabb, 6,4 sz\u00e1zal\u00e9kos, m\u00edg Nyugat-Dun\u00e1nt\u00falon a legalacsonyabb 1,6 sz\u00e1zal\u00e9kos.<br \/>\nA Nemzeti Foglalkoztat\u00e1si Szolg\u00e1lat adminisztrat\u00edv adatai szerint (<a title=\"Hely megnyit\u00e1sa\" href=\"https:\/\/nfsz.munka.hu\/\" target=\"_blank\" rel=\"noopener noreferrer\">https:\/\/nfsz.munka.hu\/<\/a>) a nyilv\u00e1ntartott \u00e1ll\u00e1skeres\u0151k l\u00e9tsz\u00e1ma 14 sz\u00e1zal\u00e9kkal, 241 ezer f\u0151re cs\u00f6kkent.<br \/>\n(MTI)<br \/>\n&nbsp;<\/p>\n","protected":false},"excerpt":{"rendered":"<p>Az \u00e1prilis-j\u00faniusi id\u0151szakban, azaz a m\u00e1sodik negyed\u00e9vben, \u00fajabb m\u00e9lypontra, 3,6 sz\u00e1zal\u00e9kosra esett a munkan\u00e9lk\u00fclis\u00e9gi r\u00e1ta, amely egy \u00e9v alatt 0,7 sz\u00e1zal\u00e9kponttal cs\u00f6kkent. A munkan\u00e9lk\u00fcliek \u00e1tlagos l\u00e9tsz\u00e1ma az egy \u00e9vvel kor\u00e1bbihoz k\u00e9pest 31 ezerrel, 165 ezerre apadt &#8211; jelentette p\u00e9nteken a K\u00f6zponti Statisztikai Hivatal (KSH). Az el\u0151z\u0151 3 h\u00f3napos id\u0151szakkal, m\u00e1rcius-m\u00e1jussal \u00f6sszevetve 0,1 sz\u00e1zal\u00e9kponttal cs\u00f6kkent a &#8230;<\/p>\n","protected":false},"author":1,"featured_media":0,"comment_status":"closed","ping_status":"open","sticky":false,"template":"","format":"standard","meta":[],"categories":[19],"tags":[],"_links":{"self":[{"href":"https:\/\/gazdasagportal.hu\/index.php\/wp-json\/wp\/v2\/posts\/107446"}],"collection":[{"href":"https:\/\/gazdasagportal.hu\/index.php\/wp-json\/wp\/v2\/posts"}],"about":[{"href":"https:\/\/gazdasagportal.hu\/index.php\/wp-json\/wp\/v2\/types\/post"}],"author":[{"embeddable":true,"href":"https:\/\/gazdasagportal.hu\/index.php\/wp-json\/wp\/v2\/users\/1"}],"replies":[{"embeddable":true,"href":"https:\/\/gazdasagportal.hu\/index.php\/wp-json\/wp\/v2\/comments?post=107446"}],"version-history":[{"count":1,"href":"https:\/\/gazdasagportal.hu\/index.php\/wp-json\/wp\/v2\/posts\/107446\/revisions"}],"predecessor-version":[{"id":107447,"href":"https:\/\/gazdasagportal.hu\/index.php\/wp-json\/wp\/v2\/posts\/107446\/revisions\/107447"}],"wp:attachment":[{"href":"https:\/\/gazdasagportal.hu\/index.php\/wp-json\/wp\/v2\/media?parent=107446"}],"wp:term":[{"taxonomy":"category","embeddable":true,"href":"https:\/\/gazdasagportal.hu\/index.php\/wp-json\/wp\/v2\/categories?post=107446"},{"taxonomy":"post_tag","embeddable":true,"href":"https:\/\/gazdasagportal.hu\/index.php\/wp-json\/wp\/v2\/tags?post=107446"}],"curies":[{"name":"wp","href":"https:\/\/api.w.org\/{rel}","templated":true}]}}