{"id":107419,"date":"2018-07-26T12:08:01","date_gmt":"2018-07-26T10:08:01","guid":{"rendered":"http:\/\/gazdasagportal.hu\/?p=107419"},"modified":"2018-07-26T12:08:01","modified_gmt":"2018-07-26T10:08:01","slug":"otp-ingatlanpont-a-csok-emelese-jotekonyan-hat-majd-a-kistelepulesek-ingatlanpiacara","status":"publish","type":"post","link":"https:\/\/gazdasagportal.hu\/index.php\/otp-ingatlanpont-a-csok-emelese-jotekonyan-hat-majd-a-kistelepulesek-ingatlanpiacara\/","title":{"rendered":"OTP Ingatlanpont: a csok emel\u00e9se j\u00f3t\u00e9konyan hat majd a kistelep\u00fcl\u00e9sek ingatlanpiac\u00e1ra"},"content":{"rendered":"<p><strong>\u00c9l\u00e9nk\u00fclhet a kistelep\u00fcl\u00e9sek ingatlanpiaca az\u00e1ltal, hogy a korm\u00e1ny megemeli a csal\u00e1di otthonteremt\u00e9si kedvezm\u00e9ny (csok) \u00f6sszeg\u00e9t az \u00f6tezer f\u0151 alatti telep\u00fcl\u00e9sen \u00e9p\u00edtkez\u0151, vagy haszn\u00e1lt ingatlant v\u00e1s\u00e1rl\u00f3 csal\u00e1dokn\u00e1l &#8211; k\u00f6z\u00f6lte az MTI-vel az OTP Ingatlanpont cs\u00fct\u00f6rt\u00f6k\u00f6n. <\/strong><!--more--><\/p>\n<div class=\"ads-in-post1\"><div id=\"gazdasagportal.hu_fullbanner_wideboard\"><\/div>\r\n<\/div>\n<p>    A k\u00f6zlem\u00e9nyben kiemelik: az \u00f6tezer lakos alatti telep\u00fcl\u00e9sek teszik ki a magyarorsz\u00e1gi telep\u00fcl\u00e9sek 90 sz\u00e1zal\u00e9k\u00e1t.<br \/>\n    Az OTP Ingatlanpont szerint a k\u00f6zs\u00e9gek d\u00f6nt\u0151 t\u00f6bbs\u00e9ge ingatlanpiaci szempontb\u00f3l egyel\u0151re feh\u00e9r folt. Jelenleg nagyj\u00e1b\u00f3l 200 olyan telep\u00fcl\u00e9s van az orsz\u00e1gban, ahol az elm\u00falt \u00e9vben egy\u00e1ltal\u00e1n nem adtak-vettek h\u00e1zat, ingatlant, \u00e9s tov\u00e1bbi 4-500 faluban legfeljebb 1-2 tranzakci\u00f3t regisztr\u00e1ltak &#8211; emelt\u00e9k ki.<br \/>\n    R\u00e1mutattak: becsl\u00e9sek szerint orsz\u00e1gszerte 560 ezer lak\u00e1s, h\u00e1z \u00e1ll \u00fcresen; az ezer f\u0151n\u00e9l kisebb tele\u00fcl\u00e9seken az ingatlanok 23 sz\u00e1zal\u00e9ka lakatlan.<br \/>\n<div class=\"ads-in-post2\"><script async src=\"https:\/\/pagead2.googlesyndication.com\/pagead\/js\/adsbygoogle.js\"><\/script>\r\n<ins class=\"adsbygoogle\"\r\n     style=\"display:block\"\r\n     data-ad-format=\"fluid\"\r\n     data-ad-layout-key=\"-6t+ed+2i-1n-4w\"\r\n     data-ad-client=\"ca-pub-1959107119989764\"\r\n     data-ad-slot=\"4008251320\"><\/ins>\r\n<script>\r\n     (adsbygoogle = window.adsbygoogle || []).push({});\r\n<\/script><\/div>\n    M\u00edg p\u00e9ld\u00e1ul a nagyv\u00e1rosokban \u00e1tlagosan 15, a kisebb v\u00e1rosokban 8 sz\u00e1zal\u00e9kos \u00e1rn\u00f6veked\u00e9s t\u00f6rt\u00e9nt tavaly, a k\u00f6zs\u00e9gi jog\u00e1ll\u00e1s\u00fa telep\u00fcl\u00e9seken \u00f6sszess\u00e9g\u00e9ben csup\u00e1n 1 sz\u00e1zal\u00e9kos volt a dr\u00e1gul\u00e1s 2017-ben &#8211; h\u00edvt\u00e1k fel a figyelmet utalva arra, hogy ez a k\u00fcl\u00f6nbs\u00e9g sok \u00e9ve megfigyelhet\u0151 m\u00e1r.<br \/>\n    Valk\u00f3 D\u00e1vid, az OTP Ingatlanpont vezet\u0151 elemz\u0151je a k\u00f6zlem\u00e9ny szerint elmondta: ha a korm\u00e1ny megn\u00f6veli a csok-ot az \u00f6tezer f\u0151 alatti telep\u00fcl\u00e9seken, m\u00e9g az is elk\u00e9pzelhet\u0151, hogy a j\u00f6v\u0151ben \u00f6nr\u00e9sz n\u00e9lk\u00fcl lehet majd lak\u00f3ingatlanhoz jutni az \u00e9rintett telep\u00fcl\u00e9sek egy r\u00e9sz\u00e9n.<br \/>\n    Haszn\u00e1lt lak\u00e1s eset\u00e9n az egygyermekes csal\u00e1d 600 ezer forintra, a k\u00e9tgyermekes csal\u00e1d 1,43 milli\u00f3 forintra, a h\u00e1romgyermekes csal\u00e1d 2,2 milli\u00f3 forintra, m\u00edg a n\u00e9gygyermekes csal\u00e1d m\u00e1r 2,75 milli\u00f3 forint csok-ra sz\u00e1m\u00edthat &#8211; eml\u00e9keztettek a k\u00f6zlem\u00e9nyben.<br \/>\n    Guly\u00e1s Gergely Minisztereln\u00f6ks\u00e9get vezet\u0151 miniszter kedden jelentette be a Magyar falvak program indul\u00e1s\u00e1t, amelynek keret\u00e9ben n\u0151ni fog a csok \u00f6sszege az \u00f6tezer lakos\u00fan\u00e1l kisebb telep\u00fcl\u00e9seken. Guly\u00e1s Gergely hangs\u00falyozta: a kabinet c\u00e9lja, hogy a falusi l\u00e9tforma n\u00e9pszer\u0171v\u00e9 v\u00e1ljon, \u00e9s ne j\u00e1rjon az \u00e9letsz\u00ednvonal cs\u00f6kken\u00e9s\u00e9vel az, ha valaki vid\u00e9kre k\u00f6lt\u00f6zik. A program\u00e9rt a Minisztereln\u00f6ks\u00e9gen korm\u00e1nybiztosk\u00e9nt dolgoz\u00f3 Gyop\u00e1ros Alp\u00e1r felel, az els\u0151 p\u00e1ly\u00e1zatokat v\u00e1rhat\u00f3an j\u00f6v\u0151 \u00e9v elej\u00e9n \u00edrj\u00e1k ki.<br \/>\n(MTI)<\/p>\n","protected":false},"excerpt":{"rendered":"<p>\u00c9l\u00e9nk\u00fclhet a kistelep\u00fcl\u00e9sek ingatlanpiaca az\u00e1ltal, hogy a korm\u00e1ny megemeli a csal\u00e1di otthonteremt\u00e9si kedvezm\u00e9ny (csok) \u00f6sszeg\u00e9t az \u00f6tezer f\u0151 alatti telep\u00fcl\u00e9sen \u00e9p\u00edtkez\u0151, vagy haszn\u00e1lt ingatlant v\u00e1s\u00e1rl\u00f3 csal\u00e1dokn\u00e1l &#8211; k\u00f6z\u00f6lte az MTI-vel az OTP Ingatlanpont cs\u00fct\u00f6rt\u00f6k\u00f6n.<\/p>\n","protected":false},"author":1,"featured_media":0,"comment_status":"closed","ping_status":"open","sticky":false,"template":"","format":"standard","meta":[],"categories":[4,19],"tags":[],"_links":{"self":[{"href":"https:\/\/gazdasagportal.hu\/index.php\/wp-json\/wp\/v2\/posts\/107419"}],"collection":[{"href":"https:\/\/gazdasagportal.hu\/index.php\/wp-json\/wp\/v2\/posts"}],"about":[{"href":"https:\/\/gazdasagportal.hu\/index.php\/wp-json\/wp\/v2\/types\/post"}],"author":[{"embeddable":true,"href":"https:\/\/gazdasagportal.hu\/index.php\/wp-json\/wp\/v2\/users\/1"}],"replies":[{"embeddable":true,"href":"https:\/\/gazdasagportal.hu\/index.php\/wp-json\/wp\/v2\/comments?post=107419"}],"version-history":[{"count":1,"href":"https:\/\/gazdasagportal.hu\/index.php\/wp-json\/wp\/v2\/posts\/107419\/revisions"}],"predecessor-version":[{"id":107420,"href":"https:\/\/gazdasagportal.hu\/index.php\/wp-json\/wp\/v2\/posts\/107419\/revisions\/107420"}],"wp:attachment":[{"href":"https:\/\/gazdasagportal.hu\/index.php\/wp-json\/wp\/v2\/media?parent=107419"}],"wp:term":[{"taxonomy":"category","embeddable":true,"href":"https:\/\/gazdasagportal.hu\/index.php\/wp-json\/wp\/v2\/categories?post=107419"},{"taxonomy":"post_tag","embeddable":true,"href":"https:\/\/gazdasagportal.hu\/index.php\/wp-json\/wp\/v2\/tags?post=107419"}],"curies":[{"name":"wp","href":"https:\/\/api.w.org\/{rel}","templated":true}]}}