{"id":107405,"date":"2018-07-26T07:37:40","date_gmt":"2018-07-26T05:37:40","guid":{"rendered":"http:\/\/gazdasagportal.hu\/?p=107405"},"modified":"2018-07-26T07:37:40","modified_gmt":"2018-07-26T05:37:40","slug":"donald-trump-uj-szakasz-kezdodik-washington-es-az-europai-unio-kapcsolataban","status":"publish","type":"post","link":"https:\/\/gazdasagportal.hu\/index.php\/donald-trump-uj-szakasz-kezdodik-washington-es-az-europai-unio-kapcsolataban\/","title":{"rendered":"Donald Trump: \u00faj szakasz kezd\u0151dik Washington \u00e9s az Eur\u00f3pai Uni\u00f3 kapcsolat\u00e1ban"},"content":{"rendered":"<p><strong>\u00daj szakasz kezd\u0151dik Washington \u00e9s az Eur\u00f3pai Uni\u00f3 kapcsolat\u00e1ban &#8211; jelentette ki szerd\u00e1n Donald Trump amerikai eln\u00f6k a Feh\u00e9r H\u00e1z R\u00f3zsakertj\u00e9ben az Eur\u00f3pai Bizotts\u00e1g (EB) eln\u00f6k\u00e9vel, Jean-Claude Junckerrel tartott tal\u00e1lkoz\u00f3ja ut\u00e1n. <\/strong><!--more--><\/p>\n<div class=\"ads-in-post1\"><div id=\"gazdasagportal.hu_fullbanner_wideboard\"><\/div>\r\n<\/div>\n<p>    &#8222;Nagyon nagy nap ez a szabad \u00e9s korrekt kereskedelem sz\u00e1m\u00e1ra&#8221; &#8211; fogalmazott az amerikai eln\u00f6k a tal\u00e1lkoz\u00f3 ut\u00e1n, amelyen az Egyes\u00fclt \u00c1llamok \u00e9s az Eur\u00f3pai Uni\u00f3 vezet\u0151i &#8211; az elemz\u0151k v\u00e1rakoz\u00e1saival ellent\u00e9tben &#8211; egyet\u00e9rtettek kereskedelmi vit\u00e1ik rendez\u00e9s\u00e9ben.<br \/>\n    Donald Trump k\u00f6z\u00f6lte: meg\u00e1llapodott az Eur\u00f3pai Bizotts\u00e1g eln\u00f6k\u00e9vel abban, hogy egy\u00fcttm\u0171k\u00f6dnek az ipari term\u00e9kek v\u00e1mmentess\u00e9g\u00e9nek kidolgoz\u00e1s\u00e1ban \u00e9s a nem aut\u00f3ipari term\u00e9keket \u00e9rint\u0151 szubvenci\u00f3k elt\u00f6rl\u00e9s\u00e9ben. Megkezdik a t\u00e1rgyal\u00e1sokat az eur\u00f3pai ac\u00e9l\u00e1rukra \u00e9s alum\u00edniumterm\u00e9kekre kivetett amerikai v\u00e1mok, valamint a megtorl\u00e1sk\u00e9nt az Eur\u00f3pai Uni\u00f3 \u00e1ltal amerikai port\u00e9k\u00e1kra kivetett tarif\u00e1k \u00fcgy\u00e9ben. A t\u00e1rgyal\u00e1sok ideje alatt egyik f\u00e9l sem vet ki \u00faj v\u00e1mokat, \u00edgy az Eur\u00f3p\u00e1b\u00f3l az Egyes\u00fclt \u00c1llamokba export\u00e1lt g\u00e9pj\u00e1rm\u0171vek ut\u00e1n nem kell k\u00fcl\u00f6n illet\u00e9ket fizetni.<br \/>\n<div class=\"ads-in-post2\"><script async src=\"https:\/\/pagead2.googlesyndication.com\/pagead\/js\/adsbygoogle.js\"><\/script>\r\n<ins class=\"adsbygoogle\"\r\n     style=\"display:block\"\r\n     data-ad-format=\"fluid\"\r\n     data-ad-layout-key=\"-6t+ed+2i-1n-4w\"\r\n     data-ad-client=\"ca-pub-1959107119989764\"\r\n     data-ad-slot=\"4008251320\"><\/ins>\r\n<script>\r\n     (adsbygoogle = window.adsbygoogle || []).push({});\r\n<\/script><\/div>\n    Az amerikai eln\u00f6k a meg\u00e1llapod\u00e1s egyes konkr\u00e9t r\u00e9szleteit is nyilv\u00e1noss\u00e1gra hozta. Elmondta: az Eur\u00f3pai Uni\u00f3 &#8222;csaknem azonnali hat\u00e1llyal&#8221; megkezdi az amerikai sz\u00f3jabab nagy mennyis\u00e9g\u0171 importj\u00e1t, \u00e9s az EB eln\u00f6ke a kor\u00e1bbin\u00e1l t\u00f6bb amerikai cseppfoly\u00f3s\u00edtott g\u00e1z (LNG) eur\u00f3pai v\u00e1s\u00e1rl\u00e1s\u00e1ra tett \u00edg\u00e9retet.<br \/>\n    Jean-Claude Juncker &#8211; aki a sajt\u00f3konferenci\u00e1n alig sz\u00f3lalt meg &#8211; hozz\u00e1tette: az Egyes\u00fclt \u00c1llamok \u00edg\u00e9retet tett tov\u00e1bbi LNG-termin\u00e1lok ki\u00e9p\u00edt\u00e9s\u00e9re Eur\u00f3p\u00e1ban. Hangs\u00falyozta: &#8222;azzal a sz\u00e1nd\u00e9kkal j\u00f6ttem ide, hogy meg\u00e1llapodjunk, \u00e9s meg is \u00e1llapodtunk&#8221;.<br \/>\n    Trump k\u00f6z\u00f6lte: Washington egy\u00fcttm\u0171k\u00f6dik az Eur\u00f3pai Uni\u00f3val a Kereskedelmi Vil\u00e1gszervezet (WTO) megreform\u00e1l\u00e1sa \u00e9rdek\u00e9ben, \u00e9s ehhez k\u00f6z\u00f6s munkacsoportot hoznak l\u00e9tre.<br \/>\n    A t\u00e1rgyal\u00e1sok megkezd\u00e9se el\u0151tt a Feh\u00e9r H\u00e1z Ov\u00e1lis irod\u00e1j\u00e1ban &#8211; az \u00fajs\u00e1g\u00edr\u00f3kat \u00e9s a fot\u00f3sokat fogadva &#8211; Donald Trump &#8222;nagyon okos embernek&#8221; nevezte Jean-Claude Junckert, aki pedig azt mondta, hogy Br\u00fcsszel \u00e9s Washington &#8222;nem ellens\u00e9gek&#8221; \u00e9s &#8222;egy\u00fctt kell m\u0171k\u00f6dni\u00fck&#8221;.(MTI)<\/p>\n","protected":false},"excerpt":{"rendered":"<p>\u00daj szakasz kezd\u0151dik Washington \u00e9s az Eur\u00f3pai Uni\u00f3 kapcsolat\u00e1ban &#8211; jelentette ki szerd\u00e1n Donald Trump amerikai eln\u00f6k a Feh\u00e9r H\u00e1z R\u00f3zsakertj\u00e9ben az Eur\u00f3pai Bizotts\u00e1g (EB) eln\u00f6k\u00e9vel, Jean-Claude Junckerrel tartott tal\u00e1lkoz\u00f3ja ut\u00e1n.<\/p>\n","protected":false},"author":1,"featured_media":86779,"comment_status":"closed","ping_status":"open","sticky":false,"template":"","format":"standard","meta":[],"categories":[146,12,246],"tags":[],"_links":{"self":[{"href":"https:\/\/gazdasagportal.hu\/index.php\/wp-json\/wp\/v2\/posts\/107405"}],"collection":[{"href":"https:\/\/gazdasagportal.hu\/index.php\/wp-json\/wp\/v2\/posts"}],"about":[{"href":"https:\/\/gazdasagportal.hu\/index.php\/wp-json\/wp\/v2\/types\/post"}],"author":[{"embeddable":true,"href":"https:\/\/gazdasagportal.hu\/index.php\/wp-json\/wp\/v2\/users\/1"}],"replies":[{"embeddable":true,"href":"https:\/\/gazdasagportal.hu\/index.php\/wp-json\/wp\/v2\/comments?post=107405"}],"version-history":[{"count":1,"href":"https:\/\/gazdasagportal.hu\/index.php\/wp-json\/wp\/v2\/posts\/107405\/revisions"}],"predecessor-version":[{"id":107406,"href":"https:\/\/gazdasagportal.hu\/index.php\/wp-json\/wp\/v2\/posts\/107405\/revisions\/107406"}],"wp:featuredmedia":[{"embeddable":true,"href":"https:\/\/gazdasagportal.hu\/index.php\/wp-json\/wp\/v2\/media\/86779"}],"wp:attachment":[{"href":"https:\/\/gazdasagportal.hu\/index.php\/wp-json\/wp\/v2\/media?parent=107405"}],"wp:term":[{"taxonomy":"category","embeddable":true,"href":"https:\/\/gazdasagportal.hu\/index.php\/wp-json\/wp\/v2\/categories?post=107405"},{"taxonomy":"post_tag","embeddable":true,"href":"https:\/\/gazdasagportal.hu\/index.php\/wp-json\/wp\/v2\/tags?post=107405"}],"curies":[{"name":"wp","href":"https:\/\/api.w.org\/{rel}","templated":true}]}}