{"id":107389,"date":"2018-07-25T13:19:29","date_gmt":"2018-07-25T11:19:29","guid":{"rendered":"http:\/\/gazdasagportal.hu\/?p=107389"},"modified":"2018-07-25T13:19:29","modified_gmt":"2018-07-25T11:19:29","slug":"elhunyt-a-fiat-volt-vezerigazgatoja-sergio-marchionne","status":"publish","type":"post","link":"https:\/\/gazdasagportal.hu\/index.php\/elhunyt-a-fiat-volt-vezerigazgatoja-sergio-marchionne\/","title":{"rendered":"Elhunyt a Fiat volt vez\u00e9rigazgat\u00f3ja, Sergio Marchionne"},"content":{"rendered":"<p><strong>\u00c9let\u00e9nek 66. \u00e9v\u00e9ben s\u00falyos betegs\u00e9g ut\u00e1n elhunyt Sergio Marchionne, a Fiat Chrysler Automobiles (FCA) \u00e9s a Ferrari volt vez\u00e9rigazgat\u00f3ja &#8211; k\u00f6z\u00f6lte a RAI olasz k\u00f6zszolg\u00e1lati telev\u00edzi\u00f3.<\/strong><!--more--><\/p>\n<div class=\"ads-in-post1\"><div id=\"gazdasagportal.hu_fullbanner_wideboard\"><\/div>\r\n<\/div>\n<p>    Sergio Marchionn\u00e9t az FCA eln\u00f6ks\u00e9ge eg\u00e9szs\u00e9g\u00fcgyi okok miatt szombaton mentette fel vez\u00e9rigazgat\u00f3i posztj\u00e1r\u00f3l, a konszernt a Jeep \u00e9s a RAM vez\u00e9rigazgat\u00f3ja, Mike Manley, a Ferrarit pedig Louis CArey vezeti a j\u00f6v\u0151ben.<br \/>\n    A chieti sz\u00fclet\u00e9s\u0171, olasz-kanadai \u00fczletember 2004-ben ker\u00fclt az akkor m\u00e9g Fiat S.p.A-nak h\u00edvott, a cs\u0151d sz\u00e9l\u00e9n \u00e1ll\u00f3 konszern \u00e9l\u00e9re. \u00c1tszervez\u00e9sekkel, \u00e9s k\u00f6lts\u00e9gtakar\u00e9koss\u00e1gi int\u00e9zked\u00e9sekkel siker\u00fclt meger\u0151s\u00edtenie a v\u00e1llalatot, majd felv\u00e1s\u00e1rolta a cs\u0151dbe jutott Chrysler-csoportot \u00e9s vele egy\u00fctt a Dodge, RAM, Jeep \u00e9s Chrysler m\u00e1rk\u00e1kat is.<br \/>\n<div class=\"ads-in-post2\"><script async src=\"https:\/\/pagead2.googlesyndication.com\/pagead\/js\/adsbygoogle.js\"><\/script>\r\n<ins class=\"adsbygoogle\"\r\n     style=\"display:block\"\r\n     data-ad-format=\"fluid\"\r\n     data-ad-layout-key=\"-6t+ed+2i-1n-4w\"\r\n     data-ad-client=\"ca-pub-1959107119989764\"\r\n     data-ad-slot=\"4008251320\"><\/ins>\r\n<script>\r\n     (adsbygoogle = window.adsbygoogle || []).push({});\r\n<\/script><\/div>\n    A c\u00e9get id\u0151 k\u00f6zben Fiat Group Automobiles-ra, majd Fiat Chrysler Automobiles-ra nevezt\u00e9k \u00e1t, \u00e9s k\u00f6zpontja Torin\u00f3b\u00f3l Hollandi\u00e1ba ker\u00fclt. A folyamatos fejleszt\u00e9seknek k\u00f6sz\u00f6nhet\u0151en az FCA ma a vil\u00e1g hatodik legnagyobb aut\u00f3gy\u00e1rt\u00f3ja.<br \/>\n    Sergio Marchionne az eredeti tervek szerint az \u00e9v v\u00e9g\u00e9vel t\u00e1vozott volna posztj\u00e1r\u00f3l, j\u00fanius 1-j\u00e9n mutatta be utols\u00f3, \u00f6t \u00e9vre sz\u00f3l\u00f3 \u00fczleti terv\u00e9t, amelyr\u0151l m\u00e1r tudta, hogy nem \u0151 fogja v\u00e9grehajtani. A c\u00e9g szerd\u00e1n teszi k\u00f6z\u00e9 negyed\u00e9ves p\u00e9nz\u00fcgyi jelent\u00e9s\u00e9t.<br \/>\n    A kor\u00e1bban ad\u00f3tan\u00e1csad\u00f3k\u00e9nt is dolgoz\u00f3, filoz\u00f3fi\u00e1t is tanult Sergio Marchionne olasz lap\u00e9rtes\u00fcl\u00e9sek szerint t\u00fcd\u0151r\u00e1kban szenvedett, utols\u00f3 napjait egy z\u00fcrichi klinik\u00e1n t\u00f6lt\u00f6tte.<br \/>\n(MTI)<\/p>\n","protected":false},"excerpt":{"rendered":"<p>\u00c9let\u00e9nek 66. \u00e9v\u00e9ben s\u00falyos betegs\u00e9g ut\u00e1n elhunyt Sergio Marchionne, a Fiat Chrysler Automobiles (FCA) \u00e9s a Ferrari volt vez\u00e9rigazgat\u00f3ja &#8211; k\u00f6z\u00f6lte a RAI olasz k\u00f6zszolg\u00e1lati telev\u00edzi\u00f3.<\/p>\n","protected":false},"author":1,"featured_media":0,"comment_status":"closed","ping_status":"open","sticky":false,"template":"","format":"standard","meta":[],"categories":[12,246],"tags":[],"_links":{"self":[{"href":"https:\/\/gazdasagportal.hu\/index.php\/wp-json\/wp\/v2\/posts\/107389"}],"collection":[{"href":"https:\/\/gazdasagportal.hu\/index.php\/wp-json\/wp\/v2\/posts"}],"about":[{"href":"https:\/\/gazdasagportal.hu\/index.php\/wp-json\/wp\/v2\/types\/post"}],"author":[{"embeddable":true,"href":"https:\/\/gazdasagportal.hu\/index.php\/wp-json\/wp\/v2\/users\/1"}],"replies":[{"embeddable":true,"href":"https:\/\/gazdasagportal.hu\/index.php\/wp-json\/wp\/v2\/comments?post=107389"}],"version-history":[{"count":1,"href":"https:\/\/gazdasagportal.hu\/index.php\/wp-json\/wp\/v2\/posts\/107389\/revisions"}],"predecessor-version":[{"id":107390,"href":"https:\/\/gazdasagportal.hu\/index.php\/wp-json\/wp\/v2\/posts\/107389\/revisions\/107390"}],"wp:attachment":[{"href":"https:\/\/gazdasagportal.hu\/index.php\/wp-json\/wp\/v2\/media?parent=107389"}],"wp:term":[{"taxonomy":"category","embeddable":true,"href":"https:\/\/gazdasagportal.hu\/index.php\/wp-json\/wp\/v2\/categories?post=107389"},{"taxonomy":"post_tag","embeddable":true,"href":"https:\/\/gazdasagportal.hu\/index.php\/wp-json\/wp\/v2\/tags?post=107389"}],"curies":[{"name":"wp","href":"https:\/\/api.w.org\/{rel}","templated":true}]}}