{"id":107387,"date":"2018-07-25T12:09:54","date_gmt":"2018-07-25T10:09:54","guid":{"rendered":"http:\/\/gazdasagportal.hu\/?p=107387"},"modified":"2018-07-25T12:09:54","modified_gmt":"2018-07-25T10:09:54","slug":"trump-tamogatja-az-mnb-laza-politikajat","status":"publish","type":"post","link":"https:\/\/gazdasagportal.hu\/index.php\/trump-tamogatja-az-mnb-laza-politikajat\/","title":{"rendered":"Trump t\u00e1mogatja az MNB laza politik\u00e1j\u00e1t"},"content":{"rendered":"<p><strong>A lassan, de biztosan kibontakoz\u00f3 v\u00e1mh\u00e1bor\u00fa az eur\u00f3pai n\u00f6veked\u00e9si kil\u00e1t\u00e1sok roml\u00e1s\u00e1ban \u00e9s az infl\u00e1ci\u00f3s v\u00e1rakoz\u00e1sok emelked\u00e9s\u00e9ben is fokozatosan tetten \u00e9rhet\u0151. Ennek hat\u00e1s\u00e1ra az Eur\u00f3pai K\u00f6zponti Bank v\u00e1rhat\u00f3an \u00f3vatos megk\u00f6zel\u00edt\u00e9st v\u00e1lasztva szeptemberig kiv\u00e1r a jegybanki politika tov\u00e1bbi ir\u00e1nymutat\u00e1s\u00e1val kapcsolatban, mik\u00f6zben a Magyar Nemzeti Bankon is enyh\u00fcl a nyom\u00e1s, hogy a szigor\u00edt\u00e1s ir\u00e1ny\u00e1ba l\u00e9pjen \u2013 t\u00e1j\u00e9koztatott a K&amp;H Alapkezel\u0151. <\/strong><!--more--><\/p>\n<div class=\"ads-in-post1\"><div id=\"gazdasagportal.hu_fullbanner_wideboard\"><\/div>\r\n<\/div>\n<p>&nbsp;<\/p>\n<p>A Trump \u00e1ltal elind\u00edtott v\u00e1mh\u00e1bor\u00fa lavina &#8211; f\u0151k\u00e9nt az eur\u00f3pai aut\u00f3gy\u00e1rt\u00f3k esetleges termel\u00e9svisszafog\u00e1sa miatt &#8211; az uni\u00f3s n\u00f6veked\u00e9si kil\u00e1t\u00e1sokra negat\u00edv hat\u00e1ssal lehet, mik\u00f6zben az infl\u00e1ci\u00f3 emelked\u00e9se ir\u00e1ny\u00e1ba mutat, ami j\u00faniusban el is \u00e9rte a 2%-os jegybanki c\u00e9lt. \u201eA roml\u00f3 gazdas\u00e1gi v\u00e1rakoz\u00e1sok arra \u00f6szt\u00f6n\u00f6zhetik a cs\u00fct\u00f6rt\u00f6k\u00f6n \u00fcl\u00e9sez\u0151 EKB-t, hogy\u00a0 szeptemberig kiv\u00e1rjon a jegybanki politika tov\u00e1bbi ir\u00e1nymutat\u00e1s\u00e1val kapcsolatban, ez pedig leszor\u00edthatja a k\u00f6tv\u00e9nypiaci hozamok tov\u00e1bbi emelked\u00e9s\u00e9t\u201d \u2013 r\u00e9szletezte a v\u00e1rhat\u00f3 hat\u00e1sokat <strong>Kov\u00e1cs M\u00e1ty\u00e1s, a K&amp;H Alapkezel\u0151 szenior portf\u00f3li\u00f3 menedzsere<\/strong>.<\/p><div id=\"gazda-1220833326\" class=\"gazda-tartalomban gazda-entity-placement\"><script async src=\"https:\/\/pagead2.googlesyndication.com\/pagead\/js\/adsbygoogle.js\"><\/script>\r\n<ins class=\"adsbygoogle\"\r\n     style=\"display:block\"\r\n     data-ad-format=\"fluid\"\r\n     data-ad-layout-key=\"-6t+ed+2i-1n-4w\"\r\n     data-ad-client=\"ca-pub-1959107119989764\"\r\n     data-ad-slot=\"4008251320\"><\/ins>\r\n<script>\r\n     (adsbygoogle = window.adsbygoogle || []).push({});\r\n<\/script><\/div>\n<p>&nbsp;<br \/>\n<div class=\"ads-in-post2\"><script async src=\"https:\/\/pagead2.googlesyndication.com\/pagead\/js\/adsbygoogle.js\"><\/script>\r\n<ins class=\"adsbygoogle\"\r\n     style=\"display:block\"\r\n     data-ad-format=\"fluid\"\r\n     data-ad-layout-key=\"-6t+ed+2i-1n-4w\"\r\n     data-ad-client=\"ca-pub-1959107119989764\"\r\n     data-ad-slot=\"4008251320\"><\/ins>\r\n<script>\r\n     (adsbygoogle = window.adsbygoogle || []).push({});\r\n<\/script><\/div>\n&nbsp;<\/p>\n<p>A v\u00e1mh\u00e1bor\u00fa m\u00e1sik, m\u00e1r most j\u00f3l \u00e9rezhet\u0151 hat\u00e1sak\u00e9nt l\u00e1tv\u00e1nyosan fokoz\u00f3dott a befektet\u0151k bizonytalans\u00e1ga. \u201eA kock\u00e1zatker\u00fcl\u0151 magatart\u00e1s egy\u00e9rtelm\u0171en a felt\u00f6rekv\u0151 piacokat s\u00fajtja, hiszen a befektet\u0151k elfordultak a kev\u00e9sb\u00e9 biztos eszk\u00f6z\u00f6kt\u0151l. Ennek tulajdon\u00edthat\u00f3 az elm\u00falt hetekben tapasztalt heves forintgyeng\u00fcl\u00e9s \u00e9s k\u00f6tv\u00e9nyhozam emelked\u00e9s is, ami \u00e9rezhet\u0151en fokozta a nyom\u00e1st a Magyar Nemzeti Bankon, hogy szigor\u00fabb monet\u00e1ris politika ir\u00e1ny\u00e1ba mozduljon. \u201eA n\u00f6veked\u00e9si kil\u00e1t\u00e1sok roml\u00e1s\u00e1val az EKB \u00f3vatosabb megk\u00f6zel\u00edt\u00e9st alkalmazhat, ami r\u00f6vid t\u00e1von az MNB sz\u00e1m\u00e1ra is nyitva hagyja a kaput a laza monet\u00e1ris politika tov\u00e1bbi fenntart\u00e1s\u00e1hoz \u2013 erre utal a hazai jegybank tegnap tett kijelent\u00e9se is. A Monet\u00e1ris Tan\u00e1cs meg\u00edt\u00e9l\u00e9se szerint ugyanis az infl\u00e1ci\u00f3s c\u00e9l fenntarthat\u00f3 el\u00e9r\u00e9s\u00e9hez az alacsony alapkamat, valamint a laza monet\u00e1ris kond\u00edci\u00f3k tov\u00e1bbra is sz\u00fcks\u00e9gesek\u201d \u2013 mondta el a befektet\u00e9si szakember.<\/p>\n<p>&nbsp;<\/p>\n<p><strong>A K&amp;H Csoport<\/strong><\/p>\n<p>Az orsz\u00e1g egyik vezet\u0151 \u00e9s orsz\u00e1gosan t\u00f6bb mint 4000 munkat\u00e1rsat foglalkoztat\u00f3 p\u00e9nzint\u00e9zetek\u00e9nt a K&amp;H c\u00e9lja, hogy \u00fcgyfelei ig\u00e9nyeit minden id\u0151ben magas szinten el\u00e9g\u00edtse ki, \u00e9s a lehet\u0151 legteljesebb term\u00e9kpalett\u00e1t ny\u00fajtsa sz\u00e1mukra. A K&amp;H orsz\u00e1gszerte 206 lakoss\u00e1gi fi\u00f3kot m\u0171k\u00f6dtet, \u00e9s mintegy 1 milli\u00f3 lakoss\u00e1gi, kkv \u00e9s v\u00e1llalati \u00fcgyfel\u00e9nek k\u00edn\u00e1l p\u00e9nz\u00fcgyi szolg\u00e1ltat\u00e1sokat. A magyar gazdas\u00e1g m\u0171k\u00f6d\u00e9s\u00e9t t\u00f6bb mint 2,1 billi\u00f3 forintnyi kihelyezett hitel- \u00e9s hiteljelleg\u0171 \u00e1llom\u00e1nnyal seg\u00edti h\u00e1ztart\u00e1sok, kisv\u00e1llalkoz\u00e1sok, v\u00e1llalatok \u00e9s \u00f6nkorm\u00e1nyzatok finansz\u00edroz\u00e1s\u00e1n kereszt\u00fcl. A c\u00e9gcsoport teljes tev\u00e9kenys\u00e9ge hozz\u00e1vet\u0151legesen 4000 magyar besz\u00e1ll\u00edt\u00f3nak \u00e9s mintegy 700 banki \u00e9s biztos\u00edt\u00e1si \u00fcgyn\u00f6knek biztos\u00edt rendszeres megrendel\u00e9seket \u00e9s tev\u00e9kenys\u00e9get.<\/p>\n<p><strong>\u00a0<\/strong><\/p>\n<p><strong>\u00a0<\/strong><\/p>\n<p><strong>K&amp;H Bank <\/strong><\/p>\n<ol start=\"2018\">\n<li><u> I. negyed\u00e9v\u00e9nek v\u00e9g\u00e9n:<\/u><\/li>\n<\/ol>\n<p>saj\u00e1t t\u0151ke (IFRS konszolid\u00e1lt, nem audit\u00e1lt): <strong>259 milli\u00e1rd forint<\/strong><\/p>\n<p>m\u00e9rlegf\u0151\u00f6sszeg (IFRS konszolid\u00e1lt, nem audit\u00e1lt): <strong>2981 milli\u00e1rd forint<\/strong><\/p>\n<p>ad\u00f3z\u00e1s ut\u00e1ni eredm\u00e9ny (IFRS konszolid\u00e1lt, nem audit\u00e1lt): <strong>15,1 milli\u00e1rd forint<\/strong><\/p>\n<p>&nbsp;<\/p>\n<p><strong>K&amp;H Biztos\u00edt\u00f3<\/strong><\/p>\n<ol start=\"2018\">\n<li><u> I. negyed\u00e9v\u00e9nek v\u00e9g\u00e9n:<\/u><\/li>\n<\/ol>\n<p>saj\u00e1t t\u0151ke (IFRS, nem audit\u00e1lt): <strong>12 milli\u00e1rd forint<\/strong><\/p>\n<p>m\u00e9rlegf\u0151\u00f6sszeg (IFRS, nem audit\u00e1lt): <strong>170 milli\u00e1rd forint<\/strong><\/p>\n<p>biztos\u00edt\u00e1stechnikai eredm\u00e9ny (IFRS , nem audit\u00e1lt): <strong>1,4 milli\u00e1rd forint<\/strong><\/p>\n<p>ad\u00f3z\u00e1s ut\u00e1ni eredm\u00e9ny (IFRS, nem audit\u00e1lt<strong>): 1,0 milli\u00e1rd forint<\/strong><\/p>\n<p>&nbsp;<\/p>\n<p><strong>K&amp;H Alapkezel\u0151<\/strong><\/p>\n<ol start=\"2018\">\n<li><u> I. negyed\u00e9v\u00e9nek v\u00e9g\u00e9n:<\/u><\/li>\n<\/ol>\n<p>teljes kezelt vagyon: <strong>974 milli\u00e1rd forint<\/strong><\/p>\n<p>K&amp;H alapokban kezelt vagyon: <strong>802 milli\u00e1rd forint<\/strong><\/p>\n<p>int\u00e9zm\u00e9nyi \u00fcgyfelek kezelt vagyona: <strong>172 milli\u00e1rd forint<\/strong><\/p>\n","protected":false},"excerpt":{"rendered":"<p>A lassan, de biztosan kibontakoz\u00f3 v\u00e1mh\u00e1bor\u00fa az eur\u00f3pai n\u00f6veked\u00e9si kil\u00e1t\u00e1sok roml\u00e1s\u00e1ban \u00e9s az infl\u00e1ci\u00f3s v\u00e1rakoz\u00e1sok emelked\u00e9s\u00e9ben is fokozatosan tetten \u00e9rhet\u0151. Ennek hat\u00e1s\u00e1ra az Eur\u00f3pai K\u00f6zponti Bank v\u00e1rhat\u00f3an \u00f3vatos megk\u00f6zel\u00edt\u00e9st v\u00e1lasztva szeptemberig kiv\u00e1r a jegybanki politika tov\u00e1bbi ir\u00e1nymutat\u00e1s\u00e1val kapcsolatban, mik\u00f6zben a Magyar Nemzeti Bankon is enyh\u00fcl a nyom\u00e1s, hogy a szigor\u00edt\u00e1s ir\u00e1ny\u00e1ba l\u00e9pjen \u2013 t\u00e1j\u00e9koztatott a &#8230;<\/p>\n","protected":false},"author":1,"featured_media":78860,"comment_status":"closed","ping_status":"open","sticky":false,"template":"","format":"standard","meta":[],"categories":[146,4,19],"tags":[],"_links":{"self":[{"href":"https:\/\/gazdasagportal.hu\/index.php\/wp-json\/wp\/v2\/posts\/107387"}],"collection":[{"href":"https:\/\/gazdasagportal.hu\/index.php\/wp-json\/wp\/v2\/posts"}],"about":[{"href":"https:\/\/gazdasagportal.hu\/index.php\/wp-json\/wp\/v2\/types\/post"}],"author":[{"embeddable":true,"href":"https:\/\/gazdasagportal.hu\/index.php\/wp-json\/wp\/v2\/users\/1"}],"replies":[{"embeddable":true,"href":"https:\/\/gazdasagportal.hu\/index.php\/wp-json\/wp\/v2\/comments?post=107387"}],"version-history":[{"count":1,"href":"https:\/\/gazdasagportal.hu\/index.php\/wp-json\/wp\/v2\/posts\/107387\/revisions"}],"predecessor-version":[{"id":107388,"href":"https:\/\/gazdasagportal.hu\/index.php\/wp-json\/wp\/v2\/posts\/107387\/revisions\/107388"}],"wp:featuredmedia":[{"embeddable":true,"href":"https:\/\/gazdasagportal.hu\/index.php\/wp-json\/wp\/v2\/media\/78860"}],"wp:attachment":[{"href":"https:\/\/gazdasagportal.hu\/index.php\/wp-json\/wp\/v2\/media?parent=107387"}],"wp:term":[{"taxonomy":"category","embeddable":true,"href":"https:\/\/gazdasagportal.hu\/index.php\/wp-json\/wp\/v2\/categories?post=107387"},{"taxonomy":"post_tag","embeddable":true,"href":"https:\/\/gazdasagportal.hu\/index.php\/wp-json\/wp\/v2\/tags?post=107387"}],"curies":[{"name":"wp","href":"https:\/\/api.w.org\/{rel}","templated":true}]}}