{"id":107385,"date":"2018-07-25T11:36:56","date_gmt":"2018-07-25T09:36:56","guid":{"rendered":"http:\/\/gazdasagportal.hu\/?p=107385"},"modified":"2018-07-25T11:36:56","modified_gmt":"2018-07-25T09:36:56","slug":"ryanair-sztrajk-spanyolorszagban-napi-200-jaratot-erint-a-munkabeszuntetes","status":"publish","type":"post","link":"https:\/\/gazdasagportal.hu\/index.php\/ryanair-sztrajk-spanyolorszagban-napi-200-jaratot-erint-a-munkabeszuntetes\/","title":{"rendered":"Ryanair-sztr\u00e1jk &#8211; Spanyolorsz\u00e1gban napi 200 j\u00e1ratot \u00e9rint a munkabesz\u00fcntet\u00e9s"},"content":{"rendered":"<p><strong>Spanyolorsz\u00e1gban napi 200 j\u00e1ratot \u00e9rint a Ryanair dolgoz\u00f3inak t\u00f6bb eur\u00f3pai orsz\u00e1gra kiterjed\u0151, szerd\u00e1n kezd\u0151d\u00f6tt 48 \u00f3r\u00e1s sztr\u00e1jkja.<\/strong><!--more--><\/p>\n<div class=\"ads-in-post1\"><div id=\"gazdasagportal.hu_fullbanner_wideboard\"><\/div>\r\n<\/div>\n<p>    A La Vanguardia c\u00edm\u0171 napilap szerint ebben a k\u00e9t napban az \u00edr l\u00e9git\u00e1rsas\u00e1g menetrendj\u00e9ben 1260 spanyolorsz\u00e1gi j\u00e1rat szerepel, amelyb\u0151l 76 sz\u00e1zal\u00e9k k\u00f6zlekedik majd.<br \/>\n    A munkabesz\u00fcntet\u00e9s mintegy 75 ezer utast \u00e9rint a spanyolorsz\u00e1gi viszonylatokon, de a l\u00e9git\u00e1rsas\u00e1g \u00e1ll\u00edtja: 90 sz\u00e1zal\u00e9kuk eset\u00e9ben vagy megoldott\u00e1k utaz\u00e1sukat m\u00e1s j\u00e1ratokkal, vagy visszat\u00e9r\u00edtett\u00e9k a jegy \u00e1r\u00e1t.<br \/>\n    Ennek ellen\u00e9re p\u00e9ld\u00e1ul a madridi Barajas rep\u00fcl\u0151t\u00e9rre t\u00f6bben is \u00fagy \u00e9rkeztek reggel, hogy nem tudt\u00e1k: v\u00e9g\u00fcl tudnak-e utazni vagy sem.<br \/>\n    Az El Pa\u00eds c\u00edm\u0171 napilapnak egy fiatalember p\u00e9ld\u00e1ul arr\u00f3l panaszkodott: hi\u00e1ba pr\u00f3b\u00e1lta el\u00e9rni kor\u00e1bban a l\u00e9git\u00e1rsas\u00e1got, hogy t\u00e1j\u00e9koz\u00f3djon, nem siker\u00fclt vel\u00fck kapcsolatba l\u00e9pnie.<br \/>\n<div class=\"ads-in-post2\"><script async src=\"https:\/\/pagead2.googlesyndication.com\/pagead\/js\/adsbygoogle.js\"><\/script>\r\n<ins class=\"adsbygoogle\"\r\n     style=\"display:block\"\r\n     data-ad-format=\"fluid\"\r\n     data-ad-layout-key=\"-6t+ed+2i-1n-4w\"\r\n     data-ad-client=\"ca-pub-1959107119989764\"\r\n     data-ad-slot=\"4008251320\"><\/ins>\r\n<script>\r\n     (adsbygoogle = window.adsbygoogle || []).push({});\r\n<\/script><\/div>\n    Az utasoknak a t\u00e1rsas\u00e1g a rep\u00fcl\u0151t\u00e9ren t\u00e1j\u00e9koztat\u00f3kat oszt arr\u00f3l, hogy milyen reklam\u00e1ci\u00f3s lehet\u0151s\u00e9geik vannak.<br \/>\n    Monique Duthiers, a spanyolorsz\u00e1gi munkabesz\u00fcntet\u00e9st meghirdet\u0151 egyik dolgoz\u00f3i szakszervezet, a Sitcpla eln\u00f6ke, d\u00e9lel\u0151tt a madridi  rep\u00fcl\u0151t\u00e9ren arr\u00f3l besz\u00e9lt \u00fajs\u00e1g\u00edr\u00f3knak, hogy akci\u00f3juk incidensek n\u00e9lk\u00fcl kezd\u0151d\u00f6tt meg \u00e9s zavartalanul zajlik 13 spanyol l\u00e9gikik\u00f6t\u0151ben.<br \/>\n    A f\u0151v\u00e1rosi rep\u00fcl\u0151t\u00e9ren a sztr\u00e1jkol\u00f3k k\u00e9tnyelv\u0171, spanyol \u00e9s angol sz\u00f3r\u00f3lapokon t\u00e1j\u00e9koztatj\u00e1k az utasokat a munkabesz\u00fcntet\u00e9s okair\u00f3l.<br \/>\n    A felsorolt 13 pontban szerepel egyebek mellett, hogy mivel \u00edrorsz\u00e1gi munkaszerz\u0151d\u00e9ssel rendelkeznek, nem hitelk\u00e9pesek Spanyolorsz\u00e1gban, nincs munkahelyi balesetbiztos\u00edt\u00e1suk, \u00e9s nem j\u00e1r nekik betegszabads\u00e1g sem.<br \/>\n    A Ryanair t\u00f6bb mint 1800 spanyol munkav\u00e1llal\u00f3j\u00e1t k\u00e9pvisel\u0151 k\u00e9t szakszervezet \u00e9s a l\u00e9git\u00e1rsas\u00e1g k\u00e9pvisel\u0151i a spanyol fejleszt\u00e9si miniszt\u00e9rium k\u00f6zvet\u00edt\u00e9s\u00e9vel kedd \u00e9jf\u00e9lig, vagyis a sztr\u00e1jk kezdet\u00e9ig \u00fcltek t\u00e1rgyal\u00f3asztaln\u00e1l, hogy megold\u00e1st tal\u00e1ljanak, \u00e1m kilenc \u00f3r\u00e1nyi egyeztet\u00e9s ut\u00e1n sem siker\u00fclt meg\u00e1llapodniuk.<br \/>\n    A spanyol fejleszt\u00e9si miniszt\u00e9rium a k\u00e9tnapos sztr\u00e1jk idej\u00e9re 35 \u00e9s 59 sz\u00e1zal\u00e9k k\u00f6z\u00f6tt hat\u00e1rozta meg a k\u00f6telez\u0151 minimum szolg\u00e1ltat\u00e1sokat a belf\u00f6ldi j\u00e1ratokon, \u00e9s 59 sz\u00e1zal\u00e9kban a nemzetk\u00f6zi viszonylatokon. 100 sz\u00e1zal\u00e9kos teljes\u00edt\u00e9st \u00edrt el\u0151 a k\u00fcl\u00f6nb\u00f6z\u0151 spanyol szigetek k\u00f6z\u00f6tt k\u00f6zleked\u0151 belf\u00f6ldi rep\u00fcl\u0151j\u00e1ratok eset\u00e9ben.<br \/>\n    A t\u00e1rca felh\u00edvta a Ryanair figyelm\u00e9t arra, hogy amennyiben 15 nappal a j\u00e1ratt\u00f6rl\u00e9s el\u0151tt nem \u00e9rtes\u00edtette az utasokat, 250 \u00e9s 600 eur\u00f3 k\u00f6z\u00f6tti k\u00e1rt\u00e9r\u00edt\u00e9st k\u00f6teles fizetni sz\u00e1mukra.<br \/>\n    A spanyol rep\u00fcl\u00e9sbiztons\u00e1gi \u00fcgyn\u00f6ks\u00e9g (AESA) a nap folyam\u00e1n t\u00f6bb rep\u00fcl\u0151t\u00e9ren is ellen\u0151rizni fogja, hogy a sztr\u00e1jk sor\u00e1n betartj\u00e1k-e vonatkoz\u00f3 jogszab\u00e1lyokat, \u00e9s nem s\u00e9r\u00fclnek-e az utasok jogai.<br \/>\n    A Ryainair spanyol fed\u00e9lzeti szem\u00e9lyzete mellett sztr\u00e1jkolnak a l\u00e9git\u00e1rsas\u00e1g dolgoz\u00f3i Portug\u00e1li\u00e1ban, Olaszorsz\u00e1gban \u00e9s Belgiumban is, emiatt Eur\u00f3pa-szerte t\u00f6bb sz\u00e1z j\u00e1ratot t\u00f6r\u00f6lnek a menetrendben szerepl\u0151 2400-b\u00f3l.<br \/>\n    A dolgoz\u00f3k mindenhol a munkak\u00f6r\u00fclm\u00e9nyekre panaszkodnak, \u00e1ll\u00edt\u00e1suk szerint p\u00e9ld\u00e1ul az iv\u00f3v\u00edz\u00e9rt is fizetni\u00fck kell a fed\u00e9lzeten. Munkak\u00f6r\u00fclm\u00e9nyeik jav\u00edt\u00e1s\u00e1ra 34 pontb\u00f3l \u00e1ll\u00f3 k\u00f6vetel\u00e9st fogalmaztak meg.<br \/>\n    A Ryanair sok\u00e1ig nem ismerte el a dolgoz\u00f3it k\u00e9pvisel\u0151 szakszervezeteket, majd a tavaly okt\u00f3berben a szem\u00e9lyzet hi\u00e1nya miatt bejelentett j\u00e1ratt\u00f6rl\u00e9sek \u00f3ta t\u00f6bb orsz\u00e1gban is megkezdhette tev\u00e9keny\u00e9g\u00e9t t\u00f6bb pil\u00f3ta- illetve l\u00e9giutas-k\u00eds\u00e9r\u0151 \u00e9rdekk\u00e9pviselet. Ezzel is magyar\u00e1zhat\u00f3, hogy a Ryanair az els\u0151 nagy sztr\u00e1jkot \u00e9lheti meg ezen a h\u00e9ten.<br \/>\n        Az diszkont l\u00e9git\u00e1rsas\u00e1g h\u00e9tf\u0151n jelentette be, hogy a j\u00fanius v\u00e9g\u00e9vel z\u00e1r\u00f3dott p\u00e9nz\u00fcgyi els\u0151 negyed\u00e9v\u00e9ben az ad\u00f3zott eredm\u00e9nye 319 milli\u00f3 eur\u00f3 lett. Ez 20 sz\u00e1zal\u00e9kkal kisebb ugyan az egy \u00e9vvel kor\u00e1bbin\u00e1l, de fel\u00fclm\u00falta a szak\u00e9rt\u0151k \u00e1ltal v\u00e1rt 305 milli\u00f3 eur\u00f3t.<br \/>\n(MTI)<\/p>\n","protected":false},"excerpt":{"rendered":"<p>Spanyolorsz\u00e1gban napi 200 j\u00e1ratot \u00e9rint a Ryanair dolgoz\u00f3inak t\u00f6bb eur\u00f3pai orsz\u00e1gra kiterjed\u0151, szerd\u00e1n kezd\u0151d\u00f6tt 48 \u00f3r\u00e1s sztr\u00e1jkja.<\/p>\n","protected":false},"author":1,"featured_media":0,"comment_status":"closed","ping_status":"open","sticky":false,"template":"","format":"standard","meta":[],"categories":[12,246],"tags":[],"_links":{"self":[{"href":"https:\/\/gazdasagportal.hu\/index.php\/wp-json\/wp\/v2\/posts\/107385"}],"collection":[{"href":"https:\/\/gazdasagportal.hu\/index.php\/wp-json\/wp\/v2\/posts"}],"about":[{"href":"https:\/\/gazdasagportal.hu\/index.php\/wp-json\/wp\/v2\/types\/post"}],"author":[{"embeddable":true,"href":"https:\/\/gazdasagportal.hu\/index.php\/wp-json\/wp\/v2\/users\/1"}],"replies":[{"embeddable":true,"href":"https:\/\/gazdasagportal.hu\/index.php\/wp-json\/wp\/v2\/comments?post=107385"}],"version-history":[{"count":1,"href":"https:\/\/gazdasagportal.hu\/index.php\/wp-json\/wp\/v2\/posts\/107385\/revisions"}],"predecessor-version":[{"id":107386,"href":"https:\/\/gazdasagportal.hu\/index.php\/wp-json\/wp\/v2\/posts\/107385\/revisions\/107386"}],"wp:attachment":[{"href":"https:\/\/gazdasagportal.hu\/index.php\/wp-json\/wp\/v2\/media?parent=107385"}],"wp:term":[{"taxonomy":"category","embeddable":true,"href":"https:\/\/gazdasagportal.hu\/index.php\/wp-json\/wp\/v2\/categories?post=107385"},{"taxonomy":"post_tag","embeddable":true,"href":"https:\/\/gazdasagportal.hu\/index.php\/wp-json\/wp\/v2\/tags?post=107385"}],"curies":[{"name":"wp","href":"https:\/\/api.w.org\/{rel}","templated":true}]}}