{"id":107373,"date":"2018-07-25T07:37:02","date_gmt":"2018-07-25T05:37:02","guid":{"rendered":"http:\/\/gazdasagportal.hu\/?p=107373"},"modified":"2018-07-25T07:14:57","modified_gmt":"2018-07-25T05:14:57","slug":"ivanka-trump-felszamolja-divatceget-hogy-a-feher-hazi-munkara-osszpontositson","status":"publish","type":"post","link":"https:\/\/gazdasagportal.hu\/index.php\/ivanka-trump-felszamolja-divatceget-hogy-a-feher-hazi-munkara-osszpontositson\/","title":{"rendered":"Ivanka Trump felsz\u00e1molja divatc\u00e9g\u00e9t, hogy a feh\u00e9r h\u00e1zi munk\u00e1ra \u00f6sszpontos\u00edtson"},"content":{"rendered":"<p><strong>Felsz\u00e1molja a nev\u00e9t visel\u0151 divatc\u00e9get Ivanka Trump, Donald Trump amerikai eln\u00f6k l\u00e1nya, hogy a Feh\u00e9r H\u00e1zban v\u00e9gzend\u0151 munk\u00e1j\u00e1ra \u00f6sszpontos\u00edtson. Ezt maga Ivanka Trump jelentette be kedden kiadott k\u00f6zlem\u00e9ny\u00e9ben. <\/strong><!--more--><\/p>\n<div class=\"ads-in-post1\"><div id=\"gazdasagportal.hu_fullbanner_wideboard\"><\/div>\r\n<\/div>\n<p>    A c\u00e9g napi teend\u0151inek ir\u00e1ny\u00edt\u00e1s\u00e1t Ivanka Trump m\u00e1r tavaly \u00e1tadta, nem sokkal azt k\u00f6vet\u0151en, hogy apja tan\u00e1csad\u00f3ja lett a Feh\u00e9r H\u00e1zban.<br \/>\n    &#8222;A Washingtonban t\u00f6lt\u00f6tt 17 h\u00f3nap ut\u00e1n m\u00e9g nem tudom, mikor t\u00e9rek vissza, ha egy\u00e1ltal\u00e1n visszat\u00e9rek az \u00fczleti \u00e9letbe, de azt tudom, hogy a k\u00f6zelj\u00f6v\u0151ben a figyelmemet a Washingtonban v\u00e9gzend\u0151 munk\u00e1ra \u00f6sszpontos\u00edtom&#8221; &#8211; fogalmazott Ivanka Trump a k\u00f6zlem\u00e9nyben.<br \/>\n<div class=\"ads-in-post2\"><script async src=\"https:\/\/pagead2.googlesyndication.com\/pagead\/js\/adsbygoogle.js\"><\/script>\r\n<ins class=\"adsbygoogle\"\r\n     style=\"display:block\"\r\n     data-ad-format=\"fluid\"\r\n     data-ad-layout-key=\"-6t+ed+2i-1n-4w\"\r\n     data-ad-client=\"ca-pub-1959107119989764\"\r\n     data-ad-slot=\"4008251320\"><\/ins>\r\n<script>\r\n     (adsbygoogle = window.adsbygoogle || []).push({});\r\n<\/script><\/div>\n    V\u00e1llalat\u00e1nak sz\u00f3viv\u0151je bejelentette: licencszerz\u0151d\u00e9st nem \u00faj\u00edtanak meg, de a megl\u00e9v\u0151k a sz\u00e9ri\u00e1k kifut\u00e1s\u00e1ig m\u00e9g \u00e9rv\u00e9nyben maradnak.<br \/>\n    A 11 \u00e9vvel ezel\u0151tt alap\u00edtott v\u00e1llalat k\u00f6z\u00e9p\u00e1ras n\u0151i ruh\u00e1kat, cip\u0151ket, kieg\u00e9sz\u00edt\u0151ket, bizsukat, divatcikkeket gy\u00e1rt, az el\u0151\u00e1ll\u00edt\u00e1s legnagyobb r\u00e9sz\u00e9t K\u00edn\u00e1ban v\u00e9gezteti. A c\u00e9g nyeres\u00e9ge Donald Trump megv\u00e1laszt\u00e1sa \u00f3ta jelent\u0151sen cs\u00f6kkent: civil szervezetek ugyanis bojkottot hirdettek az Ivanka Trump-m\u00e1rka ellen, \u00e9s neves nagy \u00e1ruh\u00e1zak, k\u00f6zt\u00fck p\u00e9ld\u00e1ul a Nordstrom, a Neiman Marcus vagy a Sears is levett\u00e9k kivett\u00e9k k\u00edn\u00e1latukb\u00f3l a Trump-term\u00e9keket. Az \u00e1ruh\u00e1zl\u00e1ncolatok azzal \u00e9rveltek: a d\u00f6nt\u00e9s nem politikai volt, a kereslet esett vissza dr\u00e1maian.(MTI)<\/p>\n","protected":false},"excerpt":{"rendered":"<p>Felsz\u00e1molja a nev\u00e9t visel\u0151 divatc\u00e9get Ivanka Trump, Donald Trump amerikai eln\u00f6k l\u00e1nya, hogy a Feh\u00e9r H\u00e1zban v\u00e9gzend\u0151 munk\u00e1j\u00e1ra \u00f6sszpontos\u00edtson. Ezt maga Ivanka Trump jelentette be kedden kiadott k\u00f6zlem\u00e9ny\u00e9ben.<\/p>\n","protected":false},"author":1,"featured_media":0,"comment_status":"closed","ping_status":"open","sticky":false,"template":"","format":"standard","meta":[],"categories":[13],"tags":[],"_links":{"self":[{"href":"https:\/\/gazdasagportal.hu\/index.php\/wp-json\/wp\/v2\/posts\/107373"}],"collection":[{"href":"https:\/\/gazdasagportal.hu\/index.php\/wp-json\/wp\/v2\/posts"}],"about":[{"href":"https:\/\/gazdasagportal.hu\/index.php\/wp-json\/wp\/v2\/types\/post"}],"author":[{"embeddable":true,"href":"https:\/\/gazdasagportal.hu\/index.php\/wp-json\/wp\/v2\/users\/1"}],"replies":[{"embeddable":true,"href":"https:\/\/gazdasagportal.hu\/index.php\/wp-json\/wp\/v2\/comments?post=107373"}],"version-history":[{"count":1,"href":"https:\/\/gazdasagportal.hu\/index.php\/wp-json\/wp\/v2\/posts\/107373\/revisions"}],"predecessor-version":[{"id":107374,"href":"https:\/\/gazdasagportal.hu\/index.php\/wp-json\/wp\/v2\/posts\/107373\/revisions\/107374"}],"wp:attachment":[{"href":"https:\/\/gazdasagportal.hu\/index.php\/wp-json\/wp\/v2\/media?parent=107373"}],"wp:term":[{"taxonomy":"category","embeddable":true,"href":"https:\/\/gazdasagportal.hu\/index.php\/wp-json\/wp\/v2\/categories?post=107373"},{"taxonomy":"post_tag","embeddable":true,"href":"https:\/\/gazdasagportal.hu\/index.php\/wp-json\/wp\/v2\/tags?post=107373"}],"curies":[{"name":"wp","href":"https:\/\/api.w.org\/{rel}","templated":true}]}}