{"id":107349,"date":"2018-07-24T10:59:57","date_gmt":"2018-07-24T08:59:57","guid":{"rendered":"http:\/\/gazdasagportal.hu\/?p=107349"},"modified":"2018-07-24T10:59:57","modified_gmt":"2018-07-24T08:59:57","slug":"eljarast-inditott-a-ryanair-ellen-a-fovarosi-kormanyhivatal","status":"publish","type":"post","link":"https:\/\/gazdasagportal.hu\/index.php\/eljarast-inditott-a-ryanair-ellen-a-fovarosi-kormanyhivatal\/","title":{"rendered":"Elj\u00e1r\u00e1st ind\u00edtott a Ryanair ellen a f\u0151v\u00e1rosi korm\u00e1nyhivatal"},"content":{"rendered":"<p><strong>Elj\u00e1r\u00e1st ind\u00edtott a Ryanair l\u00e9git\u00e1rsas\u00e1g (Ryanair DAC) ellen Budapest F\u0151v\u00e1ros Korm\u00e1nyhivatala &#8211; k\u00f6z\u00f6lte a hivatal kedden az MTI-vel.<\/strong><!--more--><\/p>\n<div class=\"ads-in-post1\"><div id=\"gazdasagportal.hu_fullbanner_wideboard\"><\/div>\r\n<\/div>\n<p>    A k\u00f6zlem\u00e9ny szerint a l\u00e9git\u00e1rsas\u00e1g sorozatos, a poggy\u00e1szkezel\u00e9ssel kapcsolatos incidensei miatt Gy\u00f6rgy Istv\u00e1n budapesti korm\u00e1nymegb\u00edzott azonnali, \u00e1tfog\u00f3 vizsg\u00e1latot kezdem\u00e9nyezett. A vizsg\u00e1latba bevont\u00e1k a hivatal fogyaszt\u00f3v\u00e9delmi f\u0151oszt\u00e1ly\u00e1t &#8211; tett\u00e9k hozz\u00e1.<br \/>\n    B\u0151vebb t\u00e1j\u00e9koztat\u00e1st csak a vizsg\u00e1lat lez\u00e1rulta ut\u00e1n adnak &#8211; \u00edrt\u00e1k.<br \/>\n<div class=\"ads-in-post2\"><script async src=\"https:\/\/pagead2.googlesyndication.com\/pagead\/js\/adsbygoogle.js\"><\/script>\r\n<ins class=\"adsbygoogle\"\r\n     style=\"display:block\"\r\n     data-ad-format=\"fluid\"\r\n     data-ad-layout-key=\"-6t+ed+2i-1n-4w\"\r\n     data-ad-client=\"ca-pub-1959107119989764\"\r\n     data-ad-slot=\"4008251320\"><\/ins>\r\n<script>\r\n     (adsbygoogle = window.adsbygoogle || []).push({});\r\n<\/script><\/div>\n    A Fogyaszt\u00f3v\u00e9delmi Egyes\u00fcletek Orsz\u00e1gos Sz\u00f6vets\u00e9ge (FEOSZ) h\u00e9tf\u0151n azt k\u00f6z\u00f6lte az MTI-vel, hogy a Ryanair tisztess\u00e9gtelen a magyar fogyaszt\u00f3kkal szemben, mert nem teljes\u00edti a szerz\u0151d\u00e9sben v\u00e1llalt \u00e9s az utasok \u00e1ltal kifizetett szolg\u00e1ltat\u00e1sait. A poggy\u00e1szok k\u00e9s\u00e9se eset\u00e9n is j\u00e1r k\u00e1rt\u00e9r\u00edt\u00e9s a fogyaszt\u00f3nak a l\u00e9git\u00e1rsas\u00e1gt\u00f3l, nem csak a csomagok s\u00e9r\u00fcl\u00e9se, elveszt\u00e9se ut\u00e1n &#8211; h\u00edvta fel a figyelmet.<br \/>\n    A Ryanair Budapestr\u0151l a Kan\u00e1ri-szigetekre tart\u00f3 j\u00e1ratain fordult el\u0151 az elm\u00falt hetekben, hogy t\u00fals\u00falyra hivatkozva nem vitte el a l\u00e9git\u00e1rsas\u00e1g az utasok feladott poggy\u00e1sz\u00e1t.<br \/>\n(MTI)<\/p>\n","protected":false},"excerpt":{"rendered":"<p>Elj\u00e1r\u00e1st ind\u00edtott a Ryanair l\u00e9git\u00e1rsas\u00e1g (Ryanair DAC) ellen Budapest F\u0151v\u00e1ros Korm\u00e1nyhivatala &#8211; k\u00f6z\u00f6lte a hivatal kedden az MTI-vel.<\/p>\n","protected":false},"author":1,"featured_media":0,"comment_status":"closed","ping_status":"open","sticky":false,"template":"","format":"standard","meta":[],"categories":[4,19],"tags":[],"_links":{"self":[{"href":"https:\/\/gazdasagportal.hu\/index.php\/wp-json\/wp\/v2\/posts\/107349"}],"collection":[{"href":"https:\/\/gazdasagportal.hu\/index.php\/wp-json\/wp\/v2\/posts"}],"about":[{"href":"https:\/\/gazdasagportal.hu\/index.php\/wp-json\/wp\/v2\/types\/post"}],"author":[{"embeddable":true,"href":"https:\/\/gazdasagportal.hu\/index.php\/wp-json\/wp\/v2\/users\/1"}],"replies":[{"embeddable":true,"href":"https:\/\/gazdasagportal.hu\/index.php\/wp-json\/wp\/v2\/comments?post=107349"}],"version-history":[{"count":1,"href":"https:\/\/gazdasagportal.hu\/index.php\/wp-json\/wp\/v2\/posts\/107349\/revisions"}],"predecessor-version":[{"id":107350,"href":"https:\/\/gazdasagportal.hu\/index.php\/wp-json\/wp\/v2\/posts\/107349\/revisions\/107350"}],"wp:attachment":[{"href":"https:\/\/gazdasagportal.hu\/index.php\/wp-json\/wp\/v2\/media?parent=107349"}],"wp:term":[{"taxonomy":"category","embeddable":true,"href":"https:\/\/gazdasagportal.hu\/index.php\/wp-json\/wp\/v2\/categories?post=107349"},{"taxonomy":"post_tag","embeddable":true,"href":"https:\/\/gazdasagportal.hu\/index.php\/wp-json\/wp\/v2\/tags?post=107349"}],"curies":[{"name":"wp","href":"https:\/\/api.w.org\/{rel}","templated":true}]}}