{"id":107311,"date":"2018-07-23T07:37:28","date_gmt":"2018-07-23T05:37:28","guid":{"rendered":"http:\/\/gazdasagportal.hu\/?p=107311"},"modified":"2018-07-23T07:18:22","modified_gmt":"2018-07-23T05:18:22","slug":"juliusban-ismet-csucsot-dontott-a-gki-konjunkturaindexe","status":"publish","type":"post","link":"https:\/\/gazdasagportal.hu\/index.php\/juliusban-ismet-csucsot-dontott-a-gki-konjunkturaindexe\/","title":{"rendered":"J\u00faliusban ism\u00e9t cs\u00facsot d\u00f6nt\u00f6tt a GKI konjunkt\u00faraindexe"},"content":{"rendered":"<p><strong>J\u00faniusi t\u00f6rt\u00e9nelmi cs\u00facsa ut\u00e1n j\u00faliusban tov\u00e1bb emelkedett a GKI konjunkt\u00faraindexe, az \u00fczleti v\u00e1rakoz\u00e1sok minden kor\u00e1bbin\u00e1l optimist\u00e1bbak lettek, a fogyaszt\u00f3iak viszont idei m\u00e9lypontjukra estek, \u00e1m tov\u00e1bbra is kedvez\u0151ek &#8211; k\u00f6z\u00f6lte a GKI Gazdas\u00e1gkutat\u00f3 Zrt. az MTI-vel. <\/strong><!--more--><\/p>\n<div class=\"ads-in-post1\"><div id=\"gazdasagportal.hu_fullbanner_wideboard\"><\/div>\r\n<\/div>\n<p>    Az Eur\u00f3pai Uni\u00f3 t\u00e1mogat\u00e1s\u00e1val v\u00e9gzett felm\u00e9r\u00e9s alapj\u00e1n a konjunkt\u00faraindex az idei cs\u00facsr\u00f3l, a j\u00faniusi 9,8 pontr\u00f3l 10,5 pontra n\u0151tt. Az \u00fczleti bizalmi index 17,3 pontra n\u0151tt a j\u00faniusi 15,3 pontr\u00f3l, a fogyaszt\u00f3i bizalmi index pedig m\u00ednusz 5,7 pontr\u00f3l m\u00ednusz 9 pontra romlott.<br \/>\n    A GKI k\u00f6zlem\u00e9nye szerint az \u00fczleti szf\u00e9r\u00e1n bel\u00fcl j\u00faliusban az ipari \u00e9s az \u00e9p\u00edt\u0151ipari bizalmi index egyar\u00e1nt \u00faj t\u00f6rt\u00e9nelmi cs\u00facs\u00e1ra jutott, a szolg\u00e1ltat\u00f3i is kedvez\u0151bb lett, egyed\u00fcl a kereskedelmi v\u00e1rakoz\u00e1sok romlottak kiss\u00e9.<br \/>\n    Az iparban javult az elm\u00falt \u00e9s a k\u00f6vetkez\u0151 id\u0151szakra v\u00e1rt termel\u00e9s, valamint a rendel\u00e9s\u00e1llom\u00e1nyok &#8211; k\u00fcl\u00f6n\u00f6sen az exportrendel\u00e9sek &#8211; meg\u00edt\u00e9l\u00e9se, a k\u00e9szleteket viszont a j\u00faniusin\u00e1l kiss\u00e9 magasabbnak \u00e9rezt\u00e9k a v\u00e1laszol\u00f3k &#8211; \u00edrt\u00e1k.<br \/>\n<div class=\"ads-in-post2\"><script async src=\"https:\/\/pagead2.googlesyndication.com\/pagead\/js\/adsbygoogle.js\"><\/script>\r\n<ins class=\"adsbygoogle\"\r\n     style=\"display:block\"\r\n     data-ad-format=\"fluid\"\r\n     data-ad-layout-key=\"-6t+ed+2i-1n-4w\"\r\n     data-ad-client=\"ca-pub-1959107119989764\"\r\n     data-ad-slot=\"4008251320\"><\/ins>\r\n<script>\r\n     (adsbygoogle = window.adsbygoogle || []).push({});\r\n<\/script><\/div>\n    Az \u00e9p\u00edt\u0151iparon bel\u00fcl a m\u00e9ly\u00e9p\u00edt\u0151 c\u00e9gek kil\u00e1t\u00e1sai kiss\u00e9 romlottak, a magas\u00e9p\u00edt\u0151k\u00e9 javultak, j\u00faniusban ford\u00edtott volt a helyzet. Az el\u0151z\u0151 h\u00e1romhavi termel\u00e9ssel kapcsolatos el\u00e9gedetts\u00e9g enyh\u00e9n cs\u00f6kkent, a rendel\u00e9s\u00e1llom\u00e1ny \u00e9rt\u00e9kel\u00e9se nem v\u00e1ltozott.<br \/>\n    A kereskedelmi bizalmi index &#8211; a j\u00faniusi jelent\u0151s emelked\u00e9s ut\u00e1n &#8211; j\u00faliusban enyh\u00e9n, de negat\u00edvan korrig\u00e1lt. Az elad\u00e1si poz\u00edci\u00f3 \u00e9s a k\u00e9szletszint meg\u00edt\u00e9l\u00e9se egyar\u00e1nt hibahat\u00e1ron bel\u00fcl v\u00e1ltozott, a rendel\u00e9sek\u00e9 viszont kiss\u00e9 romlott.<br \/>\n    A szolg\u00e1ltat\u00f3i bizalmi index j\u00fanius ut\u00e1n j\u00faliusban is n\u0151tt, de m\u00e9g nem \u00e9rte el a negyed\u00e9vvel ezel\u0151tti cs\u00facs\u00e1t. Javult az \u00e1ltal\u00e1nos \u00fczletmenet, az el\u0151z\u0151 \u00e9s a k\u00f6vetkez\u0151 negyed\u00e9vi v\u00e1rhat\u00f3 forgalom meg\u00edt\u00e9l\u00e9se. Az \u00e1tlagos kapacit\u00e1skihaszn\u00e1l\u00e1s v\u00e1ltozatlanul nagyon magas, 90 sz\u00e1zal\u00e9k feletti, az iparban 86 sz\u00e1zal\u00e9k.<br \/>\n    A foglalkoztat\u00e1si hajland\u00f3s\u00e1g a szolg\u00e1ltat\u00f3 szektor kiv\u00e9tel\u00e9vel minden \u00e1gazatban er\u0151s\u00f6d\u00f6tt, a lakoss\u00e1g munkan\u00e9lk\u00fclis\u00e9gt\u0151l val\u00f3 f\u00e9lelme j\u00faniusban volt minden id\u0151k legalacsonyabb szintj\u00e9n, ehhez k\u00e9pest j\u00faliusban romlott. Az \u00e1remel\u00e9si t\u00f6rekv\u00e9s jellemz\u0151en a j\u00faniusival ellent\u00e9tesen alakult, az iparban \u00e9s a szolg\u00e1ltat\u00f3 c\u00e9gek k\u00f6r\u00e9ben er\u0151teljesebb lett, az \u00e9p\u00edt\u0151iparban visszafogottabb, \u00e9s kiss\u00e9 gyeng\u00fclt a fogyaszt\u00f3k infl\u00e1ci\u00f3s v\u00e1rakoz\u00e1sa.<br \/>\n    A GKI fogyaszt\u00f3i bizalmi index j\u00faliusban idei m\u00e9lypontj\u00e1ra ker\u00fclt, de tov\u00e1bbra is optimizmust t\u00fckr\u00f6z. A lakoss\u00e1g saj\u00e1t p\u00e9nz\u00fcgyi helyzet\u00e9t \u00e9s j\u00f6v\u0151beli megtakar\u00edt\u00e1si k\u00e9pess\u00e9g\u00e9t is rosszabbnak l\u00e1tta, mint egy h\u00f3nappal kor\u00e1bban &#8211; \u00edrt\u00e1k.<br \/>\n    A GKI &#8211; az EU m\u00f3dszertan\u00e1nak megfelel\u0151en &#8211; konjunkt\u00fara-index\u00e9nek kisz\u00e1m\u00edt\u00e1sakor az \u00fczleti szf\u00e9r\u00e1n bel\u00fcl az ipar, a kereskedelem, az \u00e9p\u00edt\u0151ipar \u00e9s a szolg\u00e1ltat\u00f3 szektor, illetve a lakoss\u00e1g v\u00e1rakoz\u00e1sait veszi figyelembe. A GKI konjunkt\u00faraindex a lakoss\u00e1gi bizalmi index \u00e9s az \u00fczleti bizalmi index s\u00falyozott \u00e1tlaga.(MTI)<\/p>\n","protected":false},"excerpt":{"rendered":"<p>J\u00faniusi t\u00f6rt\u00e9nelmi cs\u00facsa ut\u00e1n j\u00faliusban tov\u00e1bb emelkedett a GKI konjunkt\u00faraindexe, az \u00fczleti v\u00e1rakoz\u00e1sok minden kor\u00e1bbin\u00e1l optimist\u00e1bbak lettek, a fogyaszt\u00f3iak viszont idei m\u00e9lypontjukra estek, \u00e1m tov\u00e1bbra is kedvez\u0151ek &#8211; k\u00f6z\u00f6lte a GKI Gazdas\u00e1gkutat\u00f3 Zrt. az MTI-vel.<\/p>\n","protected":false},"author":1,"featured_media":0,"comment_status":"closed","ping_status":"open","sticky":false,"template":"","format":"standard","meta":[],"categories":[4,19],"tags":[],"_links":{"self":[{"href":"https:\/\/gazdasagportal.hu\/index.php\/wp-json\/wp\/v2\/posts\/107311"}],"collection":[{"href":"https:\/\/gazdasagportal.hu\/index.php\/wp-json\/wp\/v2\/posts"}],"about":[{"href":"https:\/\/gazdasagportal.hu\/index.php\/wp-json\/wp\/v2\/types\/post"}],"author":[{"embeddable":true,"href":"https:\/\/gazdasagportal.hu\/index.php\/wp-json\/wp\/v2\/users\/1"}],"replies":[{"embeddable":true,"href":"https:\/\/gazdasagportal.hu\/index.php\/wp-json\/wp\/v2\/comments?post=107311"}],"version-history":[{"count":1,"href":"https:\/\/gazdasagportal.hu\/index.php\/wp-json\/wp\/v2\/posts\/107311\/revisions"}],"predecessor-version":[{"id":107312,"href":"https:\/\/gazdasagportal.hu\/index.php\/wp-json\/wp\/v2\/posts\/107311\/revisions\/107312"}],"wp:attachment":[{"href":"https:\/\/gazdasagportal.hu\/index.php\/wp-json\/wp\/v2\/media?parent=107311"}],"wp:term":[{"taxonomy":"category","embeddable":true,"href":"https:\/\/gazdasagportal.hu\/index.php\/wp-json\/wp\/v2\/categories?post=107311"},{"taxonomy":"post_tag","embeddable":true,"href":"https:\/\/gazdasagportal.hu\/index.php\/wp-json\/wp\/v2\/tags?post=107311"}],"curies":[{"name":"wp","href":"https:\/\/api.w.org\/{rel}","templated":true}]}}