{"id":107307,"date":"2018-07-22T21:43:26","date_gmt":"2018-07-22T19:43:26","guid":{"rendered":"http:\/\/gazdasagportal.hu\/?p=107307"},"modified":"2018-07-22T21:43:26","modified_gmt":"2018-07-22T19:43:26","slug":"marchionne-betegsege-miatt-uj-vezerigazgatot-neveznek-ki-a-fiat-chrysler-autogyar-elere","status":"publish","type":"post","link":"https:\/\/gazdasagportal.hu\/index.php\/marchionne-betegsege-miatt-uj-vezerigazgatot-neveznek-ki-a-fiat-chrysler-autogyar-elere\/","title":{"rendered":"Marchionne betegs\u00e9ge miatt \u00faj vez\u00e9rigazgat\u00f3t neveznek ki a Fiat Chrysler aut\u00f3gy\u00e1r \u00e9l\u00e9re"},"content":{"rendered":"<p><strong>Sergio Marchionne betegs\u00e9ge miatt \u00faj vez\u00e9rigazgat\u00f3t neveznek ki a Fiat Chrysler aut\u00f3gy\u00e1r \u00e9l\u00e9re &#8211; adta h\u00edr\u00fcl detroiti keltez\u00e9ssel a The Wall Street Journal c\u00edm\u0171 lap. <\/strong><!--more--><\/p>\n<div class=\"ads-in-post1\"><div id=\"gazdasagportal.hu_fullbanner_wideboard\"><\/div>\r\n<\/div>\n<p>    A lap inform\u00e1ci\u00f3i szerint szombaton Torin\u00f3ban tartott \u00fcl\u00e9st a Fiat Chrysler igazgat\u00f3tan\u00e1csa \u00e9s azt a d\u00f6nt\u00e9st hozta, hogy Mike Manley, a c\u00e9g terepj\u00e1r\u00f3gy\u00e1rt\u00e1ssal foglalkoz\u00f3 r\u00e9szleg\u00e9nek vezet\u0151je veszi \u00e1t Marchionne hely\u00e9t. Sergio Marchionne ugyanis a h\u00f3nap elej\u00e9n m\u0171t\u00e9ten esett \u00e1t, \u00e1llapota dr\u00e1maian romlik, \u00e9s m\u00e1r nem lesz k\u00e9pes az amerikai-olasz v\u00e1llalat\u00f3ri\u00e1s ir\u00e1ny\u00edr\u00e1s\u00e1ra.     Az 54 \u00e9ves, brit sz\u00fclet\u00e9s\u0171 Manley 2000-ben csatakozott a DaimlerChrysler v\u00e1llalathoz, \u00e9s 2009 \u00f3ta, vagyis amikor a Fiat \u00e9s a Chrysler \u00e9ppen Sergio Marchionne ir\u00e1ny\u00edt\u00e1s\u00e1val egyes\u00fclt, a terepj\u00e1r\u00f3 r\u00e9szleget vezette. A The Wall Street Journal ipar\u00e1gi inform\u00e1ci\u00f3i szerint ez a Fiat Chrysler legj\u00f6vedelmez\u0151bb r\u00e9szlege.<br \/>\n<div class=\"ads-in-post2\"><script async src=\"https:\/\/pagead2.googlesyndication.com\/pagead\/js\/adsbygoogle.js\"><\/script>\r\n<ins class=\"adsbygoogle\"\r\n     style=\"display:block\"\r\n     data-ad-format=\"fluid\"\r\n     data-ad-layout-key=\"-6t+ed+2i-1n-4w\"\r\n     data-ad-client=\"ca-pub-1959107119989764\"\r\n     data-ad-slot=\"4008251320\"><\/ins>\r\n<script>\r\n     (adsbygoogle = window.adsbygoogle || []).push({});\r\n<\/script><\/div>\n    John Elkann eln\u00f6k &#8211; aki a Fiat-alap\u00edt\u00f3 Agnelli d\u00e9dunok\u00e1ja \u00e9s a c\u00e9g 43 sz\u00e1zal\u00e9kos tulajdonosa &#8211; az igazgat\u00f3tan\u00e1csi \u00fcl\u00e9sen kijelentette: ez a l\u00e9p\u00e9s ugyan &#8222;m\u00e9g n\u00e9h\u00e1ny \u00f3r\u00e1val ezel\u0151tt is k\u00e9ptelens\u00e9g lett volna&#8221;, de biztos\u00edtja a v\u00e1llalat stabilit\u00e1s\u00e1t. Elkann a c\u00e9gvezet\u00e9s &#8222;szem\u00e9lyes f\u00e1jdalm\u00e1t&#8221; hangs\u00falyozta a d\u00f6nt\u00e9s bejelent\u00e9sekor.<br \/>\n    A The Wall Street Journal szint\u00e9n hosszasan m\u00e9ltatta a 66 \u00e9ves Sergio Marchionn\u00e9t, aki m\u00e1r kor\u00e1bban bejelentette, hogy a Fiat Chrysler \u00e9l\u00e9r\u0151l v\u00e1rhat\u00f3an a j\u00f6v\u0151 \u00e9v \u00e1prilis\u00e1ban visszavonul, de a Ferrari eln\u00f6k-vez\u00e9rigazgat\u00f3i posztj\u00e1t megtartja. A Ferrari 2016-ban v\u00e1lt ki a Fiat Chryslerb\u0151l. A luxus-sportkocsikat gy\u00e1rt\u00f3 Ferrari k\u00fcl\u00f6n k\u00f6zlem\u00e9nyben jelentette be, hogy az eln\u00f6ki posztot Marchionne helyett John Elkann, a vez\u00e9rigazgat\u00f3i teend\u0151ket pedig Louis Camilleri, a Philip Morris International eln\u00f6ke veszi \u00e1t.       A Fiat Chrysler nem k\u00f6z\u00f6lt r\u00e9szletesebb inform\u00e1ci\u00f3kat Sergio Marchionne betegs\u00e9g\u00e9r\u0151l, de a h\u00f3nap elej\u00e9n k\u00f6zlem\u00e9nyben tudatta, hogy a szakember v\u00e1llm\u0171t\u00e9ten esett \u00e1t. Mostani k\u00f6zlem\u00e9ny\u00e9ben pedig &#8222;m\u00e9ly sajn\u00e1lattal&#8221; tudatta, hogy &#8222;v\u00e1ratlan komplik\u00e1ci\u00f3k l\u00e9ptek fel&#8221; a menedzsern\u00e9l, akinek \u00e1llapota &#8222;jelent\u0151s m\u00e9rt\u00e9kben rosszabbodott&#8221;. A Fiat Chrysler sz\u00f3viv\u0151je \u00e1ltal kiadott k\u00f6zlem\u00e9ny egy\u00fctt\u00e9rz\u00e9s\u00e9t fejezte ki Sergio Marchionne csal\u00e1dj\u00e1nak, \u00e9s kiemelte a vez\u00e9rigazgat\u00f3 emberi \u00e9s szakmai nagys\u00e1g\u00e1t.<br \/>\n(MTI)<\/p>\n","protected":false},"excerpt":{"rendered":"<p>Sergio Marchionne betegs\u00e9ge miatt \u00faj vez\u00e9rigazgat\u00f3t neveznek ki a Fiat Chrysler aut\u00f3gy\u00e1r \u00e9l\u00e9re &#8211; adta h\u00edr\u00fcl detroiti keltez\u00e9ssel a The Wall Street Journal c\u00edm\u0171 lap.<\/p>\n","protected":false},"author":1,"featured_media":0,"comment_status":"closed","ping_status":"open","sticky":false,"template":"","format":"standard","meta":[],"categories":[8,246],"tags":[],"_links":{"self":[{"href":"https:\/\/gazdasagportal.hu\/index.php\/wp-json\/wp\/v2\/posts\/107307"}],"collection":[{"href":"https:\/\/gazdasagportal.hu\/index.php\/wp-json\/wp\/v2\/posts"}],"about":[{"href":"https:\/\/gazdasagportal.hu\/index.php\/wp-json\/wp\/v2\/types\/post"}],"author":[{"embeddable":true,"href":"https:\/\/gazdasagportal.hu\/index.php\/wp-json\/wp\/v2\/users\/1"}],"replies":[{"embeddable":true,"href":"https:\/\/gazdasagportal.hu\/index.php\/wp-json\/wp\/v2\/comments?post=107307"}],"version-history":[{"count":1,"href":"https:\/\/gazdasagportal.hu\/index.php\/wp-json\/wp\/v2\/posts\/107307\/revisions"}],"predecessor-version":[{"id":107308,"href":"https:\/\/gazdasagportal.hu\/index.php\/wp-json\/wp\/v2\/posts\/107307\/revisions\/107308"}],"wp:attachment":[{"href":"https:\/\/gazdasagportal.hu\/index.php\/wp-json\/wp\/v2\/media?parent=107307"}],"wp:term":[{"taxonomy":"category","embeddable":true,"href":"https:\/\/gazdasagportal.hu\/index.php\/wp-json\/wp\/v2\/categories?post=107307"},{"taxonomy":"post_tag","embeddable":true,"href":"https:\/\/gazdasagportal.hu\/index.php\/wp-json\/wp\/v2\/tags?post=107307"}],"curies":[{"name":"wp","href":"https:\/\/api.w.org\/{rel}","templated":true}]}}