{"id":107303,"date":"2018-07-22T16:25:21","date_gmt":"2018-07-22T14:25:21","guid":{"rendered":"http:\/\/gazdasagportal.hu\/?p=107303"},"modified":"2018-07-22T16:25:21","modified_gmt":"2018-07-22T14:25:21","slug":"meleg-de-tobbszor-esos-ido-varhato-a-jovo-heten","status":"publish","type":"post","link":"https:\/\/gazdasagportal.hu\/index.php\/meleg-de-tobbszor-esos-ido-varhato-a-jovo-heten\/","title":{"rendered":"Meleg, de t\u00f6bbsz\u00f6r es\u0151s id\u0151 v\u00e1rhat\u00f3 a j\u00f6v\u0151 h\u00e9ten"},"content":{"rendered":"<p><strong>A sok naps\u00fct\u00e9s mellett a j\u00f6v\u0151 h\u00e9ten is t\u00f6bbsz\u00f6r v\u00e1rhat\u00f3 es\u0151. Ezzel egy\u00fctt marad a meleg, t\u00f6bbfel\u00e9 30 fok feletti maximumokkal &#8211; der\u00fcl ki az Orsz\u00e1gos Meteorol\u00f3giai Szolg\u00e1lat orsz\u00e1gos, k\u00f6z\u00e9pt\u00e1v\u00fa el\u0151rejelz\u00e9s\u00e9b\u0151l, melyet vas\u00e1rnap juttattak el az MTI-nek.<\/strong><!--more--><\/p>\n<div class=\"ads-in-post1\"><div id=\"gazdasagportal.hu_fullbanner_wideboard\"><\/div>\r\n<\/div>\n<p>    H\u00e9tf\u0151n kezdetben t\u00f6bb helyen, majd egyre ink\u00e1bb a d\u00e9li \u00e9s a k\u00f6z\u00e9ps\u0151 orsz\u00e1gr\u00e9szben alakul ki es\u0151, z\u00e1por, zivatar, felh\u0151szakad\u00e1s. Emellett t\u00f6bbfel\u00e9 meger\u0151s\u00f6dik a l\u00e9gmozg\u00e1s, zivatarok k\u00f6rnyezet\u00e9ben viharos sz\u00e9ll\u00f6k\u00e9sek is el\u0151fordulhatnak. A leghidegebb \u00f3r\u00e1kban 15-20 fok lehet. Napk\u00f6zben 24-30 fokig melegszik a leveg\u0151.<br \/>\n<div class=\"ads-in-post2\"><script async src=\"https:\/\/pagead2.googlesyndication.com\/pagead\/js\/adsbygoogle.js\"><\/script>\r\n<ins class=\"adsbygoogle\"\r\n     style=\"display:block\"\r\n     data-ad-format=\"fluid\"\r\n     data-ad-layout-key=\"-6t+ed+2i-1n-4w\"\r\n     data-ad-client=\"ca-pub-1959107119989764\"\r\n     data-ad-slot=\"4008251320\"><\/ins>\r\n<script>\r\n     (adsbygoogle = window.adsbygoogle || []).push({});\r\n<\/script><\/div>\n    Kedden \u00e9s szerd\u00e1n napos id\u0151 val\u00f3sz\u00edn\u0171. Elsz\u00f3rtan, f\u0151k\u00e9nt a Dun\u00e1t\u00f3l keletre v\u00e1rhat\u00f3 z\u00e1por, zivatar. A sz\u00e9l er\u0151s, keleten helyenk\u00e9nt viharos lehet, de zivatarban is vihaross\u00e1 fokoz\u00f3dhat a sz\u00e9l. A legalacsonyabb h\u0151m\u00e9rs\u00e9klet mindk\u00e9t napon 15-20 fok k\u00f6z\u00f6tt val\u00f3sz\u00edn\u0171. A nappali maximumok kedden 26-31, szerd\u00e1n 27-32 fok k\u00f6z\u00f6tt alakulnak.<br \/>\n    Cs\u00fct\u00f6rt\u00f6k\u00f6n \u00e9s p\u00e9nteken a sok naps\u00fct\u00e9s mellett sz\u00f3rv\u00e1nyosan val\u00f3sz\u00edn\u0171 z\u00e1por, zivatar. A sz\u00e9l \u00e9l\u00e9nk, zivatarban viharos lehet. A minimumh\u0151m\u00e9rs\u00e9klet cs\u00fct\u00f6rt\u00f6k\u00f6n 15-20, p\u00e9nteken 15-21 fok k\u00f6z\u00f6tt val\u00f3sz\u00edn\u0171. A maximumh\u0151m\u00e9rs\u00e9klet cs\u00fct\u00f6rt\u00f6k\u00f6n 27-32, p\u00e9nteken 27-33 fok k\u00f6z\u00f6tt alakul.<br \/>\n    A legt\u00f6bb helyen szombaton \u00e9s vas\u00e1rnap is t\u00f6bb \u00f3r\u00e1ra kis\u00fct a nap. Emellett viszont t\u00f6bb helyen fordulhat el\u0151 z\u00e1por, zivatar. Sz\u00e9ler\u0151s\u00f6d\u00e9s csak zivatar k\u00f6rnyezet\u00e9ben lehet. Szombaton a leghidegebb \u00f3r\u00e1kban 17-22, vas\u00e1rnap 17-23 fok lehet. A nappali maximumok mindk\u00e9t nap 27-33 fok k\u00f6z\u00f6tt alakulnak &#8211; olvashat\u00f3 az el\u0151rejelz\u00e9sben.(MTI)<\/p>\n","protected":false},"excerpt":{"rendered":"<p>A sok naps\u00fct\u00e9s mellett a j\u00f6v\u0151 h\u00e9ten is t\u00f6bbsz\u00f6r v\u00e1rhat\u00f3 es\u0151. Ezzel egy\u00fctt marad a meleg, t\u00f6bbfel\u00e9 30 fok feletti maximumokkal &#8211; der\u00fcl ki az Orsz\u00e1gos Meteorol\u00f3giai Szolg\u00e1lat orsz\u00e1gos, k\u00f6z\u00e9pt\u00e1v\u00fa el\u0151rejelz\u00e9s\u00e9b\u0151l, melyet vas\u00e1rnap juttattak el az MTI-nek.<\/p>\n","protected":false},"author":1,"featured_media":0,"comment_status":"closed","ping_status":"open","sticky":false,"template":"","format":"standard","meta":[],"categories":[4],"tags":[],"_links":{"self":[{"href":"https:\/\/gazdasagportal.hu\/index.php\/wp-json\/wp\/v2\/posts\/107303"}],"collection":[{"href":"https:\/\/gazdasagportal.hu\/index.php\/wp-json\/wp\/v2\/posts"}],"about":[{"href":"https:\/\/gazdasagportal.hu\/index.php\/wp-json\/wp\/v2\/types\/post"}],"author":[{"embeddable":true,"href":"https:\/\/gazdasagportal.hu\/index.php\/wp-json\/wp\/v2\/users\/1"}],"replies":[{"embeddable":true,"href":"https:\/\/gazdasagportal.hu\/index.php\/wp-json\/wp\/v2\/comments?post=107303"}],"version-history":[{"count":1,"href":"https:\/\/gazdasagportal.hu\/index.php\/wp-json\/wp\/v2\/posts\/107303\/revisions"}],"predecessor-version":[{"id":107304,"href":"https:\/\/gazdasagportal.hu\/index.php\/wp-json\/wp\/v2\/posts\/107303\/revisions\/107304"}],"wp:attachment":[{"href":"https:\/\/gazdasagportal.hu\/index.php\/wp-json\/wp\/v2\/media?parent=107303"}],"wp:term":[{"taxonomy":"category","embeddable":true,"href":"https:\/\/gazdasagportal.hu\/index.php\/wp-json\/wp\/v2\/categories?post=107303"},{"taxonomy":"post_tag","embeddable":true,"href":"https:\/\/gazdasagportal.hu\/index.php\/wp-json\/wp\/v2\/tags?post=107303"}],"curies":[{"name":"wp","href":"https:\/\/api.w.org\/{rel}","templated":true}]}}