{"id":107301,"date":"2018-07-22T12:47:38","date_gmt":"2018-07-22T10:47:38","guid":{"rendered":"http:\/\/gazdasagportal.hu\/?p=107301"},"modified":"2018-07-22T12:47:38","modified_gmt":"2018-07-22T10:47:38","slug":"brexit-major-nem-letezik-olyan-megallapodas-amely-potolhatna-az-eu-tagsag-elonyeit","status":"publish","type":"post","link":"https:\/\/gazdasagportal.hu\/index.php\/brexit-major-nem-letezik-olyan-megallapodas-amely-potolhatna-az-eu-tagsag-elonyeit\/","title":{"rendered":"Brexit &#8211; Major: nem l\u00e9tezik olyan meg\u00e1llapod\u00e1s, amely p\u00f3tolhatn\u00e1 az EU-tags\u00e1g el\u0151nyeit"},"content":{"rendered":"<p><strong>John Major szerint a brit korm\u00e1ny nem tud olyan meg\u00e1llapod\u00e1st k\u00f6tni az Eur\u00f3pai Uni\u00f3val a kil\u00e9p\u00e9s megsz\u0171n\u00e9s\u00e9nek felt\u00e9telrendszer\u00e9r\u0151l, amely p\u00f3tolhatn\u00e1 a brit EU-tags\u00e1g el\u0151nyeit.<\/strong><!--more--><\/p>\n<div class=\"ads-in-post1\"><div id=\"gazdasagportal.hu_fullbanner_wideboard\"><\/div>\r\n<\/div>\n<p>    Az egykori konzervat\u00edv p\u00e1rti brit minisztereln\u00f6k a BBC telev\u00edzi\u00f3 vas\u00e1rnapi politikai magazinm\u0171sor\u00e1ban kijelentette: b\u00e1rmilyen meg\u00e1llapod\u00e1sra jut London az Eur\u00f3pai Bizotts\u00e1ggal, &#8222;az kev\u00e9sb\u00e9 lesz j\u00f3&#8221;, mint az a kapcsolatrendszer, amelyet Nagy-Britannia az Eur\u00f3pai Uni\u00f3 tagjak\u00e9nt jelenleg fenntart az EU-val.<br \/>\n    Major &#8211; egyenes utal\u00e1ssal arra a t\u00f6bbsz\u00f6r hangoztatott korm\u00e1nyzati \u00e1ll\u00e1spontra, amely szerint egy rossz meg\u00e1llapod\u00e1sn\u00e1l az is jobb, ha nincs meg\u00e1llapod\u00e1s az EU-val &#8211; kijelentette: a meg\u00e1llapod\u00e1s n\u00e9lk\u00fcli kil\u00e9p\u00e9s a lehets\u00e9ges legrosszabb forgat\u00f3k\u00f6nyv.<br \/>\n<div class=\"ads-in-post2\"><script async src=\"https:\/\/pagead2.googlesyndication.com\/pagead\/js\/adsbygoogle.js\"><\/script>\r\n<ins class=\"adsbygoogle\"\r\n     style=\"display:block\"\r\n     data-ad-format=\"fluid\"\r\n     data-ad-layout-key=\"-6t+ed+2i-1n-4w\"\r\n     data-ad-client=\"ca-pub-1959107119989764\"\r\n     data-ad-slot=\"4008251320\"><\/ins>\r\n<script>\r\n     (adsbygoogle = window.adsbygoogle || []).push({});\r\n<\/script><\/div>\n    A volt korm\u00e1nyf\u0151 szerint ebben az esetben p\u00e9ld\u00e1ul az \u00e9szakkeleti orsz\u00e1gr\u00e9szt, amely &#8222;most sem vir\u00e1gz\u00f3 j\u00f3l\u00e9t\u00e9r\u0151l k\u00f6zismert&#8221;, a helyben megtermelt hazai \u00f6sszterm\u00e9k (GDP) 16 sz\u00e1zal\u00e9k\u00e1nak megfelel\u0151 gazdas\u00e1gi vesztes\u00e9g \u00e9rn\u00e9.<br \/>\n    Arra a riporteri felvet\u00e9sre, hogy a korm\u00e1nyz\u00f3 Konzervat\u00edv P\u00e1rt kem\u00e9nyvonalas Brexit-p\u00e1rti t\u00e1bora szerint Nagy-Britanni\u00e1ra meg\u00e1llapod\u00e1s n\u00e9lk\u00fcl megsz\u0171n\u0151 EU-tags\u00e1g eset\u00e9n is v\u00e1rhat &#8222;j\u00f3 j\u00f6v\u0151&#8221;, \u00e9s a brit korm\u00e1ny m\u00e1s orsz\u00e1gokkal is tud majd kereskedelmi meg\u00e1llapod\u00e1sokat k\u00f6tni, John Major \u00fagy fogalmazott: &#8222;m\u00e9g az is lehets\u00e9ges, hogy a F\u00f6ld lapos, de nem nagyon val\u00f3sz\u00edn\u0171&#8221;.<br \/>\n    A veter\u00e1n konzervat\u00edv politikus, aki kor\u00e1bban is rendk\u00edv\u00fcl s\u00falyos b\u00edr\u00e1latokkal illette a Theresa May vezette jelenlegi konzervat\u00edv korm\u00e1ny Brexit-politik\u00e1j\u00e1t, a vas\u00e1rnapi BBC-interj\u00fam\u0171sorban lesz\u00f6gezte: az EU \u00e9pp most jutott meg\u00e1llapod\u00e1sra Jap\u00e1nnal, \u00e9s ennek az egyezs\u00e9gnek Nagy-Britannia is r\u00e9szese lehetne, ha az EU tagja marad.<br \/>\n    A Brexit-p\u00e1rti t\u00e1bor \u00f6n\u00e1ll\u00f3 kereskedelmi meg\u00e1llapod\u00e1sokat akar az Egyes\u00fclt \u00c1llamokkal, Indi\u00e1val \u00e9s K\u00edn\u00e1val is. Az Egyes\u00fclt \u00c1llamokkal nem kiz\u00e1rt egy ilyen egyezs\u00e9g, de ennek &#8222;kisebb el\u0151ny\u00f6k mellett&#8221; komoly h\u00e1tul\u00fct\u0151i is lenn\u00e9nek, p\u00e9ld\u00e1ul a mez\u0151gazdas\u00e1gi term\u00e9kek \u00e9s a szolg\u00e1ltat\u00e1sok k\u00e9toldal\u00fa kereskedelm\u00e9nek felt\u00e9teleiben &#8211; hangs\u00falyozta a volt brit minisztereln\u00f6k.<br \/>\n    Major szerint az Indi\u00e1val mindenekel\u0151tt a szolg\u00e1ltat\u00e1sok ter\u00fclet\u00e9n tervezett k\u00e9toldal\u00fa kereskedelmi meg\u00e1llapod\u00e1s kil\u00e1t\u00e1sa jelenleg nagyon t\u00e1volinak t\u0171nik, K\u00edn\u00e1nak pedig &#8222;m\u00e9g a l\u00e1t\u00f3ter\u00e9ben sincs&#8221; Nagy-Britannia \u00f6n\u00e1ll\u00f3 kereskedelmi partnerk\u00e9nt.<br \/>\n    A konzervat\u00edv politikus &#8211; aki 1990-t\u0151l 1997-ig \u00e1llt a brit korm\u00e1ny \u00e9l\u00e9n &#8211; hangs\u00falyozta azt is, hogy amikor Nagy-Britannia kil\u00e9p az Eur\u00f3pai Uni\u00f3b\u00f3l, \u00f6tvenn\u00e9l is t\u00f6bb olyan k\u00fcls\u0151 szabadkereskedelmi meg\u00e1llapod\u00e1st vesz\u00edt el, amelynek az EU tagjak\u00e9nt jelenleg r\u00e9szese, \u00e9s ezek mindegyik\u00e9t egyenk\u00e9nt \u00fajra kell t\u00e1rgyalnia az \u00e9rintett orsz\u00e1gokkal, \u00e1m ez hossz\u00fa \u00e9vekig tart majd.<br \/>\n    Dominic Raab Brexit-\u00fcgyi miniszter ugyanebben a vas\u00e1rnapi BBC-m\u0171sorban kijelentette: v\u00e9lem\u00e9nye szerint okt\u00f3berre el\u00e9rhet\u0151 a meg\u00e1llapod\u00e1s az Eur\u00f3pai Uni\u00f3val, de a brit korm\u00e1ny el\u0151k\u00e9sz\u00fcleteket tesz arra a lehet\u0151s\u00e9gre is, hogy nem sz\u00fcletik egyezs\u00e9g az uni\u00f3val a kil\u00e9p\u00e9s felt\u00e9teleir\u0151l.<br \/>\n    John Major kor\u00e1bbi nyilatkozataiban &#8222;t\u00f6rt\u00e9nelmi hib\u00e1nak&#8221; nevezte, hogy a brit EU-tags\u00e1gr\u00f3l 2016-ban tartott n\u00e9pszavaz\u00e1son a t\u00f6bbs\u00e9g a kil\u00e9p\u00e9sre voksolt, a Brexit-p\u00e1rti politikusokat pedig azzal v\u00e1dolta, hogy irre\u00e1lis \u00e9s t\u00falzottan der\u0171l\u00e1t\u00f3 j\u00f6v\u0151k\u00e9ppel hitegetik a v\u00e1laszt\u00f3kat, \u00e9s olyan lehet\u0151s\u00e9geket v\u00e1zolnak fel a brit EU-tags\u00e1g ut\u00e1ni id\u0151szakra, amelyek t\u00falmennek minden \u00e9sszer\u0171 v\u00e1rakoz\u00e1son.(MTI)<\/p>\n","protected":false},"excerpt":{"rendered":"<p>John Major szerint a brit korm\u00e1ny nem tud olyan meg\u00e1llapod\u00e1st k\u00f6tni az Eur\u00f3pai Uni\u00f3val a kil\u00e9p\u00e9s megsz\u0171n\u00e9s\u00e9nek felt\u00e9telrendszer\u00e9r\u0151l, amely p\u00f3tolhatn\u00e1 a brit EU-tags\u00e1g el\u0151nyeit.<\/p>\n","protected":false},"author":1,"featured_media":0,"comment_status":"closed","ping_status":"open","sticky":false,"template":"","format":"standard","meta":[],"categories":[12,246],"tags":[],"_links":{"self":[{"href":"https:\/\/gazdasagportal.hu\/index.php\/wp-json\/wp\/v2\/posts\/107301"}],"collection":[{"href":"https:\/\/gazdasagportal.hu\/index.php\/wp-json\/wp\/v2\/posts"}],"about":[{"href":"https:\/\/gazdasagportal.hu\/index.php\/wp-json\/wp\/v2\/types\/post"}],"author":[{"embeddable":true,"href":"https:\/\/gazdasagportal.hu\/index.php\/wp-json\/wp\/v2\/users\/1"}],"replies":[{"embeddable":true,"href":"https:\/\/gazdasagportal.hu\/index.php\/wp-json\/wp\/v2\/comments?post=107301"}],"version-history":[{"count":1,"href":"https:\/\/gazdasagportal.hu\/index.php\/wp-json\/wp\/v2\/posts\/107301\/revisions"}],"predecessor-version":[{"id":107302,"href":"https:\/\/gazdasagportal.hu\/index.php\/wp-json\/wp\/v2\/posts\/107301\/revisions\/107302"}],"wp:attachment":[{"href":"https:\/\/gazdasagportal.hu\/index.php\/wp-json\/wp\/v2\/media?parent=107301"}],"wp:term":[{"taxonomy":"category","embeddable":true,"href":"https:\/\/gazdasagportal.hu\/index.php\/wp-json\/wp\/v2\/categories?post=107301"},{"taxonomy":"post_tag","embeddable":true,"href":"https:\/\/gazdasagportal.hu\/index.php\/wp-json\/wp\/v2\/tags?post=107301"}],"curies":[{"name":"wp","href":"https:\/\/api.w.org\/{rel}","templated":true}]}}