{"id":107297,"date":"2018-07-22T09:25:47","date_gmt":"2018-07-22T07:25:47","guid":{"rendered":"http:\/\/gazdasagportal.hu\/?p=107297"},"modified":"2018-07-22T09:25:47","modified_gmt":"2018-07-22T07:25:47","slug":"iran-felkeszult-kiterjedt-kibertamadasokra-az-egyesult-allamok-es-europa-ellen","status":"publish","type":"post","link":"https:\/\/gazdasagportal.hu\/index.php\/iran-felkeszult-kiterjedt-kibertamadasokra-az-egyesult-allamok-es-europa-ellen\/","title":{"rendered":"Ir\u00e1n felk\u00e9sz\u00fclt kiterjedt kibert\u00e1mad\u00e1sokra az Egyes\u00fclt \u00c1llamok \u00e9s Eur\u00f3pa ellen"},"content":{"rendered":"<p><strong>Ir\u00e1n felk\u00e9sz\u00fclt kiterjedt kibert\u00e1mad\u00e1sok v\u00e9grehajt\u00e1s\u00e1ra amerikai \u00e9s eur\u00f3pai infrastrukt\u00fara \u00e9s mag\u00e1nc\u00e9gek ellen, ez\u00e9rt az Egyes\u00fclt \u00c1llamok arra figyelmeztette sz\u00f6vets\u00e9geseit, hogy er\u0151s\u00edts\u00e9k meg sz\u00e1m\u00edt\u00f3g\u00e9pes v\u00e9delm\u00fcket, \u00e9s sz\u00fcks\u00e9g eset\u00e9n ellent\u00e1mad\u00e1st m\u00e9rlegeljenek &#8211; k\u00f6z\u00f6lte szombaton az NBC amerikai h\u00edrtelev\u00edzi\u00f3 honlapj\u00e1n t\u00f6bb n\u00e9vtelen\u00fcl nyilatkoz\u00f3 amerikai tiszts\u00e9gvisel\u0151re hivatkozva.<\/strong><!--more--><\/p>\n<div class=\"ads-in-post1\"><div id=\"gazdasagportal.hu_fullbanner_wideboard\"><\/div>\r\n<\/div>\n<p>    A h\u00edrad\u00e1s szerint ir\u00e1ni hekkerek &#8222;megvetett\u00e9k a kiterjedt kibert\u00e1mad\u00e1sok alapjait.&#8221; B\u00e1r Ir\u00e1n &#8222;had\u00e1ll\u00e1sba helyezte kiberfegyvereit&#8221;, nincs arra utal\u00f3 jel, hogy k\u00fcsz\u00f6b\u00f6n \u00e1llnak a t\u00e1mad\u00e1sok.<br \/>\n    Mik\u00f6zben az NBC szerint Oroszorsz\u00e1g a legagressz\u00edvebb a kibert\u00e9rben, amerikai tiszts\u00e9gvisel\u0151k azt mondj\u00e1k, Ir\u00e1n el\u0151k\u00e9sz\u00fcleteket tesz, hogy hekkert\u00e1mad\u00e1sokkal megb\u00e9n\u00edtson t\u00f6bb ezer elektromos h\u00e1l\u00f3zatot, v\u00edzm\u0171vet, eg\u00e9szs\u00e9g\u00fcgyi int\u00e9zm\u00e9nyt \u00e9s technol\u00f3giai c\u00e9get az Egyes\u00fclt \u00c1llamokban, N\u00e9metorsz\u00e1gban, Nagy-Britanni\u00e1ban \u00e9s m\u00e1s eur\u00f3pai orsz\u00e1gokban, valamint a K\u00f6zel-Keleten.<br \/>\n<div class=\"ads-in-post2\"><script async src=\"https:\/\/pagead2.googlesyndication.com\/pagead\/js\/adsbygoogle.js\"><\/script>\r\n<ins class=\"adsbygoogle\"\r\n     style=\"display:block\"\r\n     data-ad-format=\"fluid\"\r\n     data-ad-layout-key=\"-6t+ed+2i-1n-4w\"\r\n     data-ad-client=\"ca-pub-1959107119989764\"\r\n     data-ad-slot=\"4008251320\"><\/ins>\r\n<script>\r\n     (adsbygoogle = window.adsbygoogle || []).push({});\r\n<\/script><\/div>\n    Az amerikai h\u00edrtelev\u00edzi\u00f3 id\u00e9zi ugyanakkor Alireza Mirjuszefit, az ir\u00e1ni ENSZ-nagyk\u00f6vet sz\u00f3viv\u0151j\u00e9t, aki szerint Ir\u00e1nnak nem \u00e1ll sz\u00e1nd\u00e9k\u00e1ban semmilyen kiberh\u00e1bor\u00faba bocs\u00e1tkozni az Egyes\u00fclt \u00c1llamokkal. Szerinte ink\u00e1bb arr\u00f3l van sz\u00f3, Washington akarja gyan\u00faba keverni Teher\u00e1nt, hogy \u00fcr\u00fcgyet tal\u00e1ljon egy Ir\u00e1n elleni kibert\u00e1mad\u00e1sra. A sz\u00f3viv\u0151 szerint a vil\u00e1g minden orsz\u00e1g\u00e1ra n\u00e9zve az Egyes\u00fclt \u00c1llamok jelenti a legnagyobb vesz\u00e9lyt, \u00fajra meg \u00fajra hajt v\u00e9gre sz\u00e1m\u00edt\u00f3g\u00e9pes t\u00e1mad\u00e1sokat katonai \u00e9s civil c\u00e9lpontok ellen szerte a vil\u00e1gban, Ir\u00e1n ellen is, \u00e9s k\u00f6zben akad\u00e1lyozza a kibert\u00e9rre vonatkoz\u00f3 glob\u00e1lis szab\u00e1lyok meghozatal\u00e1t &#8211; mondta a sz\u00f3viv\u0151, hangs\u00falyozva, hogy Ir\u00e1n ilyen ir\u00e1ny\u00fa tev\u00e9kenys\u00e9ge kiz\u00e1r\u00f3lag v\u00e9delmi jelleg\u0171.(MTI)<\/p>\n","protected":false},"excerpt":{"rendered":"<p>Ir\u00e1n felk\u00e9sz\u00fclt kiterjedt kibert\u00e1mad\u00e1sok v\u00e9grehajt\u00e1s\u00e1ra amerikai \u00e9s eur\u00f3pai infrastrukt\u00fara \u00e9s mag\u00e1nc\u00e9gek ellen, ez\u00e9rt az Egyes\u00fclt \u00c1llamok arra figyelmeztette sz\u00f6vets\u00e9geseit, hogy er\u0151s\u00edts\u00e9k meg sz\u00e1m\u00edt\u00f3g\u00e9pes v\u00e9delm\u00fcket, \u00e9s sz\u00fcks\u00e9g eset\u00e9n ellent\u00e1mad\u00e1st m\u00e9rlegeljenek &#8211; k\u00f6z\u00f6lte szombaton az NBC amerikai h\u00edrtelev\u00edzi\u00f3 honlapj\u00e1n t\u00f6bb n\u00e9vtelen\u00fcl nyilatkoz\u00f3 amerikai tiszts\u00e9gvisel\u0151re hivatkozva.<\/p>\n","protected":false},"author":1,"featured_media":0,"comment_status":"closed","ping_status":"open","sticky":false,"template":"","format":"standard","meta":[],"categories":[13,12,16],"tags":[],"_links":{"self":[{"href":"https:\/\/gazdasagportal.hu\/index.php\/wp-json\/wp\/v2\/posts\/107297"}],"collection":[{"href":"https:\/\/gazdasagportal.hu\/index.php\/wp-json\/wp\/v2\/posts"}],"about":[{"href":"https:\/\/gazdasagportal.hu\/index.php\/wp-json\/wp\/v2\/types\/post"}],"author":[{"embeddable":true,"href":"https:\/\/gazdasagportal.hu\/index.php\/wp-json\/wp\/v2\/users\/1"}],"replies":[{"embeddable":true,"href":"https:\/\/gazdasagportal.hu\/index.php\/wp-json\/wp\/v2\/comments?post=107297"}],"version-history":[{"count":1,"href":"https:\/\/gazdasagportal.hu\/index.php\/wp-json\/wp\/v2\/posts\/107297\/revisions"}],"predecessor-version":[{"id":107298,"href":"https:\/\/gazdasagportal.hu\/index.php\/wp-json\/wp\/v2\/posts\/107297\/revisions\/107298"}],"wp:attachment":[{"href":"https:\/\/gazdasagportal.hu\/index.php\/wp-json\/wp\/v2\/media?parent=107297"}],"wp:term":[{"taxonomy":"category","embeddable":true,"href":"https:\/\/gazdasagportal.hu\/index.php\/wp-json\/wp\/v2\/categories?post=107297"},{"taxonomy":"post_tag","embeddable":true,"href":"https:\/\/gazdasagportal.hu\/index.php\/wp-json\/wp\/v2\/tags?post=107297"}],"curies":[{"name":"wp","href":"https:\/\/api.w.org\/{rel}","templated":true}]}}