{"id":107284,"date":"2018-07-21T10:02:43","date_gmt":"2018-07-21T08:02:43","guid":{"rendered":"http:\/\/gazdasagportal.hu\/?p=107284"},"modified":"2018-07-21T08:34:04","modified_gmt":"2018-07-21T06:34:04","slug":"izrael-nagyszabasu-tamadast-inditott-a-hamasz-gazai-ovezeti-letesitmenyei-ellen","status":"publish","type":"post","link":"https:\/\/gazdasagportal.hu\/index.php\/izrael-nagyszabasu-tamadast-inditott-a-hamasz-gazai-ovezeti-letesitmenyei-ellen\/","title":{"rendered":"Izrael nagyszab\u00e1s\u00fa t\u00e1mad\u00e1st ind\u00edtott a Ham\u00e1sz g\u00e1zai \u00f6vezeti l\u00e9tes\u00edtm\u00e9nyei ellen"},"content":{"rendered":"<p><strong>Izrael nagyszab\u00e1s\u00fa t\u00e1mad\u00e1st ind\u00edtott p\u00e9ntek este a Ham\u00e1sz g\u00e1zai \u00f6vezeti l\u00e9tes\u00edtm\u00e9nyei ellen, miut\u00e1n d\u00e9lut\u00e1n az \u00f6vezetet ural\u00f3 radik\u00e1lis iszlamista szervezet mesterl\u00f6v\u00e9szei meg\u00f6ltek egy izraeli katon\u00e1t &#8211; jelentette az izraeli 10-es t\u00e9v\u00e9csatorna h\u00edrad\u00f3ja.<\/strong><!--more--><\/p>\n<div class=\"ads-in-post1\"><div id=\"gazdasagportal.hu_fullbanner_wideboard\"><\/div>\r\n<\/div>\n<p>    A t\u00e9v\u00e9 szerint a 2014-es Er\u0151s Szikla hadm\u0171velet \u00f3ta a legs\u00falyosabb vesztes\u00e9g \u00e9rte az izraeli hadsereget a d\u00e9lut\u00e1n \u00f6tkor t\u00f6rt\u00e9nt t\u00e1mad\u00e1sban, amikor a G\u00e1zai \u00f6vezetb\u0151l lel\u0151tt\u00e9k a hat\u00e1r t\u00faloldal\u00e1n j\u00e1r\u0151r\u00f6z\u0151 egyik izraeli katon\u00e1t.<br \/>\n    A katon\u00e1t az \u00f6vezet d\u00e9li r\u00e9sz\u00e9n\u00e9l, Kiszufim mellett tal\u00e1lt\u00e1k el. T\u00e1rsai szerint goly\u00f3\u00e1ll\u00f3 mell\u00e9nyt viselt, ennek ellen\u00e9re mellkas\u00e1n olyan s\u00falyosan megsebes\u00fclt, hogy helikopterrel t\u00f6rt\u00e9n\u0151 k\u00f3rh\u00e1zba sz\u00e1ll\u00edt\u00e1sa ut\u00e1n belehalt s\u00e9r\u00fcl\u00e9s\u00e9be. Legut\u00f3bb hasonl\u00f3 eset az Er\u0151s Szikla hadm\u0171velet idej\u00e9n t\u00f6rt\u00e9nt a g\u00e1zai hat\u00e1rn\u00e1l.<br \/>\n    Az incidens ut\u00e1n a hat\u00e1r mindk\u00e9t oldal\u00e1n t\u0171zharc bontakozott ki, amelyben n\u00e9gy palesztin \u00e9let\u00e9t vesztette. Ezut\u00e1n rendk\u00edv\u00fcli tan\u00e1cskoz\u00e1st tartott Tel-Avivban, a hadsereg f\u0151hadisz\u00e1ll\u00e1s\u00e1n Benj\u00e1min Netanjahu minisztereln\u00f6k, Avigdor Liberman v\u00e9delmi miniszter \u00e9s Gadi Ejzenkot vez\u00e9rkari f\u0151n\u00f6k, majd este nyolc \u00f3ra ut\u00e1n megind\u00edtott\u00e1k a Ham\u00e1sz katonai infrastrukt\u00far\u00e1ja elleni nagyszab\u00e1s\u00fa t\u00e1mad\u00e1st. A hadsereg k\u00f6zlem\u00e9nyben jelentette be, hogy ez v\u00e1lasz a fegyveres er\u0151k elleni s\u00falyos incidensre. &#8222;A Ham\u00e1sz viselni fogja a felel\u0151ss\u00e9get tett\u00e9\u00e9rt. A hadsereg fokozott biztons\u00e1gi k\u00e9sz\u00fclts\u00e9gben \u00e1ll&#8221; &#8211; hangs\u00falyozt\u00e1k.<br \/>\n<div class=\"ads-in-post2\"><script async src=\"https:\/\/pagead2.googlesyndication.com\/pagead\/js\/adsbygoogle.js\"><\/script>\r\n<ins class=\"adsbygoogle\"\r\n     style=\"display:block\"\r\n     data-ad-format=\"fluid\"\r\n     data-ad-layout-key=\"-6t+ed+2i-1n-4w\"\r\n     data-ad-client=\"ca-pub-1959107119989764\"\r\n     data-ad-slot=\"4008251320\"><\/ins>\r\n<script>\r\n     (adsbygoogle = window.adsbygoogle || []).push({});\r\n<\/script><\/div>\n    A G\u00e1zai \u00f6vezet k\u00f6rny\u00e9k\u00e9n l\u00e9v\u0151 izraeli telep\u00fcl\u00e9sek lak\u00f3it felsz\u00f3l\u00edtott\u00e1k, hogy tart\u00f3zkodjanak az \u00f3v\u00f3helyek, illetve az otthonukban l\u00e9tes\u00edtett biztons\u00e1gi szob\u00e1k k\u00f6zel\u00e9ben &#8211; tizen\u00f6t m\u00e1sodpercen bel\u00fcl el kell \u00e9rni\u00fck ezeket -, \u00e9s gy\u00fclekez\u00e9si tilalmat rendeltek el ebben a t\u00e9rs\u00e9gben. Izraelben att\u00f3l tartanak, hogy a Ham\u00e1sz a k\u00f6zeli \u00f3r\u00e1kban rak\u00e9t\u00e1kkal v\u00e1laszol majd a l\u00e9gicsap\u00e1sokra, ami h\u00e1bor\u00faba sodorhatja a feleket.<br \/>\n    Az izraeli l\u00e9gicsap\u00e1sok megind\u00edt\u00e1sa ut\u00e1n h\u00e1rom rak\u00e9t\u00e1t l\u0151ttek ki G\u00e1z\u00e1b\u00f3l, amelyek k\u00f6z\u00fcl kett\u0151t elfogott a Vaskupola l\u00e9gv\u00e9delmi rendszer, egy pedig lakatlan ter\u00fcleten \u00e9rt f\u00f6ldet.<br \/>\n    Izrael Nikolaj Mladenovhoz, az ENSZ k\u00f6zel-keleti megb\u00edzottj\u00e1hoz fordult, aki Twitter-\u00fczenet\u00e9ben \u00f6nm\u00e9rs\u00e9kletre sz\u00f3l\u00edtotta fel a Ham\u00e1szt. &#8222;Nem szabad, hogy azok \u00e9rjenek el sikert, akik \u00fajabb h\u00e1bor\u00faba akarj\u00e1k sodorni a palesztinokat \u00e9s az izraelieket&#8221; &#8211; \u00edrta Mladenov.<br \/>\n    A 10-es t\u00e9v\u00e9 szak\u00e9rt\u0151i szerint az izraeli katon\u00e1kat \u00e9rt p\u00e9nteki t\u00e1mad\u00e1s el\u0151tt el\u0151rehaladott t\u00e1rgyal\u00e1sok folytak egyiptomi k\u00f6zvet\u00edt\u00e9ssel a G\u00e1zai \u00f6vezet gazdas\u00e1gi helyzet\u00e9nek rendez\u00e9s\u00e9r\u0151l, egy hosszabb t\u00e1v\u00fa b\u00e9k\u00e9s megold\u00e1sr\u00f3l.<br \/>\n(MTI)<\/p>\n","protected":false},"excerpt":{"rendered":"<p>Izrael nagyszab\u00e1s\u00fa t\u00e1mad\u00e1st ind\u00edtott p\u00e9ntek este a Ham\u00e1sz g\u00e1zai \u00f6vezeti l\u00e9tes\u00edtm\u00e9nyei ellen, miut\u00e1n d\u00e9lut\u00e1n az \u00f6vezetet ural\u00f3 radik\u00e1lis iszlamista szervezet mesterl\u00f6v\u00e9szei meg\u00f6ltek egy izraeli katon\u00e1t &#8211; jelentette az izraeli 10-es t\u00e9v\u00e9csatorna h\u00edrad\u00f3ja.<\/p>\n","protected":false},"author":1,"featured_media":0,"comment_status":"closed","ping_status":"open","sticky":false,"template":"","format":"standard","meta":[],"categories":[16],"tags":[],"_links":{"self":[{"href":"https:\/\/gazdasagportal.hu\/index.php\/wp-json\/wp\/v2\/posts\/107284"}],"collection":[{"href":"https:\/\/gazdasagportal.hu\/index.php\/wp-json\/wp\/v2\/posts"}],"about":[{"href":"https:\/\/gazdasagportal.hu\/index.php\/wp-json\/wp\/v2\/types\/post"}],"author":[{"embeddable":true,"href":"https:\/\/gazdasagportal.hu\/index.php\/wp-json\/wp\/v2\/users\/1"}],"replies":[{"embeddable":true,"href":"https:\/\/gazdasagportal.hu\/index.php\/wp-json\/wp\/v2\/comments?post=107284"}],"version-history":[{"count":1,"href":"https:\/\/gazdasagportal.hu\/index.php\/wp-json\/wp\/v2\/posts\/107284\/revisions"}],"predecessor-version":[{"id":107285,"href":"https:\/\/gazdasagportal.hu\/index.php\/wp-json\/wp\/v2\/posts\/107284\/revisions\/107285"}],"wp:attachment":[{"href":"https:\/\/gazdasagportal.hu\/index.php\/wp-json\/wp\/v2\/media?parent=107284"}],"wp:term":[{"taxonomy":"category","embeddable":true,"href":"https:\/\/gazdasagportal.hu\/index.php\/wp-json\/wp\/v2\/categories?post=107284"},{"taxonomy":"post_tag","embeddable":true,"href":"https:\/\/gazdasagportal.hu\/index.php\/wp-json\/wp\/v2\/tags?post=107284"}],"curies":[{"name":"wp","href":"https:\/\/api.w.org\/{rel}","templated":true}]}}