{"id":107258,"date":"2018-07-20T11:05:53","date_gmt":"2018-07-20T09:05:53","guid":{"rendered":"http:\/\/gazdasagportal.hu\/?p=107258"},"modified":"2018-07-20T08:06:58","modified_gmt":"2018-07-20T06:06:58","slug":"rod-rosenstein-az-oszi-valasztasokon-ismet-orosz-kibertamadasokra-lehet-szamitani","status":"publish","type":"post","link":"https:\/\/gazdasagportal.hu\/index.php\/rod-rosenstein-az-oszi-valasztasokon-ismet-orosz-kibertamadasokra-lehet-szamitani\/","title":{"rendered":"Rod Rosenstein: az \u0151szi v\u00e1laszt\u00e1sokon ism\u00e9t orosz kibert\u00e1mad\u00e1sokra lehet sz\u00e1m\u00edtani"},"content":{"rendered":"<p><strong>Az \u0151szi amerikai v\u00e1laszt\u00e1sokon ism\u00e9t orosz kibert\u00e1mad\u00e1sokra lehet sz\u00e1m\u00edtani &#8211; jelentette ki Rod Rosenstein, amerikai igazs\u00e1g\u00fcgyi miniszterhelyettes a colorad\u00f3i Aspen F\u00f3rumon cs\u00fct\u00f6rt\u00f6k\u00f6n este. <\/strong><!--more--><\/p>\n<div class=\"ads-in-post1\"><div id=\"gazdasagportal.hu_fullbanner_wideboard\"><\/div>\r\n<\/div>\n<p>    A biztons\u00e1gpolitikai k\u00e9rd\u00e9sekkel foglalkoz\u00f3, \u00e9vente megrendezett Aspen F\u00f3rumon Rosenstein arr\u00f3l a jelent\u00e9sr\u0151l is besz\u00e9lt, amelyet a t\u00e1rca az amerikai v\u00e1laszt\u00e1sokat fenyeget\u0151 beavatkoz\u00e1si k\u00eds\u00e9rletekr\u0151l, k\u00f6zt\u00fck a v\u00e1rhat\u00f3 kibert\u00e1mad\u00e1sokr\u00f3l \u00e9s az ellen\u00fck teend\u0151 l\u00e9p\u00e9sekr\u0151l \u00e1ll\u00edtott \u00f6ssze.<br \/>\n    Rod Rosenstein szerint a t\u00e1rca azzal sz\u00e1mol, hogy az orosz beavatkoz\u00e1sok folytat\u00f3dnak. A 2016-ban t\u00f6rt\u00e9nteket \u00fagy jellemezte: az csup\u00e1n &#8222;egy tereb\u00e9lyesed\u0151 erd\u0151 egyik f\u00e1ja&#8221; volt. Kifejtette: az orosz h\u00edrszerz\u00e9s emberei nem az\u00e9rt t\u00f6rtek fel amerikai sz\u00e1m\u00edt\u00f3g\u00e9peket \u00e9s helyeztek el f\u00e9lrevezet\u0151 \u00fczeneteket, mert \u00e9ppen volt egy szabad d\u00e9lut\u00e1njuk, hanem mert &#8222;minden nap ezt csin\u00e1lj\u00e1k&#8221;.<br \/>\n<div class=\"ads-in-post2\"><script async src=\"https:\/\/pagead2.googlesyndication.com\/pagead\/js\/adsbygoogle.js\"><\/script>\r\n<ins class=\"adsbygoogle\"\r\n     style=\"display:block\"\r\n     data-ad-format=\"fluid\"\r\n     data-ad-layout-key=\"-6t+ed+2i-1n-4w\"\r\n     data-ad-client=\"ca-pub-1959107119989764\"\r\n     data-ad-slot=\"4008251320\"><\/ins>\r\n<script>\r\n     (adsbygoogle = window.adsbygoogle || []).push({});\r\n<\/script><\/div>\n    Az igazs\u00e1g\u00fcgyi miniszt\u00e9rium jelent\u00e9s\u00e9r\u0151l Rosenstein azt mondta: a szakemberek \u00f6sszegy\u0171jt\u00f6tt\u00e9k azoknak a kiberfenyeget\u00e9seknek a t\u00edpusait, amelyekkel a korm\u00e1nyzatnak sz\u00e1molnia kell. Ezek a sz\u00e1m\u00edt\u00f3g\u00e9pes t\u00e1mad\u00e1sok a v\u00e1laszt\u00e1si infrastrukt\u00far\u00e1t \u00e9s az egyes politikai szervezeteket egyar\u00e1nt \u00e9rinthetik &#8211; tette hozz\u00e1. Hangs\u00falyozta, hogy a fenyeget\u00e9sek \u00e9s a folyamatos k\u00fclf\u00f6ldi beavatkoz\u00e1si k\u00eds\u00e9rletek \u00e1lland\u00f3 vesz\u00e9lyt jelentenek az amerikai demokr\u00e1ci\u00e1ra.<br \/>\n    Besz\u00e9d\u00e9ben Rosenstein nem t\u00e9rt ki Donald Trump amerikai \u00e9s Vlagyimir Putyin orosz eln\u00f6k helsinki cs\u00facstal\u00e1lkoz\u00f3j\u00e1ra, sem az amerikai eln\u00f6k azt k\u00f6vet\u0151 ellentmond\u00e1sos nyilatkozataira.(MTI)<\/p>\n","protected":false},"excerpt":{"rendered":"<p>Az \u0151szi amerikai v\u00e1laszt\u00e1sokon ism\u00e9t orosz kibert\u00e1mad\u00e1sokra lehet sz\u00e1m\u00edtani &#8211; jelentette ki Rod Rosenstein, amerikai igazs\u00e1g\u00fcgyi miniszterhelyettes a colorad\u00f3i Aspen F\u00f3rumon cs\u00fct\u00f6rt\u00f6k\u00f6n este.<\/p>\n","protected":false},"author":1,"featured_media":0,"comment_status":"closed","ping_status":"open","sticky":false,"template":"","format":"standard","meta":[],"categories":[13,12],"tags":[],"_links":{"self":[{"href":"https:\/\/gazdasagportal.hu\/index.php\/wp-json\/wp\/v2\/posts\/107258"}],"collection":[{"href":"https:\/\/gazdasagportal.hu\/index.php\/wp-json\/wp\/v2\/posts"}],"about":[{"href":"https:\/\/gazdasagportal.hu\/index.php\/wp-json\/wp\/v2\/types\/post"}],"author":[{"embeddable":true,"href":"https:\/\/gazdasagportal.hu\/index.php\/wp-json\/wp\/v2\/users\/1"}],"replies":[{"embeddable":true,"href":"https:\/\/gazdasagportal.hu\/index.php\/wp-json\/wp\/v2\/comments?post=107258"}],"version-history":[{"count":1,"href":"https:\/\/gazdasagportal.hu\/index.php\/wp-json\/wp\/v2\/posts\/107258\/revisions"}],"predecessor-version":[{"id":107259,"href":"https:\/\/gazdasagportal.hu\/index.php\/wp-json\/wp\/v2\/posts\/107258\/revisions\/107259"}],"wp:attachment":[{"href":"https:\/\/gazdasagportal.hu\/index.php\/wp-json\/wp\/v2\/media?parent=107258"}],"wp:term":[{"taxonomy":"category","embeddable":true,"href":"https:\/\/gazdasagportal.hu\/index.php\/wp-json\/wp\/v2\/categories?post=107258"},{"taxonomy":"post_tag","embeddable":true,"href":"https:\/\/gazdasagportal.hu\/index.php\/wp-json\/wp\/v2\/tags?post=107258"}],"curies":[{"name":"wp","href":"https:\/\/api.w.org\/{rel}","templated":true}]}}