{"id":107256,"date":"2018-07-20T08:12:42","date_gmt":"2018-07-20T06:12:42","guid":{"rendered":"http:\/\/gazdasagportal.hu\/?p=107256"},"modified":"2018-07-20T08:03:36","modified_gmt":"2018-07-20T06:03:36","slug":"elemzo-varhato-volt-a-stop-soros-miatti-kotelezettsegszegesi-eljaras","status":"publish","type":"post","link":"https:\/\/gazdasagportal.hu\/index.php\/elemzo-varhato-volt-a-stop-soros-miatti-kotelezettsegszegesi-eljaras\/","title":{"rendered":"Elemz\u0151: v\u00e1rhat\u00f3 volt a Stop Soros miatti k\u00f6telezetts\u00e9gszeg\u00e9si elj\u00e1r\u00e1s"},"content":{"rendered":"<p><strong>A N\u00e9z\u0151pont Int\u00e9zet igazgat\u00f3ja szerint v\u00e1rhat\u00f3 volt, hogy az Eur\u00f3pai Bizotts\u00e1g k\u00f6telezetts\u00e9gszeg\u00e9si elj\u00e1r\u00e1st ind\u00edt Magyarorsz\u00e1g ellen a &#8222;Stop Soros&#8221; t\u00f6rv\u00e9nycsomag miatt.<\/strong><!--more--><\/p>\n<div class=\"ads-in-post1\"><div id=\"gazdasagportal.hu_fullbanner_wideboard\"><\/div>\r\n<\/div>\n<p>    Mr\u00e1z \u00c1goston S\u00e1muel az M1 aktu\u00e1lis csatorna p\u00e9ntek reggeli m\u0171sor\u00e1ban azt mondta: az elj\u00e1r\u00e1s egyik oka, hogy &#8222;feloldhatatlan \u00e9rdek- \u00e9s \u00e9rt\u00e9kellent\u00e9t van az Eur\u00f3pai Bizotts\u00e1g \u00e9s Magyarorsz\u00e1g k\u00f6z\u00f6tt. Nagyon m\u00e1shogy gondolkodik az illeg\u00e1lis bev\u00e1ndorl\u00e1sr\u00f3l Br\u00fcsszel \u00e9s Budapest&#8221;.<br \/>\n<div class=\"ads-in-post2\"><script async src=\"https:\/\/pagead2.googlesyndication.com\/pagead\/js\/adsbygoogle.js\"><\/script>\r\n<ins class=\"adsbygoogle\"\r\n     style=\"display:block\"\r\n     data-ad-format=\"fluid\"\r\n     data-ad-layout-key=\"-6t+ed+2i-1n-4w\"\r\n     data-ad-client=\"ca-pub-1959107119989764\"\r\n     data-ad-slot=\"4008251320\"><\/ins>\r\n<script>\r\n     (adsbygoogle = window.adsbygoogle || []).push({});\r\n<\/script><\/div>\n    A m\u00e1sik ok, hogy ez a bizotts\u00e1g egy \u00e9v m\u00falva m\u00e1r nem lesz hivatalban. M\u00e1jus 25-\u00e9n v\u00e1laszt\u00e1s lesz, \u00e9s egy \u00faj bizotts\u00e1g fog fel\u00e1llni. Ez\u00e9rt most az utols\u00f3 n\u00e9h\u00e1ny h\u00f3napban &#8222;minden erej\u00fcket \u00f6sszeszedik&#8221; Magyarorsz\u00e1g ellen, \u00e9s bebizony\u00edtj\u00e1k, hogy a kett\u0151s m\u00e9rce l\u00e9tezik &#8211; v\u00e9lekedett a szak\u00e9rt\u0151.(MTI)<\/p>\n","protected":false},"excerpt":{"rendered":"<p>A N\u00e9z\u0151pont Int\u00e9zet igazgat\u00f3ja szerint v\u00e1rhat\u00f3 volt, hogy az Eur\u00f3pai Bizotts\u00e1g k\u00f6telezetts\u00e9gszeg\u00e9si elj\u00e1r\u00e1st ind\u00edt Magyarorsz\u00e1g ellen a &#8222;Stop Soros&#8221; t\u00f6rv\u00e9nycsomag miatt.<\/p>\n","protected":false},"author":1,"featured_media":0,"comment_status":"closed","ping_status":"open","sticky":false,"template":"","format":"standard","meta":[],"categories":[4,18],"tags":[],"_links":{"self":[{"href":"https:\/\/gazdasagportal.hu\/index.php\/wp-json\/wp\/v2\/posts\/107256"}],"collection":[{"href":"https:\/\/gazdasagportal.hu\/index.php\/wp-json\/wp\/v2\/posts"}],"about":[{"href":"https:\/\/gazdasagportal.hu\/index.php\/wp-json\/wp\/v2\/types\/post"}],"author":[{"embeddable":true,"href":"https:\/\/gazdasagportal.hu\/index.php\/wp-json\/wp\/v2\/users\/1"}],"replies":[{"embeddable":true,"href":"https:\/\/gazdasagportal.hu\/index.php\/wp-json\/wp\/v2\/comments?post=107256"}],"version-history":[{"count":1,"href":"https:\/\/gazdasagportal.hu\/index.php\/wp-json\/wp\/v2\/posts\/107256\/revisions"}],"predecessor-version":[{"id":107257,"href":"https:\/\/gazdasagportal.hu\/index.php\/wp-json\/wp\/v2\/posts\/107256\/revisions\/107257"}],"wp:attachment":[{"href":"https:\/\/gazdasagportal.hu\/index.php\/wp-json\/wp\/v2\/media?parent=107256"}],"wp:term":[{"taxonomy":"category","embeddable":true,"href":"https:\/\/gazdasagportal.hu\/index.php\/wp-json\/wp\/v2\/categories?post=107256"},{"taxonomy":"post_tag","embeddable":true,"href":"https:\/\/gazdasagportal.hu\/index.php\/wp-json\/wp\/v2\/tags?post=107256"}],"curies":[{"name":"wp","href":"https:\/\/api.w.org\/{rel}","templated":true}]}}