{"id":107250,"date":"2018-07-20T14:58:11","date_gmt":"2018-07-20T12:58:11","guid":{"rendered":"http:\/\/gazdasagportal.hu\/?p=107250"},"modified":"2018-07-20T07:59:07","modified_gmt":"2018-07-20T05:59:07","slug":"orban-izraelben-kormanyszovivo-kozep-europaban-biztonsagosabb-zsidonak-lenni-mint-barhol-mashol-a-kontinensen","status":"publish","type":"post","link":"https:\/\/gazdasagportal.hu\/index.php\/orban-izraelben-kormanyszovivo-kozep-europaban-biztonsagosabb-zsidonak-lenni-mint-barhol-mashol-a-kontinensen\/","title":{"rendered":"Orb\u00e1n Izraelben &#8211; Korm\u00e1nysz\u00f3viv\u0151: K\u00f6z\u00e9p-Eur\u00f3p\u00e1ban biztons\u00e1gosabb zsid\u00f3nak lenni, mint b\u00e1rhol m\u00e1shol a kontinensen"},"content":{"rendered":"<p><strong>Kov\u00e1cs Zolt\u00e1n korm\u00e1nysz\u00f3viv\u0151 szerint K\u00f6z\u00e9p-Eur\u00f3p\u00e1ban biztons\u00e1gosabb zsid\u00f3nak lenni, mint b\u00e1rhol m\u00e1shol Eur\u00f3p\u00e1ban, \u00e9s ez &#8222;\u00f6sszef\u00fcgg\u00e9sben \u00e1ll a t\u00f6meges migr\u00e1ci\u00f3 okozta \u00faj t\u00edpus\u00fa antiszemitizmussal&#8221;.<\/strong><!--more--><\/p>\n<div class=\"ads-in-post1\"><div id=\"gazdasagportal.hu_fullbanner_wideboard\"><\/div>\r\n<\/div>\n<p>    Kov\u00e1cs Zolt\u00e1nt azzal kapcsolatban k\u00e9rdezt\u00e9k cs\u00fct\u00f6rt\u00f6k\u00f6n az M1 aktu\u00e1lis csatorn\u00e1n, hogy Orb\u00e1n Viktor minisztereln\u00f6k a nap folyam\u00e1n Jeruzs\u00e1lemben t\u00e1rgyalt Benj\u00e1min Netanjahu izraeli korm\u00e1nyf\u0151vel.<br \/>\n    A korm\u00e1nysz\u00f3viv\u0151 hangs\u00falyozta: megk\u00e9rd\u0151jelezhetetlen a korm\u00e1ny elk\u00f6telezetts\u00e9ge a zsid\u00f3s\u00e1g, illetve a zsid\u00f3s\u00e1g biztons\u00e1ga mellett, minden seg\u00edts\u00e9get megadnak az itt \u00e9l\u0151 magyar zsid\u00f3k, zsid\u00f3 magyarok \u00e9let\u00e9hez. A zsid\u00f3 k\u00f6z\u00f6ss\u00e9g a magyar nemzet szerves r\u00e9sz\u00e9v\u00e9 v\u00e1lt &#8211; tette hozz\u00e1.<br \/>\n<div class=\"ads-in-post2\"><script async src=\"https:\/\/pagead2.googlesyndication.com\/pagead\/js\/adsbygoogle.js\"><\/script>\r\n<ins class=\"adsbygoogle\"\r\n     style=\"display:block\"\r\n     data-ad-format=\"fluid\"\r\n     data-ad-layout-key=\"-6t+ed+2i-1n-4w\"\r\n     data-ad-client=\"ca-pub-1959107119989764\"\r\n     data-ad-slot=\"4008251320\"><\/ins>\r\n<script>\r\n     (adsbygoogle = window.adsbygoogle || []).push({});\r\n<\/script><\/div>\n    Megjegyezte: b\u00e1r a k\u00f6z\u00e9p- \u00e9s kelet-eur\u00f3pai r\u00e9gi\u00f3t &#8222;kip\u00e9c\u00e9zt\u00e9k&#8221; az antiszemitizmussal kapcsolatban Nyugat-Eur\u00f3p\u00e1ban az elm\u00falt \u00e9vtizedekben, azt l\u00e1tj\u00e1k, hogy az antiszemita incidensek sz\u00e1ma \u00e9s jellege Nyugat-Eur\u00f3p\u00e1ban messze fel\u00fclm\u00falja azt, ami Magyarorsz\u00e1gon vagy K\u00f6z\u00e9p-Eur\u00f3p\u00e1ban tapasztalhat\u00f3.<br \/>\n    A &#8222;Stop Soros&#8221; t\u00f6rv\u00e9nycsomag miatt megind\u00edtott eur\u00f3pai uni\u00f3s k\u00f6telezetts\u00e9gszeg\u00e9si elj\u00e1r\u00e1sr\u00f3l Kov\u00e1cs Zolt\u00e1n azt mondta: nem lep\u0151dnek meg, az t\u00f6rt\u00e9nik, amire sz\u00e1m\u00edtottak; a bev\u00e1ndorl\u00e1sp\u00e1rti v\u00e9lem\u00e9nyek nekimennek azoknak az \u00faj int\u00e9zked\u00e9seknek, amelyek megpr\u00f3b\u00e1lj\u00e1k felsz\u00e1molni azokat a kiskapukat, amelyekkel &#8222;az \u00fagynevezett civil szervezetek vissza\u00e9ltek&#8221;.(MTI)<\/p>\n","protected":false},"excerpt":{"rendered":"<p>Kov\u00e1cs Zolt\u00e1n korm\u00e1nysz\u00f3viv\u0151 szerint K\u00f6z\u00e9p-Eur\u00f3p\u00e1ban biztons\u00e1gosabb zsid\u00f3nak lenni, mint b\u00e1rhol m\u00e1shol Eur\u00f3p\u00e1ban, \u00e9s ez &#8222;\u00f6sszef\u00fcgg\u00e9sben \u00e1ll a t\u00f6meges migr\u00e1ci\u00f3 okozta \u00faj t\u00edpus\u00fa antiszemitizmussal&#8221;.<\/p>\n","protected":false},"author":1,"featured_media":0,"comment_status":"closed","ping_status":"open","sticky":false,"template":"","format":"standard","meta":[],"categories":[4],"tags":[],"_links":{"self":[{"href":"https:\/\/gazdasagportal.hu\/index.php\/wp-json\/wp\/v2\/posts\/107250"}],"collection":[{"href":"https:\/\/gazdasagportal.hu\/index.php\/wp-json\/wp\/v2\/posts"}],"about":[{"href":"https:\/\/gazdasagportal.hu\/index.php\/wp-json\/wp\/v2\/types\/post"}],"author":[{"embeddable":true,"href":"https:\/\/gazdasagportal.hu\/index.php\/wp-json\/wp\/v2\/users\/1"}],"replies":[{"embeddable":true,"href":"https:\/\/gazdasagportal.hu\/index.php\/wp-json\/wp\/v2\/comments?post=107250"}],"version-history":[{"count":1,"href":"https:\/\/gazdasagportal.hu\/index.php\/wp-json\/wp\/v2\/posts\/107250\/revisions"}],"predecessor-version":[{"id":107251,"href":"https:\/\/gazdasagportal.hu\/index.php\/wp-json\/wp\/v2\/posts\/107250\/revisions\/107251"}],"wp:attachment":[{"href":"https:\/\/gazdasagportal.hu\/index.php\/wp-json\/wp\/v2\/media?parent=107250"}],"wp:term":[{"taxonomy":"category","embeddable":true,"href":"https:\/\/gazdasagportal.hu\/index.php\/wp-json\/wp\/v2\/categories?post=107250"},{"taxonomy":"post_tag","embeddable":true,"href":"https:\/\/gazdasagportal.hu\/index.php\/wp-json\/wp\/v2\/tags?post=107250"}],"curies":[{"name":"wp","href":"https:\/\/api.w.org\/{rel}","templated":true}]}}