{"id":107246,"date":"2018-07-20T13:50:31","date_gmt":"2018-07-20T11:50:31","guid":{"rendered":"http:\/\/gazdasagportal.hu\/?p=107246"},"modified":"2018-07-20T07:51:42","modified_gmt":"2018-07-20T05:51:42","slug":"nem-fenyegeti-hazankat-a-nyugat-europaban-mar-elhatalmasodott-szen-dioxid-hiany","status":"publish","type":"post","link":"https:\/\/gazdasagportal.hu\/index.php\/nem-fenyegeti-hazankat-a-nyugat-europaban-mar-elhatalmasodott-szen-dioxid-hiany\/","title":{"rendered":"Nem fenyegeti haz\u00e1nkat a Nyugat-Eur\u00f3p\u00e1ban m\u00e1r elhatalmasodott sz\u00e9n-dioxid-hi\u00e1ny"},"content":{"rendered":"<p><strong>M\u00e1just\u00f3l kezd\u0151d\u0151en Nyugat-Eur\u00f3pa \u00e9vtizedek \u00f3ta nem l\u00e1tott sz\u00e9n-dioxid hi\u00e1nnyal n\u00e9z szembe. A kr\u00edzis els\u0151sorban azon nagy vegyipari \u00fczemek egyidej\u0171 le\u00e1ll\u00e1s\u00e1ra vezethet\u0151 vissza, amelyek mell\u00e9 sz\u00e9n-dioxid termel\u0151 \u00fczemek \u00e9p\u00fcltek. A hazai gy\u00e1rt\u00e1si folyamatokat azonban nem fenyegeti az ipari g\u00e1z elmarad\u00e1sa, k\u00f6sz\u00f6nhet\u0151en a vil\u00e1gviszonylatban is jelent\u0151s, term\u00e9szetes eredet\u0171 sz\u00e9n-dioxid-k\u00e9szlet\u00fcnknek \u00e9s a hazai termel\u00e9s n\u00f6veked\u00e9s\u00e9nek. A Messer Hungarog\u00e1z Kft. t\u00f6bbl\u00e9pcs\u0151s fejleszt\u00e9si beruh\u00e1z\u00e1s\u00e1t k\u00f6vet\u0151en megtripl\u00e1zta az \u00f6lb\u0151i sz\u00e9n-dioxid-termel\u0151 \u00fczem\u00e9nek kapacit\u00e1s\u00e1t, ezzel lefedve hazai vev\u0151inek sz\u00e9n-dioxid sz\u00fcks\u00e9glet\u00e9t, \u00e9s jelent\u0151s exportmennyis\u00e9get is termelve. <\/strong><!--more--><\/p>\n<div class=\"ads-in-post1\"><div id=\"gazdasagportal.hu_fullbanner_wideboard\"><\/div>\r\n<\/div>\n<p>&nbsp;<\/p>\n<p>A Messer Hungarog\u00e1z Kft. sz\u00e9n-dioxid kitermel\u0151 \u00e9s hasznos\u00edt\u00f3 v\u00e1llalata, a Messer Sz\u00e9ndioxid Kft. j\u00fanius v\u00e9g\u00e9n fejezte be a nyugat-magyarorsz\u00e1gi, \u00f6lb\u0151i sz\u00e9n-dioxid lel\u0151helyen tal\u00e1lhat\u00f3 \u00fczemegys\u00e9g\u00e9nek fejleszt\u00e9s\u00e9t. A c\u00e9g imm\u00e1ron h\u00e1rom \u00fczemblokkban, k\u00e9t k\u00fattal nyeri ki kb. 2000 m\u00e9ter m\u00e9lyr\u0151l, a 90-100 bar nyom\u00e1ssal felt\u00f6r\u0151, nagytisztas\u00e1g\u00fa nyersg\u00e1zt haz\u00e1nk m\u00e1sodik legnagyobb hasznos\u00edtott CO<sub>2<\/sub>-mez\u0151j\u00e9n.<\/p><div id=\"gazda-2099113924\" class=\"gazda-tartalomban gazda-entity-placement\"><script async src=\"https:\/\/pagead2.googlesyndication.com\/pagead\/js\/adsbygoogle.js\"><\/script>\r\n<ins class=\"adsbygoogle\"\r\n     style=\"display:block\"\r\n     data-ad-format=\"fluid\"\r\n     data-ad-layout-key=\"-6t+ed+2i-1n-4w\"\r\n     data-ad-client=\"ca-pub-1959107119989764\"\r\n     data-ad-slot=\"4008251320\"><\/ins>\r\n<script>\r\n     (adsbygoogle = window.adsbygoogle || []).push({});\r\n<\/script><\/div>\n<p>&nbsp;<\/p>\n<p><strong>Egyre nagyobb kih\u00edv\u00e1s a gy\u00e1rt\u00f3knak, hogy el\u00e9g sz\u00e9n-dioxidhoz jussanak<\/strong><\/p>\n<p>&nbsp;<\/p>\n<p>Ny\u00e1ron mindig szezon\u00e1lis fogyaszt\u00e1si cs\u00faccsal kell sz\u00e1molni a sz\u00e9n-dioxid piacon. Az \u00c9szak- \u00e9s Nyugat-Eur\u00f3p\u00e1ra r\u00e1t\u00f6r\u0151 szokatlanul meleg ny\u00e1r, a futball vil\u00e1gbajnoks\u00e1g miatt megugr\u00f3 sz\u00e9nsavas \u00fcd\u00edt\u0151- \u00e9s s\u00f6rfogyaszt\u00e1s, valamint a m\u0171tr\u00e1gya- \u00e9s bioetanol gy\u00e1rak egyidej\u0171 le\u00e1ll\u00e1sa nem v\u00e1rt kih\u00edv\u00e1sokat r\u00f3tt a nagy \u00e9lelmiszeripari \u00e9s italgy\u00e1rt\u00f3 v\u00e1llalatokra, \u00e9s alaposan megnehez\u00edtette a termel\u00e9si folyamatokat.<\/p>\n<div class=\"ads-in-post2\"><script async src=\"https:\/\/pagead2.googlesyndication.com\/pagead\/js\/adsbygoogle.js\"><\/script>\r\n<ins class=\"adsbygoogle\"\r\n     style=\"display:block\"\r\n     data-ad-format=\"fluid\"\r\n     data-ad-layout-key=\"-6t+ed+2i-1n-4w\"\r\n     data-ad-client=\"ca-pub-1959107119989764\"\r\n     data-ad-slot=\"4008251320\"><\/ins>\r\n<script>\r\n     (adsbygoogle = window.adsbygoogle || []).push({});\r\n<\/script><\/div>\n&nbsp;<\/p>\n<p>\u201eA mostani rendk\u00edv\u00fcli helyzett\u0151l f\u00fcggetlen\u00fcl m\u00e1r eddig is \u00e9rezhet\u0151 volt a CO<sub>2<\/sub> ir\u00e1nti er\u0151sen n\u00f6vekv\u0151 ig\u00e9ny. Erre reag\u00e1lva 2015-ben az \u00f6lb\u0151i sz\u00e9n-dioxid \u00fczem\u00fcnk eredeti kapacit\u00e1s\u00e1nak megdupl\u00e1z\u00e1sa, 2017-ben pedig megtripl\u00e1z\u00e1sa mellett d\u00f6nt\u00f6tt\u00fcnk. Az els\u0151 b\u0151v\u00edt\u00e9si \u00fctemben fel\u00e9p\u00fclt \u00faj, legmodernebb technol\u00f3gi\u00e1val felszerelt m\u00e1sodik \u00fczemegys\u00e9g a 2017-es ny\u00e1ri cs\u00facsszezonban indult el, a harmadik \u00fczemegys\u00e9get pedig most, 2018. j\u00fanius v\u00e9g\u00e9n helyezt\u00fck \u00fczembe. A m\u00e9rn\u00f6ki \u00e9s m\u0171szaki kivitelez\u00e9st teljes k\u00f6r\u0171en a saj\u00e1t szakembereink v\u00e9gezt\u00e9k\u201d \u2013 mondta el Bohner Zsolt, a Messer Hungarog\u00e1z Kft. \u00fcgyvezet\u0151 igazgat\u00f3ja.<\/p>\n<p>&nbsp;<\/p>\n<p>A r\u00e9gi \u00e9s a 2017-ben \u00e1tadott \u00fczem \u00e9ves szinten 80.000 tonna sz\u00e9n-dioxidot \u00e1ll\u00edtott el\u0151 egy\u00fcttesen, ami nagyj\u00e1b\u00f3l 3800 tart\u00e1lykocsi t\u00f6lt\u00e9s\u00e9t jelenti. A most elindult harmadik \u00fczemegys\u00e9ggel \u00e9vente 125.000 tonn\u00e1ra n\u0151 az \u00f6lb\u0151i sz\u00e9n-dioxid-termel\u00e9s, amelynek t\u00f6bb mint fel\u00e9t exportra viszi a v\u00e1llalat \u00fagy, hogy a hazai partnereket is teljes k\u00f6r\u0171en kiszolg\u00e1lja.<\/p>\n<p>&nbsp;<\/p>\n<p><strong>Magyarorsz\u00e1g ide\u00e1lis helyzetben van<\/strong><\/p>\n<p>&nbsp;<\/p>\n<p>CO<sub>2<\/sub>-ell\u00e1totts\u00e1g szempontj\u00e1b\u00f3l a magyar piac tal\u00e1n az egyik legkedvez\u0151bb helyzetben van Eur\u00f3pa-szerte, mivel a kitermel\u00e9s nem f\u00fcgg a vegyipari \u00fczemek m\u0171k\u00f6d\u00e9si \u00fctem\u00e9t\u0151l. Itthon ugyanis kiz\u00e1r\u00f3lag term\u00e9szetes forr\u00e1sb\u00f3l, a f\u00f6ld m\u00e9ly\u00e9b\u0151l nyerik az \u00e9rt\u00e9kes g\u00e1zt, \u00edgy a hazai szerepl\u0151k rugalmasan tudnak igazodni a ny\u00e1ron rendszeresen megugr\u00f3 nagyobb sz\u00fcks\u00e9glethez.<\/p>\n<p>&nbsp;<\/p>\n<p>Ennek f\u0151 haszon\u00e9lvez\u0151i az \u00e9lelmiszeripari v\u00e1llalatok, s\u00f6r- \u00e9s \u00fcd\u00edt\u0151ital-gy\u00e1rt\u00f3k, mivel sz\u00e1mukra fontos szempont, hogy ez a 97%-os CO<sub>2<\/sub>-tartalm\u00fa nyersg\u00e1z eleve nagy tisztas\u00e1gban t\u00f6r fel a f\u00f6ld m\u00e9ly\u00e9b\u0151l, \u00edgy garant\u00e1lt a legszigor\u00fabb k\u00f6vetelm\u00e9nyeknek is megfelel\u0151 \u00e9lelmiszeripari min\u0151s\u00e9g. Mellett\u00fck m\u00e9g a hegeszt\u00e9st\u0151l a v\u00edzkezel\u00e9sen \u00e1t a fel\u00fclettiszt\u00edt\u00e1sig is hasznos\u00edthat\u00f3 a sz\u00e9n-dioxid \u2013 nem csak g\u00e1znem\u0171 form\u00e1j\u00e1ban. M\u00e9lyh\u0171t\u00f6tt cseppfoly\u00f3s vagy szil\u00e1rd \u00e1llapot\u00e1ban (sz\u00e1razj\u00e9gk\u00e9nt ismert n\u00e9ven) hat\u00e9kony h\u0171t\u0151k\u00f6zegk\u00e9nt m\u0171k\u00f6dik, szuperkritikus form\u00e1j\u00e1ban pedig kiv\u00e1l\u00f3 old\u00f3szer. Sz\u00e1mos k\u00f6rnyezetbar\u00e1t technol\u00f3gia is \u00e9p\u00fcl r\u00e1, pl. l\u00fagos ipari szennyvizek semleges\u00edt\u00e9s\u00e9re, \u00e9s uszodavizek optim\u00e1lis pH-\u00e9rt\u00e9k\u00e9nek be\u00e1ll\u00edt\u00e1s\u00e1ra is alkalmas.<\/p>\n<p>&nbsp;<\/p>\n<p><strong><em>A Messer Csoport<\/em><\/strong><\/p>\n<p><em>Az 1898-ban alap\u00edtott Messer Csoport a legnagyobb, priv\u00e1t tulajdonos \u00e1ltal ir\u00e1ny\u00edtott iparig\u00e1z-gy\u00e1rt\u00f3 v\u00e1llalat, amely az ipari, eg\u00e9szs\u00e9g\u00fcgyi \u00e9s k\u00fcl\u00f6nleges g\u00e1zok szak\u00e9rt\u0151je. A Messer \u2013 Gases for Life m\u00e1rka alatt a v\u00e1llalatcsoport Eur\u00f3p\u00e1ban, \u00c1zsi\u00e1ban \u00e9s Amerik\u00e1ban 35 orsz\u00e1gban, t\u00f6bb mint 90 v\u00e1llalatot m\u0171k\u00f6dtet. A nemzetk\u00f6zi tev\u00e9kenys\u00e9get Bad Soden-b\u0151l, Frankfurt am Main k\u00f6rzet\u00e9b\u0151l ir\u00e1ny\u00edtj\u00e1k, a k\u00f6zponti logisztikai, m\u0171szaki, termel\u00e9si \u00e9s alkalmaz\u00e1stechnikai funkci\u00f3kat pedig Krefeldb\u0151l. Stefan Messer, a Messer Csoport tulajdonosa \u00e9s vezet\u0151je 5.675 munkat\u00e1rs\u00e1val egy\u00fctt olyan \u00e9rt\u00e9kek \u00e9s ir\u00e1nyelvek ment\u00e9n dolgozik egy\u00fctt, mint a vev\u0151k \u00e9s munkat\u00e1rsak \u00e9rdekeinek szem el\u0151tt tart\u00e1sa, a k\u00f6rnyezet ir\u00e1nti \u00e9s a t\u00e1rsadalmi felel\u0151ss\u00e9gv\u00e1llal\u00e1s, a kiv\u00e1l\u00f3 teljes\u00edtm\u00e9nyre t\u00f6rekv\u00e9s, a k\u00f6lcs\u00f6n\u00f6s bizalom \u00e9s tisztelet. 2017-ben az iparig\u00e1z-gy\u00e1rt\u00f3 v\u00e1llalatcsoport 1,232 milli\u00e1rd Eur\u00f3 konszolid\u00e1lt forgalmat \u00e9rt el.<\/em><\/p>\n<p><em><a href=\"http:\/\/www.messergroup.com\" target=\"_blank\" rel=\"noopener\">http:\/\/www.messergroup.com<\/a> <\/em><\/p>\n<p><em>\u00a0<\/em><\/p>\n<p><strong><em>A Messer Hungarog\u00e1z Kft.<\/em><\/strong><\/p>\n<p><em>A Messer Hungarog\u00e1z Kft. Magyarorsz\u00e1g egyik vezet\u0151 iparig\u00e1z-gy\u00e1rt\u00f3 \u00e9s forgalmaz\u00f3 v\u00e1llalata, amely a vil\u00e1gszerte legnagyobb saj\u00e1t tulajdonban l\u00e9v\u0151 iparig\u00e1z-szak\u00e9rt\u0151, a Messer Group magyarorsz\u00e1gi le\u00e1nyv\u00e1llalata. A v\u00e1llalatot 1989-ben alap\u00edtott\u00e1k budapesti k\u00f6zponttal. Orsz\u00e1gszerte h\u00e1rom leveg\u0151sz\u00e9tv\u00e1laszt\u00f3 \u00fczemben \u00e9s \u00f6t palackt\u00f6lt\u0151 \u00fczemben folyik az ipari g\u00e1zok el\u0151\u00e1ll\u00edt\u00e1sa, valamint sz\u00e1mos on-site g\u00e1zel\u0151\u00e1ll\u00edt\u00f3 \u00fczemet m\u0171k\u00f6dtet kiemelt partnereinek telephely\u00e9n. Mindezen t\u00fal tulajdon\u00e1ban van a sz\u00e9n-dioxid kitermel\u00e9sre \u00e9s el\u0151\u00e1ll\u00edt\u00e1sra specializ\u00e1l\u00f3dott Messer Sz\u00e9ndioxid Kft., amely haz\u00e1nk m\u00e1sodik legnagyobb CO<sub>2<\/sub> mez\u0151j\u00e9t hasznos\u00edtja \u00d6lb\u0151n.<\/em><\/p>\n<p><em>Az ipari g\u00e1zok k\u00f6r\u00e9be tartoznak a leveg\u0151t alkot\u00f3 g\u00e1zok \u2013 els\u0151sorban az oxig\u00e9n, nitrog\u00e9n, argon, h\u00e9lium \u00e9s a nemesg\u00e1zok \u2013, tov\u00e1bb\u00e1 a sz\u00e9n-dioxid, hidrog\u00e9n, acetil\u00e9n, az eg\u00e9szs\u00e9g\u00fcgyi, \u00e9lelmiszeripari, hegeszt\u00e9si \u00e9s laborg\u00e1zok, valamint g\u00e1zkever\u00e9kek. A Messer a g\u00e1zok el\u0151\u00e1ll\u00edt\u00e1s\u00e1n, forgalmaz\u00e1s\u00e1n \u00e9s g\u00e1zell\u00e1t\u00f3rendszerek telep\u00edt\u00e9s\u00e9n t\u00fal a g\u00e1zokhoz kapcsol\u00f3d\u00f3 alkalmaz\u00e1stechnol\u00f3gi\u00e1k fejleszt\u00e9s\u00e9vel is foglalkozik. A Messer Hungarog\u00e1z 2017-ben mintegy 20,726 milli\u00e1rd HUF forgalmat \u00e9rt el.<\/em><\/p>\n<p><em><a href=\"http:\/\/www.messer.hu\" target=\"_blank\" rel=\"noopener\">www.messer.hu<\/a> <\/em><\/p>\n","protected":false},"excerpt":{"rendered":"<p>M\u00e1just\u00f3l kezd\u0151d\u0151en Nyugat-Eur\u00f3pa \u00e9vtizedek \u00f3ta nem l\u00e1tott sz\u00e9n-dioxid hi\u00e1nnyal n\u00e9z szembe. A kr\u00edzis els\u0151sorban azon nagy vegyipari \u00fczemek egyidej\u0171 le\u00e1ll\u00e1s\u00e1ra vezethet\u0151 vissza, amelyek mell\u00e9 sz\u00e9n-dioxid termel\u0151 \u00fczemek \u00e9p\u00fcltek. A hazai gy\u00e1rt\u00e1si folyamatokat azonban nem fenyegeti az ipari g\u00e1z elmarad\u00e1sa, k\u00f6sz\u00f6nhet\u0151en a vil\u00e1gviszonylatban is jelent\u0151s, term\u00e9szetes eredet\u0171 sz\u00e9n-dioxid-k\u00e9szlet\u00fcnknek \u00e9s a hazai termel\u00e9s n\u00f6veked\u00e9s\u00e9nek. A Messer Hungarog\u00e1z &#8230;<\/p>\n","protected":false},"author":1,"featured_media":0,"comment_status":"closed","ping_status":"open","sticky":false,"template":"","format":"standard","meta":[],"categories":[4],"tags":[],"_links":{"self":[{"href":"https:\/\/gazdasagportal.hu\/index.php\/wp-json\/wp\/v2\/posts\/107246"}],"collection":[{"href":"https:\/\/gazdasagportal.hu\/index.php\/wp-json\/wp\/v2\/posts"}],"about":[{"href":"https:\/\/gazdasagportal.hu\/index.php\/wp-json\/wp\/v2\/types\/post"}],"author":[{"embeddable":true,"href":"https:\/\/gazdasagportal.hu\/index.php\/wp-json\/wp\/v2\/users\/1"}],"replies":[{"embeddable":true,"href":"https:\/\/gazdasagportal.hu\/index.php\/wp-json\/wp\/v2\/comments?post=107246"}],"version-history":[{"count":1,"href":"https:\/\/gazdasagportal.hu\/index.php\/wp-json\/wp\/v2\/posts\/107246\/revisions"}],"predecessor-version":[{"id":107247,"href":"https:\/\/gazdasagportal.hu\/index.php\/wp-json\/wp\/v2\/posts\/107246\/revisions\/107247"}],"wp:attachment":[{"href":"https:\/\/gazdasagportal.hu\/index.php\/wp-json\/wp\/v2\/media?parent=107246"}],"wp:term":[{"taxonomy":"category","embeddable":true,"href":"https:\/\/gazdasagportal.hu\/index.php\/wp-json\/wp\/v2\/categories?post=107246"},{"taxonomy":"post_tag","embeddable":true,"href":"https:\/\/gazdasagportal.hu\/index.php\/wp-json\/wp\/v2\/tags?post=107246"}],"curies":[{"name":"wp","href":"https:\/\/api.w.org\/{rel}","templated":true}]}}