{"id":107239,"date":"2018-07-20T07:54:10","date_gmt":"2018-07-20T05:54:10","guid":{"rendered":"http:\/\/gazdasagportal.hu\/?p=107239"},"modified":"2018-07-20T07:55:03","modified_gmt":"2018-07-20T05:55:03","slug":"a-paksi-atomeromuhoz-riasztottak-a-honvedseg-gripenjeit","status":"publish","type":"post","link":"https:\/\/gazdasagportal.hu\/index.php\/a-paksi-atomeromuhoz-riasztottak-a-honvedseg-gripenjeit\/","title":{"rendered":"A paksi atomer\u0151m\u0171h\u00f6z riasztott\u00e1k a honv\u00e9ds\u00e9g Gripenjeit"},"content":{"rendered":"<p><strong>A paksi atomer\u0151m\u0171h\u00f6z riasztott\u00e1k a Magyar Honv\u00e9ds\u00e9g Gripenjeit k\u00e9t kisrep\u00fcl\u0151g\u00e9p miatt &#8211; t\u00e1j\u00e9koztatta a Honv\u00e9delmi Miniszt\u00e9rium (HM) p\u00e9nteken az MTI-t.<\/strong><!--more--><\/p>\n<div class=\"ads-in-post1\"><div id=\"gazdasagportal.hu_fullbanner_wideboard\"><\/div>\r\n<\/div>\n<p>    K\u00f6zlem\u00e9ny\u00fck szerint az atomer\u0151m\u0171 munkat\u00e1rsai cs\u00fct\u00f6rt\u00f6k este \u00e9rtes\u00edtett\u00e9k a Magyar Honv\u00e9ds\u00e9g L\u00e9gi Vezet\u00e9si \u00e9s Ir\u00e1ny\u00edt\u00e1si K\u00f6zpontj\u00e1t, mivel az atomer\u0151m\u0171 k\u00f6rzet\u00e9ben l\u00e9v\u0151 tiltott l\u00e9gt\u00e9rben kisrep\u00fcl\u0151g\u00e9peket \u00e9szleltek. A honv\u00e9ds\u00e9gi k\u00f6zpont ez\u00e9rt riasztotta l\u00e9gv\u00e9delmi k\u00e9szenl\u00e9ti szolg\u00e1lat\u00e1t.<br \/>\n<div class=\"ads-in-post2\"><script async src=\"https:\/\/pagead2.googlesyndication.com\/pagead\/js\/adsbygoogle.js\"><\/script>\r\n<ins class=\"adsbygoogle\"\r\n     style=\"display:block\"\r\n     data-ad-format=\"fluid\"\r\n     data-ad-layout-key=\"-6t+ed+2i-1n-4w\"\r\n     data-ad-client=\"ca-pub-1959107119989764\"\r\n     data-ad-slot=\"4008251320\"><\/ins>\r\n<script>\r\n     (adsbygoogle = window.adsbygoogle || []).push({});\r\n<\/script><\/div>\n    A vad\u00e1szg\u00e9pek a tiltott l\u00e9gt\u00e9r megs\u00e9rt\u00e9se n\u00e9lk\u00fcl azonos\u00edtott\u00e1k a k\u00e9t AN-2 t\u00edpus\u00fa kisrep\u00fcl\u0151g\u00e9pet, amelyek Duna\u00fajv\u00e1rosban sz\u00e1lltak fel, majd oda \u00e9rkeztek vissza. Lesz\u00e1ll\u00e1suk ut\u00e1n a rend\u0151rs\u00f6k &#8222;int\u00e9zked\u00e9s al\u00e1 vont\u00e1k \u0151ket&#8221;, a Gripenek pedig visszat\u00e9rtek a kecskem\u00e9ti b\u00e1zisra &#8211; k\u00f6z\u00f6lte a HM.(MTI)<\/p>\n","protected":false},"excerpt":{"rendered":"<p>A paksi atomer\u0151m\u0171h\u00f6z riasztott\u00e1k a Magyar Honv\u00e9ds\u00e9g Gripenjeit k\u00e9t kisrep\u00fcl\u0151g\u00e9p miatt &#8211; t\u00e1j\u00e9koztatta a Honv\u00e9delmi Miniszt\u00e9rium (HM) p\u00e9nteken az MTI-t.<\/p>\n","protected":false},"author":1,"featured_media":0,"comment_status":"closed","ping_status":"open","sticky":false,"template":"","format":"standard","meta":[],"categories":[4],"tags":[],"_links":{"self":[{"href":"https:\/\/gazdasagportal.hu\/index.php\/wp-json\/wp\/v2\/posts\/107239"}],"collection":[{"href":"https:\/\/gazdasagportal.hu\/index.php\/wp-json\/wp\/v2\/posts"}],"about":[{"href":"https:\/\/gazdasagportal.hu\/index.php\/wp-json\/wp\/v2\/types\/post"}],"author":[{"embeddable":true,"href":"https:\/\/gazdasagportal.hu\/index.php\/wp-json\/wp\/v2\/users\/1"}],"replies":[{"embeddable":true,"href":"https:\/\/gazdasagportal.hu\/index.php\/wp-json\/wp\/v2\/comments?post=107239"}],"version-history":[{"count":1,"href":"https:\/\/gazdasagportal.hu\/index.php\/wp-json\/wp\/v2\/posts\/107239\/revisions"}],"predecessor-version":[{"id":107240,"href":"https:\/\/gazdasagportal.hu\/index.php\/wp-json\/wp\/v2\/posts\/107239\/revisions\/107240"}],"wp:attachment":[{"href":"https:\/\/gazdasagportal.hu\/index.php\/wp-json\/wp\/v2\/media?parent=107239"}],"wp:term":[{"taxonomy":"category","embeddable":true,"href":"https:\/\/gazdasagportal.hu\/index.php\/wp-json\/wp\/v2\/categories?post=107239"},{"taxonomy":"post_tag","embeddable":true,"href":"https:\/\/gazdasagportal.hu\/index.php\/wp-json\/wp\/v2\/tags?post=107239"}],"curies":[{"name":"wp","href":"https:\/\/api.w.org\/{rel}","templated":true}]}}