{"id":107216,"date":"2018-07-19T15:49:55","date_gmt":"2018-07-19T13:49:55","guid":{"rendered":"http:\/\/gazdasagportal.hu\/?p=107216"},"modified":"2018-07-19T08:50:43","modified_gmt":"2018-07-19T06:50:43","slug":"orban-balazs-mukodik-a-modern-varosok-indul-a-modern-falvak-program","status":"publish","type":"post","link":"https:\/\/gazdasagportal.hu\/index.php\/orban-balazs-mukodik-a-modern-varosok-indul-a-modern-falvak-program\/","title":{"rendered":"Orb\u00e1n Bal\u00e1zs: m\u0171k\u00f6dik a Modern v\u00e1rosok, indul a Modern falvak program"},"content":{"rendered":"<p><strong>A Modern v\u00e1rosok program 200-n\u00e1l t\u00f6bb, m\u00e1r elindult projektj\u00e9nek h\u00e1romnegyede tervez\u00e9si, illetve kivitelez\u00e9si szakaszban van, \u00e9s j\u00f6v\u0151re indulhat a legkisebb telep\u00fcl\u00e9sek n\u00e9pess\u00e9gmegtart\u00f3 k\u00e9pess\u00e9g\u00e9t fejleszt\u0151 Modern falvak program &#8211; mondta a Minisztereln\u00f6ks\u00e9g parlamenti \u00e1llamtitk\u00e1ra az M1 aktu\u00e1lis csatorna cs\u00fct\u00f6rt\u00f6k reggeli m\u0171sor\u00e1ban.<\/strong><!--more--><\/p>\n<div class=\"ads-in-post1\"><div id=\"gazdasagportal.hu_fullbanner_wideboard\"><\/div>\r\n<\/div>\n<p>    Orb\u00e1n Bal\u00e1zs hangs\u00falyozta: minden telep\u00fcl\u00e9sen a helyi ig\u00e9nyek szerint hajtj\u00e1k v\u00e9gre a hazai \u00e9s eur\u00f3pai forr\u00e1sokat is felhaszn\u00e1l\u00f3 programokat. A v\u00e1rosokban ipari parkok \u00e9p\u00fclhetnek, fejl\u0151dhet a k\u00f6zleked\u00e9s, az oktat\u00e1s \u00e9s az eg\u00e9szs\u00e9g\u00fcgy int\u00e9zm\u00e9nyrendszere, de juthat p\u00e9nz szabadid\u0151s \u00e9s sportl\u00e9tes\u00edtm\u00e9nyekre is.<br \/>\n<div class=\"ads-in-post2\"><script async src=\"https:\/\/pagead2.googlesyndication.com\/pagead\/js\/adsbygoogle.js\"><\/script>\r\n<ins class=\"adsbygoogle\"\r\n     style=\"display:block\"\r\n     data-ad-format=\"fluid\"\r\n     data-ad-layout-key=\"-6t+ed+2i-1n-4w\"\r\n     data-ad-client=\"ca-pub-1959107119989764\"\r\n     data-ad-slot=\"4008251320\"><\/ins>\r\n<script>\r\n     (adsbygoogle = window.adsbygoogle || []).push({});\r\n<\/script><\/div>\n    M\u00e1r zajlik a Modern falvak program politikai tervez\u00e9se, j\u00f6v\u0151re indul a v\u00e9grehajt\u00e1si szakasz &#8211; mondta -, hangs\u00falyozva, hogy korm\u00e1nyzati c\u00e9l a falusi \u00e9letforma meg\u0151rz\u00e9se, vonz\u00f3v\u00e1 t\u00e9tele. Ennek lehets\u00e9ges eszk\u00f6zek\u00e9nt az olyan \u00e9letmin\u0151s\u00e9g-jav\u00edt\u00f3 beruh\u00e1z\u00e1sokat eml\u00edtett, mint a bekapcsol\u00f3d\u00e1s a k\u00f6z\u00f6ss\u00e9gi k\u00f6zleked\u00e9sbe, a posta helybe vitele, az internetszolg\u00e1ltat\u00e1s min\u0151s\u00e9g\u00e9nek jav\u00edt\u00e1sa.<br \/>\n    Orb\u00e1n Bal\u00e1zs eml\u00e9keztetett arra, hogy a hazai n\u00e9pess\u00e9g negyede \u00e9l ebben a telep\u00fcl\u00e9st\u00edpusban.(MTI)<\/p>\n","protected":false},"excerpt":{"rendered":"<p>A Modern v\u00e1rosok program 200-n\u00e1l t\u00f6bb, m\u00e1r elindult projektj\u00e9nek h\u00e1romnegyede tervez\u00e9si, illetve kivitelez\u00e9si szakaszban van, \u00e9s j\u00f6v\u0151re indulhat a legkisebb telep\u00fcl\u00e9sek n\u00e9pess\u00e9gmegtart\u00f3 k\u00e9pess\u00e9g\u00e9t fejleszt\u0151 Modern falvak program &#8211; mondta a Minisztereln\u00f6ks\u00e9g parlamenti \u00e1llamtitk\u00e1ra az M1 aktu\u00e1lis csatorna cs\u00fct\u00f6rt\u00f6k reggeli m\u0171sor\u00e1ban.<\/p>\n","protected":false},"author":1,"featured_media":0,"comment_status":"closed","ping_status":"open","sticky":false,"template":"","format":"standard","meta":[],"categories":[4],"tags":[],"_links":{"self":[{"href":"https:\/\/gazdasagportal.hu\/index.php\/wp-json\/wp\/v2\/posts\/107216"}],"collection":[{"href":"https:\/\/gazdasagportal.hu\/index.php\/wp-json\/wp\/v2\/posts"}],"about":[{"href":"https:\/\/gazdasagportal.hu\/index.php\/wp-json\/wp\/v2\/types\/post"}],"author":[{"embeddable":true,"href":"https:\/\/gazdasagportal.hu\/index.php\/wp-json\/wp\/v2\/users\/1"}],"replies":[{"embeddable":true,"href":"https:\/\/gazdasagportal.hu\/index.php\/wp-json\/wp\/v2\/comments?post=107216"}],"version-history":[{"count":1,"href":"https:\/\/gazdasagportal.hu\/index.php\/wp-json\/wp\/v2\/posts\/107216\/revisions"}],"predecessor-version":[{"id":107217,"href":"https:\/\/gazdasagportal.hu\/index.php\/wp-json\/wp\/v2\/posts\/107216\/revisions\/107217"}],"wp:attachment":[{"href":"https:\/\/gazdasagportal.hu\/index.php\/wp-json\/wp\/v2\/media?parent=107216"}],"wp:term":[{"taxonomy":"category","embeddable":true,"href":"https:\/\/gazdasagportal.hu\/index.php\/wp-json\/wp\/v2\/categories?post=107216"},{"taxonomy":"post_tag","embeddable":true,"href":"https:\/\/gazdasagportal.hu\/index.php\/wp-json\/wp\/v2\/tags?post=107216"}],"curies":[{"name":"wp","href":"https:\/\/api.w.org\/{rel}","templated":true}]}}