{"id":107194,"date":"2018-07-18T12:09:40","date_gmt":"2018-07-18T10:09:40","guid":{"rendered":"http:\/\/gazdasagportal.hu\/?p=107194"},"modified":"2018-07-18T12:09:40","modified_gmt":"2018-07-18T10:09:40","slug":"illegalis-bevandorlas-frontex-juniusban-mar-spanyolorszag-volt-a-legfobb-belepesi-helyszin","status":"publish","type":"post","link":"https:\/\/gazdasagportal.hu\/index.php\/illegalis-bevandorlas-frontex-juniusban-mar-spanyolorszag-volt-a-legfobb-belepesi-helyszin\/","title":{"rendered":"Illeg\u00e1lis bev\u00e1ndorl\u00e1s &#8211; Frontex: j\u00faniusban m\u00e1r Spanyolorsz\u00e1g volt a legf\u0151bb bel\u00e9p\u00e9si helysz\u00edn"},"content":{"rendered":"<p><strong>Tov\u00e1bbra is viszonylag alacsony az illeg\u00e1lisan Eur\u00f3p\u00e1ba \u00e9rkez\u0151 bev\u00e1ndorl\u00f3k sz\u00e1ma, j\u00faniusban feleannyi embert regisztr\u00e1ltak a hat\u00f3s\u00e1gok, mint egy \u00e9vvel kor\u00e1bban, a legf\u0151bb bel\u00e9p\u00e9si pont ez\u00fattal azonban most el\u0151sz\u00f6r Spanyolorsz\u00e1g volt &#8211; \u00edrta friss jelent\u00e9s\u00e9ben az uni\u00f3s part- \u00e9s hat\u00e1rv\u00e9delmi \u00fcgyn\u00f6ks\u00e9g (Frontex).<\/strong><!--more--><br \/>\n<div class=\"ads-in-post1\"><div id=\"gazdasagportal.hu_fullbanner_wideboard\"><\/div>\r\n<\/div>\n<p>    A szervezet \u00e9rt\u00e9kel\u00e9se szerint a m\u00falt h\u00f3napban nagyj\u00e1b\u00f3l 13 100-an \u00e9rkeztek a n\u00e9gy f\u0151 migr\u00e1ci\u00f3s \u00fatvonalon kereszt\u00fcl az EU-ba, ami 56 sz\u00e1zal\u00e9kos cs\u00f6kken\u00e9st jelent az egy \u00e9vvel kor\u00e1bbi adatokhoz k\u00e9pest, de 8 sz\u00e1zal\u00e9kos n\u00f6veked\u00e9st m\u00e1jus \u00f3ta.<br \/>\n    Id\u00e9n eddig \u00f6sszesen 60 430 \u00e9rkez\u0151t regisztr\u00e1ltak, csaknem fel\u00e9vel kevesebbet, mint a tavalyi \u00e9v azonos id\u0151szak\u00e1ban.<br \/>\n    Az Olaszorsz\u00e1gban tapasztalt visszaes\u00e9s miatt a legf\u0151bb bel\u00e9p\u00e9si pont m\u00e1r Spanyolorsz\u00e1g volt, ahol j\u00faniusban 6400 embert regisztr\u00e1ltak, 166 sz\u00e1zal\u00e9kkal t\u00f6bbet, mint tavaly. Ezen az \u00fatvonalon id\u00e9n eddig 14 700 illeg\u00e1lis hat\u00e1r\u00e1tl\u00e9p\u0151t jegyeztek fel, ez csaknem dupl\u00e1ja az el\u0151z\u0151 \u00e9vi sz\u00e1moknak. Az \u00e9rkez\u0151k legnagyobb csoportj\u00e1t a guineaiak \u00e9s a marokk\u00f3iak alkott\u00e1k.<br \/>\n<div class=\"ads-in-post2\"><script async src=\"https:\/\/pagead2.googlesyndication.com\/pagead\/js\/adsbygoogle.js\"><\/script>\r\n<ins class=\"adsbygoogle\"\r\n     style=\"display:block\"\r\n     data-ad-format=\"fluid\"\r\n     data-ad-layout-key=\"-6t+ed+2i-1n-4w\"\r\n     data-ad-client=\"ca-pub-1959107119989764\"\r\n     data-ad-slot=\"4008251320\"><\/ins>\r\n<script>\r\n     (adsbygoogle = window.adsbygoogle || []).push({});\r\n<\/script><\/div>\n    G\u00f6r\u00f6gorsz\u00e1gba j\u00faniusban 3600 &#8211; t\u00f6bbs\u00e9g\u00e9ben sz\u00edriai \u00e9s iraki &#8211; mened\u00e9kk\u00e9r\u0151 \u00e9rkezett. Ez harmad\u00e1val kevesebb, mint m\u00e1jusban, sz\u00e1muk ugyanakkor az idei \u00e9v els\u0151 hat h\u00f3napj\u00e1ban \u00f6sszesen 24 300 k\u00f6r\u00fcl alakult, ami 90 sz\u00e1zal\u00e9kos n\u00f6veked\u00e9st jelent a megel\u0151z\u0151 \u00e9vhez k\u00e9pest.<br \/>\n    Az olasz partokon nagyj\u00e1b\u00f3l 3000 embert regisztr\u00e1ltak, ez 87 sz\u00e1zal\u00e9kkal alacsonyabb a tavalyi adatokn\u00e1l. J\u00fanius v\u00e9g\u00e9ig 16 100 embert vettek nyilv\u00e1ntart\u00e1sba az olasz hat\u00f3s\u00e1gok, 81 sz\u00e1zal\u00e9kkal kevesebbet, mint tavaly. Az \u00e9rkez\u0151k k\u00f6z\u00f6tt legt\u00f6bben a tun\u00e9ziai \u00e9s az eritreai \u00e1llampolg\u00e1rok voltak.<br \/>\n    A nyugat-balk\u00e1ni \u00fatvonalon tov\u00e1bbra is alacsony az \u00e9rkez\u0151k sz\u00e1ma, a Frontex azonban \u00faj \u00fatvonalak kialakul\u00e1s\u00e1ra figyelmeztetett Alb\u00e1ni\u00e1n, Montenegr\u00f3n \u00e9s Bosznia-Hercegovin\u00e1n, illetve Szerbi\u00e1n \u00e9s Bosznia-Hercegovin\u00e1n kereszt\u00fcl. Mint \u00edrt\u00e1k, ezekben az orsz\u00e1gokban az ut\u00f3bbi h\u00f3napokban fokoz\u00f3dott a migr\u00e1ci\u00f3s nyom\u00e1s.(MTI)<\/p>\n","protected":false},"excerpt":{"rendered":"<p>Tov\u00e1bbra is viszonylag alacsony az illeg\u00e1lisan Eur\u00f3p\u00e1ba \u00e9rkez\u0151 bev\u00e1ndorl\u00f3k sz\u00e1ma, j\u00faniusban feleannyi embert regisztr\u00e1ltak a hat\u00f3s\u00e1gok, mint egy \u00e9vvel kor\u00e1bban, a legf\u0151bb bel\u00e9p\u00e9si pont ez\u00fattal azonban most el\u0151sz\u00f6r Spanyolorsz\u00e1g volt &#8211; \u00edrta friss jelent\u00e9s\u00e9ben az uni\u00f3s part- \u00e9s hat\u00e1rv\u00e9delmi \u00fcgyn\u00f6ks\u00e9g (Frontex).<\/p>\n","protected":false},"author":1,"featured_media":0,"comment_status":"closed","ping_status":"open","sticky":false,"template":"","format":"standard","meta":[],"categories":[12],"tags":[],"_links":{"self":[{"href":"https:\/\/gazdasagportal.hu\/index.php\/wp-json\/wp\/v2\/posts\/107194"}],"collection":[{"href":"https:\/\/gazdasagportal.hu\/index.php\/wp-json\/wp\/v2\/posts"}],"about":[{"href":"https:\/\/gazdasagportal.hu\/index.php\/wp-json\/wp\/v2\/types\/post"}],"author":[{"embeddable":true,"href":"https:\/\/gazdasagportal.hu\/index.php\/wp-json\/wp\/v2\/users\/1"}],"replies":[{"embeddable":true,"href":"https:\/\/gazdasagportal.hu\/index.php\/wp-json\/wp\/v2\/comments?post=107194"}],"version-history":[{"count":1,"href":"https:\/\/gazdasagportal.hu\/index.php\/wp-json\/wp\/v2\/posts\/107194\/revisions"}],"predecessor-version":[{"id":107195,"href":"https:\/\/gazdasagportal.hu\/index.php\/wp-json\/wp\/v2\/posts\/107194\/revisions\/107195"}],"wp:attachment":[{"href":"https:\/\/gazdasagportal.hu\/index.php\/wp-json\/wp\/v2\/media?parent=107194"}],"wp:term":[{"taxonomy":"category","embeddable":true,"href":"https:\/\/gazdasagportal.hu\/index.php\/wp-json\/wp\/v2\/categories?post=107194"},{"taxonomy":"post_tag","embeddable":true,"href":"https:\/\/gazdasagportal.hu\/index.php\/wp-json\/wp\/v2\/tags?post=107194"}],"curies":[{"name":"wp","href":"https:\/\/api.w.org\/{rel}","templated":true}]}}