{"id":107192,"date":"2018-07-18T17:29:57","date_gmt":"2018-07-18T15:29:57","guid":{"rendered":"http:\/\/gazdasagportal.hu\/?p=107192"},"modified":"2018-07-18T10:55:09","modified_gmt":"2018-07-18T08:55:09","slug":"magyar-iparszovetseg-kedvezo-a-2019-es-koltsegvetes-a-kisvallalkozasok-szamara","status":"publish","type":"post","link":"https:\/\/gazdasagportal.hu\/index.php\/magyar-iparszovetseg-kedvezo-a-2019-es-koltsegvetes-a-kisvallalkozasok-szamara\/","title":{"rendered":"Magyar Iparsz\u00f6vets\u00e9g: kedvez\u0151 a 2019-es k\u00f6lts\u00e9gvet\u00e9s a kisv\u00e1llalkoz\u00e1sok sz\u00e1m\u00e1ra"},"content":{"rendered":"<p><strong>T\u00e1mogatja a kis- \u00e9s k\u00f6z\u00e9pv\u00e1llalkoz\u00f3i r\u00e9teg versenyk\u00e9pess\u00e9g\u00e9nek \u00e9s j\u00f6vedelemtermel\u0151 k\u00e9pess\u00e9g\u00e9nek er\u0151s\u00f6d\u00e9s\u00e9t a 2019-es k\u00f6lts\u00e9gvet\u00e9s &#8211; mondta a Magyar Iparsz\u00f6vets\u00e9g eln\u00f6ke az M1 aktu\u00e1lis csatorna szerda reggeli m\u0171sor\u00e1ban. <\/strong><!--more--><\/p>\n<div class=\"ads-in-post1\"><div id=\"gazdasagportal.hu_fullbanner_wideboard\"><\/div>\r\n<\/div>\n<p>    Vad\u00e1sz Gy\u00f6rgy \u00fcdv\u00f6z\u00f6lte, hogy a kis \u00e9s k\u00f6zepes v\u00e1llalkoz\u00e1sok meger\u0151s\u00edt\u00e9se \u00e9rdek\u00e9ben cs\u00f6kkennek az adminisztr\u00e1ci\u00f3s \u00e9s b\u00fcrokratikus terhek, a sz\u00e1mukra fenntartott uni\u00f3s forr\u00e1sok pedig b\u0151v\u00fclnek. Kiemelte ugyanakkor, hogy a bankoknak rugalmasabban kellene seg\u00edteni\u00fck a kisebb c\u00e9gek beruh\u00e1z\u00e1sait.<br \/>\n    A sz\u00f6vets\u00e9g eln\u00f6ke megjegyezte, hogy a v\u00e1llalkoz\u00e1sok helyzet\u00e9nek javul\u00e1sa nem kiz\u00e1r\u00f3lag a j\u00f6v\u0151 \u00e9vi k\u00f6lts\u00e9gvet\u00e9s \u00e9rdeme, hanem az \u00e9vek \u00f3ta tart\u00f3, hosszabb t\u00e1v\u00fa int\u00e9zked\u00e9ssorozatnak k\u00f6sz\u00f6nhet\u0151 &#8211; tette hozz\u00e1.<br \/>\n(MTI)<\/p>\n","protected":false},"excerpt":{"rendered":"<p>T\u00e1mogatja a kis- \u00e9s k\u00f6z\u00e9pv\u00e1llalkoz\u00f3i r\u00e9teg versenyk\u00e9pess\u00e9g\u00e9nek \u00e9s j\u00f6vedelemtermel\u0151 k\u00e9pess\u00e9g\u00e9nek er\u0151s\u00f6d\u00e9s\u00e9t a 2019-es k\u00f6lts\u00e9gvet\u00e9s &#8211; mondta a Magyar Iparsz\u00f6vets\u00e9g eln\u00f6ke az M1 aktu\u00e1lis csatorna szerda reggeli m\u0171sor\u00e1ban.<\/p>\n","protected":false},"author":1,"featured_media":0,"comment_status":"closed","ping_status":"open","sticky":false,"template":"","format":"standard","meta":[],"categories":[19],"tags":[],"_links":{"self":[{"href":"https:\/\/gazdasagportal.hu\/index.php\/wp-json\/wp\/v2\/posts\/107192"}],"collection":[{"href":"https:\/\/gazdasagportal.hu\/index.php\/wp-json\/wp\/v2\/posts"}],"about":[{"href":"https:\/\/gazdasagportal.hu\/index.php\/wp-json\/wp\/v2\/types\/post"}],"author":[{"embeddable":true,"href":"https:\/\/gazdasagportal.hu\/index.php\/wp-json\/wp\/v2\/users\/1"}],"replies":[{"embeddable":true,"href":"https:\/\/gazdasagportal.hu\/index.php\/wp-json\/wp\/v2\/comments?post=107192"}],"version-history":[{"count":1,"href":"https:\/\/gazdasagportal.hu\/index.php\/wp-json\/wp\/v2\/posts\/107192\/revisions"}],"predecessor-version":[{"id":107193,"href":"https:\/\/gazdasagportal.hu\/index.php\/wp-json\/wp\/v2\/posts\/107192\/revisions\/107193"}],"wp:attachment":[{"href":"https:\/\/gazdasagportal.hu\/index.php\/wp-json\/wp\/v2\/media?parent=107192"}],"wp:term":[{"taxonomy":"category","embeddable":true,"href":"https:\/\/gazdasagportal.hu\/index.php\/wp-json\/wp\/v2\/categories?post=107192"},{"taxonomy":"post_tag","embeddable":true,"href":"https:\/\/gazdasagportal.hu\/index.php\/wp-json\/wp\/v2\/tags?post=107192"}],"curies":[{"name":"wp","href":"https:\/\/api.w.org\/{rel}","templated":true}]}}