{"id":107180,"date":"2018-07-18T14:35:14","date_gmt":"2018-07-18T12:35:14","guid":{"rendered":"http:\/\/gazdasagportal.hu\/?p=107180"},"modified":"2018-07-18T08:37:04","modified_gmt":"2018-07-18T06:37:04","slug":"nem-hasznaljak-fogyasztjak-a-kozossegi-mediat-a-szakemberek","status":"publish","type":"post","link":"https:\/\/gazdasagportal.hu\/index.php\/nem-hasznaljak-fogyasztjak-a-kozossegi-mediat-a-szakemberek\/","title":{"rendered":"Nem haszn\u00e1lj\u00e1k, fogyasztj\u00e1k a k\u00f6z\u00f6ss\u00e9gi m\u00e9di\u00e1t a szakemberek"},"content":{"rendered":"<p><b>Alig\u00a0haszn\u00e1lj\u00e1k \u00fczleti c\u00e9lokra a k\u00f6z\u00f6ss\u00e9gi m\u00e9di\u00e1t a szakemberek, pedig rendszeresen a Facebookon l\u00f3gnak, ahol gyakran kapnak k\u00e9rd\u00e9seket \u00e9s megrendel\u00e9seket is &#8211; der\u00fcl ki a Mapei Kft. felm\u00e9r\u00e9s\u00e9b\u0151l, melynek sor\u00e1n 150 \u00e9p\u00edt\u0151ipari szakembert k\u00e9rdeztek meg a k\u00f6z\u00f6ss\u00e9gi m\u00e9dia haszn\u00e1lati szok\u00e1saikr\u00f3l.<\/b><!--more--><\/p>\n<div class=\"ads-in-post1\"><div id=\"gazdasagportal.hu_fullbanner_wideboard\"><\/div>\r\n<\/div>\n<p>A megk\u00e9rdezett szakemberek 82%-a haszn\u00e1l k\u00f6z\u00f6ss\u00e9gi m\u00e9di\u00e1t, a legt\u00f6bbj\u00fck, 74% Facebookozik, \u00e9s nem is keveset. 11%-uk t\u00f6bb mint h\u00e1rom \u00f3r\u00e1t Facebookozik naponta. Szint\u00e9n 11% pedig szinte minden \u00f3r\u00e1ban r\u00e1n\u00e9z a h\u00edrfolyamra. 78% naponta kevesebb mint 1-2 \u00f3r\u00e1t foglalkozik Facebookkal.<\/p>\n<p>A m\u00e1sodik legn\u00e9pszer\u0171bb platform a YouTube, melyet fej-fej mellett a Pinterest \u00e9s az Instagram k\u00f6vet, azonban ezek ar\u00e1nya nagyon alacsony.<\/p><div id=\"gazda-1151022495\" class=\"gazda-tartalomban gazda-entity-placement\"><script async src=\"https:\/\/pagead2.googlesyndication.com\/pagead\/js\/adsbygoogle.js\"><\/script>\r\n<ins class=\"adsbygoogle\"\r\n     style=\"display:block\"\r\n     data-ad-format=\"fluid\"\r\n     data-ad-layout-key=\"-6t+ed+2i-1n-4w\"\r\n     data-ad-client=\"ca-pub-1959107119989764\"\r\n     data-ad-slot=\"4008251320\"><\/ins>\r\n<script>\r\n     (adsbygoogle = window.adsbygoogle || []).push({});\r\n<\/script><\/div>\n<p>\u201c\u00dagy t\u0171nik, hogy a szakemberek nem haszn\u00e1lj\u00e1k tudatosan a k\u00f6z\u00f6ss\u00e9gi m\u00e9di\u00e1t, ink\u00e1bb tartalomfogyaszt\u00f3k\u00e9nt vannak jelen. Holott egyre ink\u00e1bb ez v\u00e1lik a megrendel\u0151kkel val\u00f3 kommunik\u00e1ci\u00f3 f\u0151 csatorn\u00e1j\u00e1v\u00e1\u201d \u2013 mondta Markovich B\u00e9la a Mapei Kft. \u00fcgyvezet\u0151je.<\/p>\n<p>A szakemberek 30%-a nyilatkozott \u00fagy, hogy kapott m\u00e1r megrendel\u00e9st a Facebookon. Enn\u00e9l is t\u00f6bben, 43% szokott rendszeresen szakmai k\u00e9rd\u00e9seket kapni.<\/p>\n<p>Ennek ellen\u00e9re mind\u00f6ssze a szakemberek 18%-a posztol k\u00e9pet az elk\u00e9sz\u00fclt munk\u00e1ir\u00f3l a k\u00f6z\u00f6ss\u00e9gi m\u00e9dia fel\u00fcleteire. 30% ritk\u00e1n, 51% pedig egy\u00e1ltal\u00e1n tesz ki k\u00e9pet. Saj\u00e1t vide\u00f3s tartalmat 13%-uk tesz k\u00f6zz\u00e9 a csatorn\u00e1in.<\/p>\n<div class=\"ads-in-post2\"><script async src=\"https:\/\/pagead2.googlesyndication.com\/pagead\/js\/adsbygoogle.js\"><\/script>\r\n<ins class=\"adsbygoogle\"\r\n     style=\"display:block\"\r\n     data-ad-format=\"fluid\"\r\n     data-ad-layout-key=\"-6t+ed+2i-1n-4w\"\r\n     data-ad-client=\"ca-pub-1959107119989764\"\r\n     data-ad-slot=\"4008251320\"><\/ins>\r\n<script>\r\n     (adsbygoogle = window.adsbygoogle || []).push({});\r\n<\/script><\/div>\n\u201eA szakemberek hallgatags\u00e1g\u00e1nak a k\u00f6z\u00f6ss\u00e9gi m\u00e9di\u00e1ban k\u00e9t oka lehet. Egyr\u00e9szt nem tudj\u00e1k hogyan csin\u00e1lj\u00e1k, hogyan kell kezelni a fel\u00fcletet, mit \u00edrjanak, mir\u0151l k\u00e9sz\u00edtsenek k\u00e9pet, mi \u00e9rdekli az embereket. A m\u00e1sik gond az \u00e1tl\u00e1that\u00f3s\u00e1g hi\u00e1nya. B\u00e1r sokat javult helyzet, m\u00e9g mindig vannak akik feket\u00e9n, sz\u00fcrk\u00e9n v\u00e1llalnak munk\u00e1t \u00e9s f\u00e9lnek, hogy ha kitesznek egy k\u00e9pet, akkor felh\u00edvj\u00e1k magukra a hat\u00f3s\u00e1gok figyelm\u00e9t\u201d \u2013 v\u00e9li Markovich B\u00e9la.<\/p>\n<p>Sokkal jobb a helyzet a szakmai kapcsolatok ter\u00fclet\u00e9n. A megk\u00e9rdezett szakemberek 50%-a tagja valamilyen szakmai Facebook csoportnak.<\/p>\n<p>A szakember szerint sokkal akt\u00edvabban \u00e9s tudatosabban kellene haszn\u00e1lni a k\u00f6z\u00f6ss\u00e9gi m\u00e9di\u00e1t, mert a megrendel\u0151k ott vannak. Ma m\u00e9g ez versenyel\u0151ny egy \u00e9p\u00edt\u0151ipari kisv\u00e1llalkoz\u00e1snak, azonban hamarosan l\u00e9tk\u00e9rd\u00e9s lesz. Ha egy szakember nem lesz jelen a k\u00f6z\u00f6ss\u00e9gi m\u00e9di\u00e1ban olyan lesz, mintha nem is l\u00e9tezne.<\/p>\n<p><b>Honlap:\u00a0<\/b><a href=\"https:\/\/4cz0v.wgx.hu\/page.php?link=1851kdfc&amp;id=232&amp;b=1&amp;x=209&amp;y=302&amp;z=9&amp;dt=1531892139\" target=\"_blank\" rel=\"noopener noreferrer\" data-saferedirecturl=\"https:\/\/www.google.com\/url?hl=hu&amp;q=https:\/\/4cz0v.wgx.hu\/page.php?link%3D1851kdfc%26id%3D232%26b%3D1%26x%3D209%26y%3D302%26z%3D9%26dt%3D1531892139&amp;source=gmail&amp;ust=1531980832071000&amp;usg=AFQjCNH_cA5uWFJYVvRS9vuJwZj3KHE75Q\">www.mapei.hu<\/a><\/p>\n<p><b>T\u00e9nyek a Mapei Kft &#8211; r\u0151l<\/b><\/p>\n<p>A Mapei Kft. az \u00e9p\u00edt\u0151ipari seg\u00e9danyaggy\u00e1rt\u00e1s,- \u00e9s forgalmaz\u00e1s egyik legjelent\u0151sebb piaci szerepl\u0151je Magyarorsz\u00e1gon. 1991. szeptember 1-j\u00e9n j\u00f6tt l\u00e9tre az osztr\u00e1k Mapei GmbH. alap\u00edt\u00e1s\u00e1ban, a Mapei S.p.A. le\u00e1nyv\u00e1llalatak\u00e9nt.<\/p>\n<p>A v\u00e1llalat jelenleg 178 f\u0151t foglalkoztat, forgalma 2017-ben 12,53 milli\u00e1rd forint volt a nett\u00f3 belf\u00f6ldi \u00e1rbev\u00e9tele.<\/p>\n<p>A Mapei Kft. egy 7500 m2 \u00f6sszter\u00fclet\u0171 gy\u00e1rat \u00e9s rakt\u00e1rt \u00fczemeltet S\u00f3sk\u00faton, ahol \u00e9ves szinten t\u00f6bb mint\u00a076 ezer tonna term\u00e9ket \u00e1ll\u00edt el\u0151. A v\u00e1llalat 2017-ben egy 2,4 milli\u00e1rd forintos beruh\u00e1z\u00e1sba kezdett, melynek keret\u00e9ben a dupl\u00e1j\u00e1ra b\u0151v\u00edti jelenlegi rakt\u00e1r- \u00e9s gy\u00e1rt\u00f3kapacit\u00e1s\u00e1t.<\/p>\n<p><b><em>K\u00fcldet\u00e9s\u00fcnk<\/em><\/b><\/p>\n<p>A fenntarthat\u00f3 fejl\u0151d\u00e9s szem el\u0151tt tart\u00e1s\u00e1val, a tart\u00f3s, k\u00f6rnyezetbar\u00e1t term\u00e9keinkkel, megold\u00e1sainkkal \u00e9s minden tud\u00e1sunkkal seg\u00edts\u00fck az \u00e9p\u00edt\u0151ket \u00e9s \u00e9p\u00edttet\u0151ket a j\u00f6v\u0151 \u00e9p\u00fcleteinek megalkot\u00e1s\u00e1ban\u2026\u00e9s erre mindenkor k\u00e9szen \u00e1llunk!<\/p>\n<p><b><em>Szerepv\u00e1llal\u00e1s<\/em><\/b><\/p>\n<p>A Mapei Kft. elk\u00f6telezett az \u00e9p\u00edt\u0151ipar kult\u00far\u00e1j\u00e1nak fejleszt\u00e9s\u00e9\u00e9rt. 2015-ben megalap\u00edtotta a Mesterek Mestere d\u00edjat, melynek c\u00e9lja elismerni a kiemelked\u0151 sz\u00ednvonal\u00fa \u00e9p\u00edt\u0151ipari szakmunk\u00e1t, majd 2016-ban a Magyar \u00c9p\u00edt\u0151ipari Szakember K\u00f6z\u00f6ss\u00e9get, hogy fejl\u0151d\u00e9si lehet\u0151s\u00e9get \u00e9s t\u00e1mogat\u00e1st biztos\u00edtson a szakembereknek.<\/p>\n<p><b>Fontosabb elismer\u00e9sek<\/b><\/p>\n<p>A v\u00e1llalat szakemberk\u00e9pz\u00e9s\u00e9rt tett er\u0151fesz\u00edt\u00e9seit 2010-ben Gazdas\u00e1gi Miniszteri Kit\u00fcntet\u00e9ssel ismert\u00e9k el. 2006-ban el\u0151sz\u00f6r, majd 2015-ben m\u00e1sodszor is elnyerte a Legjobb Munkahely c\u00edmet. 2016-ban Construma term\u00e9k nagyd\u00edjat \u00e9s \u00dczleti Etikai D\u00edjat nyert. 2017-ben a Nemzetgazdas\u00e1gi Miniszt\u00e9rium D\u00edj a sikeres v\u00e1llalkoz\u00e1sok\u00e9rt elismer\u00e9s\u00e9ben r\u00e9szes\u00fclt a v\u00e1llalat, a h\u00f3nap beruh\u00e1z\u00f3ja lett.<\/p>\n<p><b>A Mapei csoport<\/b><\/p>\n<p>1937-ben Milan\u00f3ban alap\u00edtott Mapei m\u00e1ra a vil\u00e1g legnagyobb gy\u00e1rt\u00f3 c\u00e9ge az \u00e9p\u00edt\u0151ipari ragaszt\u00f3k, fug\u00e1z\u00f3k \u00e9s szigetel\u0151anyagok ter\u00e9n. A Mapei a 60-as \u00e9vekt\u0151l kezdve nemzetk\u00f6zi terjeszked\u00e9si strat\u00e9gi\u00e1t k\u00f6vet az\u00e9rt, hogy k\u00f6zelebb ker\u00fclj\u00f6n a helyi ig\u00e9nyekhez, \u00e9s hogy a sz\u00e1ll\u00edt\u00e1si k\u00f6lts\u00e9geket minim\u00e1lisra cs\u00f6kkentse.<\/p>\n<p>Jelenleg a MAPEI Csoport a vil\u00e1g 5 kontinens\u00e9n 33 orsz\u00e1gban tev\u00e9kenykedik, 81 le\u00e1nyv\u00e1llalatb\u00f3l \u00e9s 70 gy\u00e1rt\u00f3egys\u00e9gb\u0151l \u00e1ll.<\/p>\n","protected":false},"excerpt":{"rendered":"<p>Alig\u00a0haszn\u00e1lj\u00e1k \u00fczleti c\u00e9lokra a k\u00f6z\u00f6ss\u00e9gi m\u00e9di\u00e1t a szakemberek, pedig rendszeresen a Facebookon l\u00f3gnak, ahol gyakran kapnak k\u00e9rd\u00e9seket \u00e9s megrendel\u00e9seket is &#8211; der\u00fcl ki a Mapei Kft. felm\u00e9r\u00e9s\u00e9b\u0151l, melynek sor\u00e1n 150 \u00e9p\u00edt\u0151ipari szakembert k\u00e9rdeztek meg a k\u00f6z\u00f6ss\u00e9gi m\u00e9dia haszn\u00e1lati szok\u00e1saikr\u00f3l.<\/p>\n","protected":false},"author":1,"featured_media":0,"comment_status":"closed","ping_status":"open","sticky":false,"template":"","format":"standard","meta":[],"categories":[19],"tags":[],"_links":{"self":[{"href":"https:\/\/gazdasagportal.hu\/index.php\/wp-json\/wp\/v2\/posts\/107180"}],"collection":[{"href":"https:\/\/gazdasagportal.hu\/index.php\/wp-json\/wp\/v2\/posts"}],"about":[{"href":"https:\/\/gazdasagportal.hu\/index.php\/wp-json\/wp\/v2\/types\/post"}],"author":[{"embeddable":true,"href":"https:\/\/gazdasagportal.hu\/index.php\/wp-json\/wp\/v2\/users\/1"}],"replies":[{"embeddable":true,"href":"https:\/\/gazdasagportal.hu\/index.php\/wp-json\/wp\/v2\/comments?post=107180"}],"version-history":[{"count":1,"href":"https:\/\/gazdasagportal.hu\/index.php\/wp-json\/wp\/v2\/posts\/107180\/revisions"}],"predecessor-version":[{"id":107181,"href":"https:\/\/gazdasagportal.hu\/index.php\/wp-json\/wp\/v2\/posts\/107180\/revisions\/107181"}],"wp:attachment":[{"href":"https:\/\/gazdasagportal.hu\/index.php\/wp-json\/wp\/v2\/media?parent=107180"}],"wp:term":[{"taxonomy":"category","embeddable":true,"href":"https:\/\/gazdasagportal.hu\/index.php\/wp-json\/wp\/v2\/categories?post=107180"},{"taxonomy":"post_tag","embeddable":true,"href":"https:\/\/gazdasagportal.hu\/index.php\/wp-json\/wp\/v2\/tags?post=107180"}],"curies":[{"name":"wp","href":"https:\/\/api.w.org\/{rel}","templated":true}]}}