{"id":107152,"date":"2018-07-17T12:06:28","date_gmt":"2018-07-17T10:06:28","guid":{"rendered":"http:\/\/gazdasagportal.hu\/?p=107152"},"modified":"2018-07-17T08:42:38","modified_gmt":"2018-07-17T06:42:38","slug":"putyin-a-fox-tevenek-ne-hagyjuk-hogy-orszagaink-viszonya-az-amerikai-vizsgalatok-foglya-legyen","status":"publish","type":"post","link":"https:\/\/gazdasagportal.hu\/index.php\/putyin-a-fox-tevenek-ne-hagyjuk-hogy-orszagaink-viszonya-az-amerikai-vizsgalatok-foglya-legyen\/","title":{"rendered":"Putyin a Fox t\u00e9v\u00e9nek: ne hagyjuk, hogy orsz\u00e1gaink viszonya az amerikai vizsg\u00e1latok foglya legyen"},"content":{"rendered":"<p><strong>Ne hagyjuk, hogy orsz\u00e1gaink viszonya az amerikai vizsg\u00e1latok foglya legyen &#8211; mondta a t\u00f6bbi k\u00f6z\u00f6tt Vlagyimir Putyin orosz eln\u00f6k a Fox telev\u00edzi\u00f3nak a Donald Trump amerikai eln\u00f6kkel tartott cs\u00facstal\u00e1lkoz\u00f3ja ut\u00e1n, m\u00e9g Helsinkiben adott, az Egyes\u00fclt \u00c1llamokban h\u00e9tf\u0151n elhangzott interj\u00faj\u00e1ban.<\/strong><!--more--><\/p>\n<div class=\"ads-in-post1\"><div id=\"gazdasagportal.hu_fullbanner_wideboard\"><\/div>\r\n<\/div>\n<p>    Az orosz eln\u00f6k Donald Trumpr\u00f3l, a 2016-os amerikai eln\u00f6kv\u00e1laszt\u00e1si folyamatba t\u00f6rt\u00e9nt orosz beavatkoz\u00e1sr\u00f3l, a had\u00e1szati t\u00e1mad\u00f3 fegyvereket korl\u00e1toz\u00f3 START III. egyezm\u00e9ny meghosszabb\u00edt\u00e1s\u00e1r\u00f3l, a NATO szerep\u00e9r\u0151l \u00e9s esetleges b\u0151v\u00edt\u00e9s\u00e9r\u0151l is sz\u00f3lt.<br \/>\n    Hangs\u00falyozta: a cs\u00facstal\u00e1lkoz\u00f3n k\u00f6z\u00f6lte Donald Trump eln\u00f6kkel, hogy Moszkva k\u00e9szen \u00e1ll a 2021-ben lej\u00e1r\u00f3 \u00e9rv\u00e9ny\u0171 Start III. egyezm\u00e9ny meghosszabb\u00edt\u00e1s\u00e1ra. &#8222;Biztos\u00edtottam Trump eln\u00f6k\u00f6t, hogy Oroszorsz\u00e1g k\u00e9szen \u00e1ll az egyezm\u00e9ny kiterjeszt\u00e9s\u00e9re, meghosszabb\u00edt\u00e1s\u00e1ra, de el\u0151sz\u00f6r m\u00e9g n\u00e9h\u00e1ny specifikus k\u00e9rd\u00e9sben egyezs\u00e9gre kell jutnunk, \u00e9s van m\u00e9g n\u00e9h\u00e1ny k\u00e9rd\u00e9s\u00fcnk amerikai partnereinkhez&#8221; &#8211; fogalmazott az orosz eln\u00f6k. Hozz\u00e1tette: Moszkva \u00e1ll\u00e1spontja szerint Washington ugyan nem teljes eg\u00e9sz\u00e9ben tartja be a szerz\u0151d\u00e9st, de ezt szak\u00e9rt\u0151knek kell tiszt\u00e1zniuk.<br \/>\n    A NATO Georgia \u00e9s Ukrajna ir\u00e1ny\u00e1ban t\u00f6rt\u00e9n\u0151 esetleges b\u0151v\u00edt\u00e9s\u00e9t Vlagyimir Putyin rossz n\u00e9ven venn\u00e9, \u00e9s nehezm\u00e9nyezte, hogy az \u00c9szak-atlanti Szerz\u0151d\u00e9s Szervezete a Szovjetuni\u00f3 \u00f6sszeoml\u00e1sa ut\u00e1n egy\u00e1ltal\u00e1n felvetette a keleti ir\u00e1ny\u00fa esetleges terjeszked\u00e9st. &#8222;A NATO strukt\u00far\u00e1j\u00e1nak hat\u00e1raink fel\u00e9 t\u00f6rt\u00e9n\u0151 b\u0151v\u00edt\u00e9se k\u00f6zvetlen \u00e9s azonnali vesz\u00e9lyt jelentene nemzetbiztons\u00e1gunkra, \u00e9s a reakci\u00f3nk rendk\u00edv\u00fcl negat\u00edv lenne&#8221; &#8211; hangs\u00falyozta.<br \/>\n<div class=\"ads-in-post2\"><script async src=\"https:\/\/pagead2.googlesyndication.com\/pagead\/js\/adsbygoogle.js\"><\/script>\r\n<ins class=\"adsbygoogle\"\r\n     style=\"display:block\"\r\n     data-ad-format=\"fluid\"\r\n     data-ad-layout-key=\"-6t+ed+2i-1n-4w\"\r\n     data-ad-client=\"ca-pub-1959107119989764\"\r\n     data-ad-slot=\"4008251320\"><\/ins>\r\n<script>\r\n     (adsbygoogle = window.adsbygoogle || []).push({});\r\n<\/script><\/div>\n    Amikor Chris Wallace, a Fox telev\u00edzi\u00f3 szt\u00e1rriportere a Kr\u00edm f\u00e9lsziget bekebelez\u00e9s\u00e9r\u0151l faggatta, Putyin pontos\u00edtott: Oroszorsz\u00e1g szerinte a Kr\u00edmet nem bekebelezte, hanem az ott \u00e9l\u0151k n\u00e9pszavaz\u00e1ssal d\u00f6nt\u00f6ttek az Oroszorsz\u00e1ghoz csatlakoz\u00e1sr\u00f3l. Az orosz eln\u00f6k k\u00e9rd\u00e9s form\u00e1j\u00e1ban vetette fel, hogy az amerikaiak beavatkoztak Ukrajn\u00e1ban, &#8222;puccsnak&#8221; min\u0151s\u00edtve az el\u0151z\u0151 ukr\u00e1n eln\u00f6k elt\u00e1vol\u00edt\u00e1s\u00e1t. &#8222;Ki szervezte, t\u00e1mogatta a t\u00fcntet\u00e9seket a (kijevi) f\u0151t\u00e9ren?&#8221; &#8211; tette fel a k\u00e9rd\u00e9st az orosz eln\u00f6k.<br \/>\n    Vlagyimir Putyin az interj\u00fa sor\u00e1n nem egyszer visszak\u00e9rdezett. Amikor a riporter p\u00e9ld\u00e1ul arr\u00f3l faggatta, hogy a sz\u00edriai Alepp\u00f3ban \u00e9s G\u00fat\u00e1ban az orosz bomb\u00e1z\u00e1soknak sok civil \u00e1ldozata is volt, s vajon \u00e9rzett-e emiatt lelkiismeret-furdal\u00e1st, Putyin visszak\u00e9rdezett: \u00e9s Rakk\u00e1ban, ahol az amerikaiak bomb\u00e1zt\u00e1k az Iszl\u00e1m \u00c1llam nev\u0171 terrorszervezet \u00e1ll\u00e1sait, nem voltak civil \u00e1ldozatok? Hozz\u00e1tette: &#8222;amikor h\u00e1bor\u00fa folyik, a legsz\u00f6rny\u0171bb dolgok is megt\u00f6rt\u00e9nnek, az \u00e1ldozatok elker\u00fclhetetlenek, s mindig felmer\u00fcl a k\u00e9rd\u00e9s, ki hib\u00e1ztathat\u00f3 ez\u00e9rt. \u00dagy gondolom, a Sz\u00edri\u00e1t destabiliz\u00e1l\u00f3 terrorista csoportok tehet\u0151k felel\u0151ss\u00e9&#8221; &#8211; hangs\u00falyozta Putyin. Kicsit k\u00e9s\u0151bb m\u00e9g azt is hozz\u00e1tette: sajn\u00e1lja, hogy a riporter nincs teljesen tiszt\u00e1ban a sz\u00edriai helyzettel.<br \/>\n    A Fox telev\u00edzi\u00f3 a nemzetk\u00f6zi politikai meghat\u00e1roz\u00f3 k\u00e9rd\u00e9sein\u00e9l j\u00f3val t\u00f6bb teret szentelt Putyin amerikai belpolitik\u00e1val kapcsolatos \u00e1ll\u00e1spontjainak.<br \/>\n    Az orosz eln\u00f6k &#8211; a Helsinkiben tartott sajt\u00f3konferenci\u00e1n elhangzottakhoz hasonl\u00f3an &#8211; kategorikusan lesz\u00f6gezte, hogy Oroszorsz\u00e1g nem avatkozott be a 2016-os amerikai v\u00e1laszt\u00e1si folyamatba. Amikor a riporter szembes\u00edtette az amerikai h\u00edrszerz\u00e9s adataival, inform\u00e1ci\u00f3ival, k\u00f6zt\u00fck a Demokrata Orsz\u00e1gos Bizotts\u00e1g (a p\u00e1rt vezet\u0151 szerve) szervereir\u0151l t\u00f6rt\u00e9nt adatlop\u00e1ssal, az orosz eln\u00f6k azt mondta: v\u00e9g\u00fcl is az adatok az igazs\u00e1got tartalmazt\u00e1k, nem hamis h\u00edreket. Az interj\u00fa elhangz\u00e1sa ut\u00e1ni komment\u00e1rokban a Fox telev\u00edzi\u00f3 egyik elemz\u0151je meg is jegyezte: Vlagyimir Putyin \u00fagy reag\u00e1lt, mintha az oroszok k\u00f6zfeladatot l\u00e1ttak volna el.<br \/>\n    Vlagyimir Putyin azt is meger\u0151s\u00edtette, hogy Moszkv\u00e1nak nincsenek terhel\u0151 inform\u00e1ci\u00f3i Donald Trumpr\u00f3l. Utalva arra, hogy Trump \u00fczletemberk\u00e9nt volt t\u00f6bbsz\u00f6r is orosz f\u00f6ld\u00f6n, Putyin \u00edgy fogalmazott: &#8222;nem akarom megs\u00e9rteni Trump urat, tal\u00e1n durv\u00e1n hangozhat, de nem volt sz\u00e1munkra fontos ember, miel\u0151tt bejelentette, hogy indul az eln\u00f6kv\u00e1laszt\u00e1son&#8221;. Hozz\u00e1tette: Trump &#8222;az \u00e9p\u00edt\u0151ipari bizniszben utazott, sz\u00e9ps\u00e9gversenyeket szervezett \u00e9s soha senkinek esz\u00e9be sem jutott, hogy fontolgatn\u00e1 az indul\u00e1st az eln\u00f6ki poszt\u00e9rt&#8221;.<br \/>\n(MTI)<\/p>\n","protected":false},"excerpt":{"rendered":"<p>Ne hagyjuk, hogy orsz\u00e1gaink viszonya az amerikai vizsg\u00e1latok foglya legyen &#8211; mondta a t\u00f6bbi k\u00f6z\u00f6tt Vlagyimir Putyin orosz eln\u00f6k a Fox telev\u00edzi\u00f3nak a Donald Trump amerikai eln\u00f6kkel tartott cs\u00facstal\u00e1lkoz\u00f3ja ut\u00e1n, m\u00e9g Helsinkiben adott, az Egyes\u00fclt \u00c1llamokban h\u00e9tf\u0151n elhangzott interj\u00faj\u00e1ban.<\/p>\n","protected":false},"author":1,"featured_media":0,"comment_status":"closed","ping_status":"open","sticky":false,"template":"","format":"standard","meta":[],"categories":[12],"tags":[],"_links":{"self":[{"href":"https:\/\/gazdasagportal.hu\/index.php\/wp-json\/wp\/v2\/posts\/107152"}],"collection":[{"href":"https:\/\/gazdasagportal.hu\/index.php\/wp-json\/wp\/v2\/posts"}],"about":[{"href":"https:\/\/gazdasagportal.hu\/index.php\/wp-json\/wp\/v2\/types\/post"}],"author":[{"embeddable":true,"href":"https:\/\/gazdasagportal.hu\/index.php\/wp-json\/wp\/v2\/users\/1"}],"replies":[{"embeddable":true,"href":"https:\/\/gazdasagportal.hu\/index.php\/wp-json\/wp\/v2\/comments?post=107152"}],"version-history":[{"count":1,"href":"https:\/\/gazdasagportal.hu\/index.php\/wp-json\/wp\/v2\/posts\/107152\/revisions"}],"predecessor-version":[{"id":107153,"href":"https:\/\/gazdasagportal.hu\/index.php\/wp-json\/wp\/v2\/posts\/107152\/revisions\/107153"}],"wp:attachment":[{"href":"https:\/\/gazdasagportal.hu\/index.php\/wp-json\/wp\/v2\/media?parent=107152"}],"wp:term":[{"taxonomy":"category","embeddable":true,"href":"https:\/\/gazdasagportal.hu\/index.php\/wp-json\/wp\/v2\/categories?post=107152"},{"taxonomy":"post_tag","embeddable":true,"href":"https:\/\/gazdasagportal.hu\/index.php\/wp-json\/wp\/v2\/tags?post=107152"}],"curies":[{"name":"wp","href":"https:\/\/api.w.org\/{rel}","templated":true}]}}