{"id":107150,"date":"2018-07-17T13:08:57","date_gmt":"2018-07-17T11:08:57","guid":{"rendered":"http:\/\/gazdasagportal.hu\/?p=107150"},"modified":"2018-07-17T08:54:58","modified_gmt":"2018-07-17T06:54:58","slug":"koltsegvetes-magyar-iparszovetseg-a-budzse-kedvezo-felteteleket-biztosit-a-kkv-k-fejlodesehez","status":"publish","type":"post","link":"https:\/\/gazdasagportal.hu\/index.php\/koltsegvetes-magyar-iparszovetseg-a-budzse-kedvezo-felteteleket-biztosit-a-kkv-k-fejlodesehez\/","title":{"rendered":"K\u00f6lts\u00e9gvet\u00e9s &#8211; Magyar Iparsz\u00f6vets\u00e9g: a b\u00fcdzs\u00e9 kedvez\u0151 felt\u00e9teleket biztos\u00edt a kkv-k fejl\u0151d\u00e9s\u00e9hez"},"content":{"rendered":"<p><strong>A 2019. \u00e9vi k\u00f6lts\u00e9gvet\u00e9s kedvez\u0151 helyzetet teremt a kis- \u00e9s k\u00f6z\u00e9pv\u00e1llalkoz\u00e1sok (kkv) fejl\u0151d\u00e9s\u00e9hez, gondot az egyes ter\u00fcleteken mutatkoz\u00f3 munkaer\u0151hi\u00e1ny jelenthet &#8211; mondta Vad\u00e1sz Gy\u00f6rgy, a Magyar Iparsz\u00f6vets\u00e9g (OKISZ) \u00fcgyvezet\u0151 eln\u00f6ke az MTI-nek miut\u00e1n a sz\u00f6vets\u00e9gben \u00e1ttekintett\u00e9k a j\u00f6v\u0151 \u00e9vi b\u00fcdzs\u00e9 v\u00e1rhat\u00f3 hat\u00e1sait.<\/strong><!--more--><\/p>\n<div class=\"ads-in-post1\"><div id=\"gazdasagportal.hu_fullbanner_wideboard\"><\/div>\r\n<\/div>\n<p>    A sz\u00f6vets\u00e9g \u00fcgyvezet\u0151je felid\u00e9zte, hogy az elm\u00falt h\u00e1rom \u00e9vben a kkv-k szempontj\u00e1b\u00f3l kedvez\u0151en alakult a makrogazdas\u00e1gi k\u00f6rnyezet, a belf\u00f6ldi v\u00e1s\u00e1rl\u00f3er\u0151 er\u0151s\u00f6d\u00f6tt, a belf\u00f6ldi piacra termel\u0151 kkv-k \u00e9rt\u00e9kes\u00edt\u00e9si lehet\u0151s\u00e9gei n\u0151ttek, b\u0151v\u00fclt a gazdas\u00e1g, javult a versenyk\u00e9pess\u00e9g, emelkedtek a re\u00e1lkeresetek.<br \/>\n    Az iparsz\u00f6vets\u00e9gben a belf\u00f6ldi szolg\u00e1ltat\u00e1sok b\u0151v\u00fcl\u00e9s\u00e9re \u00e9s arra sz\u00e1m\u00edtanak, hogy a kereskedelem, a turizmus, a vend\u00e9gl\u00e1t\u00e1s eredm\u00e9nyei tov\u00e1bb javulnak, \u00e9s v\u00e1ltozatlanul rem\u00e9ny van arra, hogy az \u00e9p\u00edt\u0151iparban a munkaer\u0151hi\u00e1ny ellen\u00e9re sem esik vissza a n\u00f6veked\u00e9si \u00fctem &#8211; tette hozz\u00e1.<br \/>\n<div class=\"ads-in-post2\"><script async src=\"https:\/\/pagead2.googlesyndication.com\/pagead\/js\/adsbygoogle.js\"><\/script>\r\n<ins class=\"adsbygoogle\"\r\n     style=\"display:block\"\r\n     data-ad-format=\"fluid\"\r\n     data-ad-layout-key=\"-6t+ed+2i-1n-4w\"\r\n     data-ad-client=\"ca-pub-1959107119989764\"\r\n     data-ad-slot=\"4008251320\"><\/ins>\r\n<script>\r\n     (adsbygoogle = window.adsbygoogle || []).push({});\r\n<\/script><\/div>\n    Vad\u00e1sz Gy\u00f6rgy szerint gondot jelenhet a munkaer\u0151hi\u00e1ny &#8211; amelyen meg\u00edt\u00e9l\u00e9s\u00fck szerint b\u00e9remel\u00e9ssel lehetne enyh\u00edteni -, valamint az Amerikai Egyes\u00fclt \u00c1llamok \u00e9s az Eur\u00f3pai Uni\u00f3 k\u00f6z\u00f6tti kereskedelmi t\u00e1rgyal\u00e1sok alakul\u00e1sa is. Ha azok nem vezetnek mindenki sz\u00e1m\u00e1ra elfogadhat\u00f3 eredm\u00e9nyre, annak kellemetlen k\u00f6vetkezm\u00e9nyeit a magyar gazdas\u00e1g, a hazai kis- \u00e9s k\u00f6z\u00e9pv\u00e1llalkoz\u00e1sok is meg fogj\u00e1k \u00e9rezni &#8211; mondta.<br \/>\n    A kkv-\u00e9rdekk\u00e9pviselet vezet\u0151je m\u00e9g mindig magasnak nevezte a b\u00e9rekre rakod\u00f3 terheket, \u00e9s kiemelte, a kkv-knak jav\u00edtaniuk kell j\u00f6vedelemtermel\u0151-k\u00e9pess\u00e9g\u00fcket. Abban b\u00edznak, hogy pozit\u00edv v\u00e1ltoz\u00e1sok lehetnek az ad\u00f3z\u00e1sban, a b\u00e9rekre rakod\u00f3 terhek tov\u00e1bb m\u00e9rs\u00e9kl\u0151dnek, ezzel a megn\u00f6vekedett b\u00e9rig\u00e9nyeket ki lehet el\u00e9g\u00edteni.(MTI)<\/p>\n","protected":false},"excerpt":{"rendered":"<p>A 2019. \u00e9vi k\u00f6lts\u00e9gvet\u00e9s kedvez\u0151 helyzetet teremt a kis- \u00e9s k\u00f6z\u00e9pv\u00e1llalkoz\u00e1sok (kkv) fejl\u0151d\u00e9s\u00e9hez, gondot az egyes ter\u00fcleteken mutatkoz\u00f3 munkaer\u0151hi\u00e1ny jelenthet &#8211; mondta Vad\u00e1sz Gy\u00f6rgy, a Magyar Iparsz\u00f6vets\u00e9g (OKISZ) \u00fcgyvezet\u0151 eln\u00f6ke az MTI-nek miut\u00e1n a sz\u00f6vets\u00e9gben \u00e1ttekintett\u00e9k a j\u00f6v\u0151 \u00e9vi b\u00fcdzs\u00e9 v\u00e1rhat\u00f3 hat\u00e1sait.<\/p>\n","protected":false},"author":1,"featured_media":0,"comment_status":"closed","ping_status":"open","sticky":false,"template":"","format":"standard","meta":[],"categories":[4,19],"tags":[],"_links":{"self":[{"href":"https:\/\/gazdasagportal.hu\/index.php\/wp-json\/wp\/v2\/posts\/107150"}],"collection":[{"href":"https:\/\/gazdasagportal.hu\/index.php\/wp-json\/wp\/v2\/posts"}],"about":[{"href":"https:\/\/gazdasagportal.hu\/index.php\/wp-json\/wp\/v2\/types\/post"}],"author":[{"embeddable":true,"href":"https:\/\/gazdasagportal.hu\/index.php\/wp-json\/wp\/v2\/users\/1"}],"replies":[{"embeddable":true,"href":"https:\/\/gazdasagportal.hu\/index.php\/wp-json\/wp\/v2\/comments?post=107150"}],"version-history":[{"count":1,"href":"https:\/\/gazdasagportal.hu\/index.php\/wp-json\/wp\/v2\/posts\/107150\/revisions"}],"predecessor-version":[{"id":107151,"href":"https:\/\/gazdasagportal.hu\/index.php\/wp-json\/wp\/v2\/posts\/107150\/revisions\/107151"}],"wp:attachment":[{"href":"https:\/\/gazdasagportal.hu\/index.php\/wp-json\/wp\/v2\/media?parent=107150"}],"wp:term":[{"taxonomy":"category","embeddable":true,"href":"https:\/\/gazdasagportal.hu\/index.php\/wp-json\/wp\/v2\/categories?post=107150"},{"taxonomy":"post_tag","embeddable":true,"href":"https:\/\/gazdasagportal.hu\/index.php\/wp-json\/wp\/v2\/tags?post=107150"}],"curies":[{"name":"wp","href":"https:\/\/api.w.org\/{rel}","templated":true}]}}