{"id":107097,"date":"2018-07-15T15:50:39","date_gmt":"2018-07-15T13:50:39","guid":{"rendered":"http:\/\/gazdasagportal.hu\/?p=107097"},"modified":"2018-07-15T15:50:39","modified_gmt":"2018-07-15T13:50:39","slug":"theresa-may-donald-trump-azt-javasolta-hogy-pereljem-be-az-eu-t","status":"publish","type":"post","link":"https:\/\/gazdasagportal.hu\/index.php\/theresa-may-donald-trump-azt-javasolta-hogy-pereljem-be-az-eu-t\/","title":{"rendered":"Donald Trump azt javasolta, hogy pereljem be az EU-t"},"content":{"rendered":"<p><strong> A brit minisztereln\u00f6k szerint az amerikai eln\u00f6k azt javasolta neki, hogy a brit EU-tags\u00e1g megsz\u0171n\u00e9s\u00e9nek felt\u00e9teleir\u0151l sz\u00f3l\u00f3 t\u00e1rgyal\u00e1sok helyett perelje be az EU-t.<\/strong><!--more--><\/p>\n<div class=\"ads-in-post1\"><div id=\"gazdasagportal.hu_fullbanner_wideboard\"><\/div>\r\n<\/div>\n<p>    Donald Trump, aki k\u00e9tnapos hivatalos l\u00e1togat\u00e1st tett az Egyes\u00fclt Kir\u00e1lys\u00e1gban, a t\u00e1rgyal\u00e1sok v\u00e9g\u00e9n Theresa May korm\u00e1nyf\u0151vel tartott k\u00f6z\u00f6s p\u00e9nteki sajt\u00f3\u00e9rtekezlet\u00e9n \u00fagy fogalmazott, hogy el\u0151\u00e1llt May sz\u00e1m\u00e1ra egy javaslattal az EU-val szembeni magatart\u00e1sr\u00f3l, de azt a brit minisztereln\u00f6k &#8222;t\u00fals\u00e1gosan kem\u00e9nynek, tal\u00e1n brut\u00e1lisnak is&#8221; tal\u00e1lta.<br \/>\n    Theresa May, aki a BBC telev\u00edzi\u00f3 vas\u00e1rnapi politikai magazinm\u0171sor\u00e1nak vend\u00e9ge volt, arra a k\u00e9rd\u00e9sre, hogy mik\u00e9nt hangzott ez a &#8222;brut\u00e1lis javaslat&#8221;, felfedte: Trump azt aj\u00e1nlotta neki, hogy ne t\u00e1rgyaljon tov\u00e1bb az EU-val, hanem perelje be az uni\u00f3t.<br \/>\n    May nem t\u00e9rt ki arra, hogy Trump szerint Londonnak milyen c\u00edmen kellene beperelnie az Eur\u00f3pai Uni\u00f3t, de kijelentette, hogy Nagy-Britannia folytatja a t\u00e1rgyal\u00e1sokat az EU-val.<br \/>\n    Theresa May a vas\u00e1rnapi BBC-m\u0171sorban felid\u00e9zte azt is, hogy kettej\u00fck p\u00e9ntek esti sajt\u00f3\u00e9rtekezlet\u00e9n Trump m\u00e1r azt javasolta: a brit korm\u00e1ny ne \u00e1lljon fel a t\u00e1rgyal\u00f3asztalt\u00f3l, mert akkor a Brexit-t\u00e1rgyal\u00e1sok &#8222;lefulladnak&#8221;.<br \/>\n<div class=\"ads-in-post2\"><script async src=\"https:\/\/pagead2.googlesyndication.com\/pagead\/js\/adsbygoogle.js\"><\/script>\r\n<ins class=\"adsbygoogle\"\r\n     style=\"display:block\"\r\n     data-ad-format=\"fluid\"\r\n     data-ad-layout-key=\"-6t+ed+2i-1n-4w\"\r\n     data-ad-client=\"ca-pub-1959107119989764\"\r\n     data-ad-slot=\"4008251320\"><\/ins>\r\n<script>\r\n     (adsbygoogle = window.adsbygoogle || []).push({});\r\n<\/script><\/div>\n    Donald Trump m\u00e1r a brit minisztereln\u00f6kkel \u00e9s kabinetj\u00e9vel tartott k\u00e9toldal\u00fa t\u00e1rgyal\u00e1sok el\u0151tt \u00f3ri\u00e1si belpolitikai vihart kavart Nagy-Britanni\u00e1ban egy interj\u00faval, amelyben kijelentette, hogy ha Nagy-Britannia a Brexit ut\u00e1n is szoros kereskedelmi kapcsolatokat tart fenn az Eur\u00f3pai Uni\u00f3val, az lehetetlenn\u00e9 tenn\u00e9 a brit-amerikai szabadkereskedelmi meg\u00e1llapod\u00e1st, amelyre London t\u00f6rekszik.<br \/>\n    Az interj\u00fat a The Sun c\u00edm\u0171, er\u0151teljesen EU-szkeptikus ir\u00e1nyvonal\u00fa jobboldali brit t\u00f6meglap k\u00e9sz\u00edtette az amerikai eln\u00f6kkel. A lap \u00e1ltal p\u00e9nteken ismertetett r\u00e9szletek szerint Trump az interj\u00faban azt is kijelentette, hogy \u0151 nagyon sok mindent m\u00e1sk\u00e9pp csin\u00e1lt volna a Brexit-t\u00e1rgyal\u00e1sokon, \u00e9s k\u00e9sz lett volna arra is, hogy fel\u00e1lljon a t\u00e1rgyal\u00f3asztalt\u00f3l, mivel &#8222;ami most folyik, az nagyon szerencs\u00e9tlen&#8221;. V\u00e9lem\u00e9nye szerint ugyanis t\u00fal hossz\u00fa a brit EU-tags\u00e1g megsz\u0171n\u00e9s\u00e9r\u0151l foly\u00f3 t\u00e1rgyal\u00e1ssorozat, \u00e9s az olyan meg\u00e1llapod\u00e1sok, amelyekhez t\u00fal hossz\u00fa id\u0151 kell, &#8222;soha nem j\u00f3k&#8221;.<br \/>\n    Hozz\u00e1tette: megmondta Theresa Maynek, &#8222;hogyan kellene ezt csin\u00e1lni&#8221;, de a brit korm\u00e1nyf\u0151 nem \u00e9rtett vele egyet, nem hallgatott r\u00e1, m\u00e1s utat v\u00e1lasztott.<br \/>\n    Val\u00f3sz\u00edn\u0171leg ez volt az a &#8222;brut\u00e1lis javaslat&#8221;, amelyre az amerikai eln\u00f6k a brit korm\u00e1nyf\u0151vel tartott p\u00e9ntek esti k\u00f6z\u00f6s sajt\u00f3t\u00e1j\u00e9koztat\u00f3n r\u00e9szletek n\u00e9lk\u00fcl utalt, \u00e9s amelyr\u0151l Theresa May a vas\u00e1rnapi BBC-interj\u00fam\u0171sorban felfedte, hogy Trump a Brexit-t\u00e1rgyal\u00e1sok folytat\u00e1sa helyett az Eur\u00f3pai Uni\u00f3 elleni jogi elj\u00e1r\u00e1s megind\u00edt\u00e1s\u00e1t javasolta neki.     A k\u00e9toldal\u00fa megbesz\u00e9l\u00e9s ut\u00e1ni k\u00f6z\u00f6s sajt\u00f3t\u00e1j\u00e9koztat\u00f3n Trump &#8222;\u00e1lh\u00edrnek&#8221; nevezte a The Sun \u00e1ltal vele k\u00e9sz\u00edtett interj\u00fa ismertet\u00e9s\u00e9nek m\u00f3dj\u00e1t, arra hivatkozva, hogy a brit lap kihagyta a cikkb\u0151l &#8222;azokat a nagyszer\u0171 dolgokat&#8221;, amelyeket \u0151 Theresa Mayr\u0151l mondott. Az amerikai eln\u00f6k szerint ezeket kellett volna &#8222;a f\u0151c\u00edmben kiugratni&#8221;.(MTI)<\/p>\n","protected":false},"excerpt":{"rendered":"<p>A brit minisztereln\u00f6k szerint az amerikai eln\u00f6k azt javasolta neki, hogy a brit EU-tags\u00e1g megsz\u0171n\u00e9s\u00e9nek felt\u00e9teleir\u0151l sz\u00f3l\u00f3 t\u00e1rgyal\u00e1sok helyett perelje be az EU-t.<\/p>\n","protected":false},"author":1,"featured_media":81437,"comment_status":"closed","ping_status":"open","sticky":false,"template":"","format":"standard","meta":[],"categories":[146,12],"tags":[],"_links":{"self":[{"href":"https:\/\/gazdasagportal.hu\/index.php\/wp-json\/wp\/v2\/posts\/107097"}],"collection":[{"href":"https:\/\/gazdasagportal.hu\/index.php\/wp-json\/wp\/v2\/posts"}],"about":[{"href":"https:\/\/gazdasagportal.hu\/index.php\/wp-json\/wp\/v2\/types\/post"}],"author":[{"embeddable":true,"href":"https:\/\/gazdasagportal.hu\/index.php\/wp-json\/wp\/v2\/users\/1"}],"replies":[{"embeddable":true,"href":"https:\/\/gazdasagportal.hu\/index.php\/wp-json\/wp\/v2\/comments?post=107097"}],"version-history":[{"count":2,"href":"https:\/\/gazdasagportal.hu\/index.php\/wp-json\/wp\/v2\/posts\/107097\/revisions"}],"predecessor-version":[{"id":107099,"href":"https:\/\/gazdasagportal.hu\/index.php\/wp-json\/wp\/v2\/posts\/107097\/revisions\/107099"}],"wp:featuredmedia":[{"embeddable":true,"href":"https:\/\/gazdasagportal.hu\/index.php\/wp-json\/wp\/v2\/media\/81437"}],"wp:attachment":[{"href":"https:\/\/gazdasagportal.hu\/index.php\/wp-json\/wp\/v2\/media?parent=107097"}],"wp:term":[{"taxonomy":"category","embeddable":true,"href":"https:\/\/gazdasagportal.hu\/index.php\/wp-json\/wp\/v2\/categories?post=107097"},{"taxonomy":"post_tag","embeddable":true,"href":"https:\/\/gazdasagportal.hu\/index.php\/wp-json\/wp\/v2\/tags?post=107097"}],"curies":[{"name":"wp","href":"https:\/\/api.w.org\/{rel}","templated":true}]}}