{"id":107087,"date":"2018-07-15T08:46:18","date_gmt":"2018-07-15T06:46:18","guid":{"rendered":"http:\/\/gazdasagportal.hu\/?p=107087"},"modified":"2018-07-15T08:46:18","modified_gmt":"2018-07-15T06:46:18","slug":"heti-tozsdei-osszefoglalo-novekvo-forgalomban-gyengult-a-bux-a-heten","status":"publish","type":"post","link":"https:\/\/gazdasagportal.hu\/index.php\/heti-tozsdei-osszefoglalo-novekvo-forgalomban-gyengult-a-bux-a-heten\/","title":{"rendered":"Heti t\u0151zsdei \u00f6sszefoglal\u00f3: N\u00f6vekv\u0151 forgalomban gyeng\u00fclt a BUX a h\u00e9ten"},"content":{"rendered":"<p><strong>N\u00f6vekv\u0151 forgalomban cs\u00f6kkent a Budapesti \u00c9rt\u0151kt\u0151zsde (B\u00c9T) r\u00e9szv\u00e9nyindexe a h\u00e9ten. A BUX 35 641,76 ponton fejezte be a keresked\u00e9st p\u00e9nteken, az el\u0151z\u0151 heti z\u00e1r\u00f3\u00e9rt\u00e9k\u00e9n\u00e9l 133,97 ponttal, 0,37 sz\u00e1zal\u00e9kkal alacsonyabban.<\/strong><!--more--><\/p>\n<div class=\"ads-in-post1\"><div id=\"gazdasagportal.hu_fullbanner_wideboard\"><\/div>\r\n<\/div>\n<p>    A r\u00e9szv\u00e9nypiac heti forgalma 42,84 milli\u00e1rd forint volt az el\u0151z\u0151 heti 34,29 milli\u00e1rd ut\u00e1n, a vezet\u0151 r\u00e9szv\u00e9nyek \u00e1ra a Mol kiv\u00e9tel\u00e9vel gyeng\u00fclt.<br \/>\n    Az Equilor Befektet\u00e9si Zrt. MTI-hez eljuttatott t\u0151zsdei elemz\u00e9s\u00e9ben kiemelte, hogy alapvet\u0151en kedvez\u0151 volt a nemzetk\u00f6zi befektet\u0151i hangulat az elm\u00falt h\u00e9ten, a folyamatos cs\u00f6kken\u00e9s ut\u00e1n cs\u00fct\u00f6rt\u00f6k\u00f6n \u00e9s p\u00e9nteken pozit\u00edv korrekci\u00f3 indult a Budapesti \u00c9rt\u00e9kt\u0151zsd\u00e9n.<br \/>\n    Az elemz\u00e9s szerint a hazai vezet\u0151 r\u00e9szv\u00e9nyek k\u00f6z\u00fcl \u00e9rdemes kiemelten figyelni a Richtert, amennyiben a nemzetk\u00f6zi befektet\u0151i hangulat nem romlik dr\u00e1maian a k\u00f6vetkez\u0151 hetekben, j\u00f3 es\u00e9llyel hosszabb t\u00e1v\u00fa pozit\u00edv fordulat j\u00f6het a gy\u00f3gyszert\u00f3 v\u00e1llalat t\u0151zsdei mozg\u00e1s\u00e1ban.<br \/>\n    Hangs\u00falyozt\u00e1k, a felt\u00f6rekv\u0151 piaci deviz\u00e1kban n\u00e9mi bizonytalans\u00e1got okozott az \u00faj t\u00f6r\u00f6k korm\u00e1ny h\u00e9tf\u0151i beiktat\u00e1sa, mivel m\u00f3dos\u00edtj\u00e1k a jegybankt\u00f6rv\u00e9nyt, \u00e9s a piaci szerepl\u0151k att\u00f3l tartanak, hogy az eln\u00f6k nagyobb befoly\u00e1st szerez a t\u00f6r\u00f6k monet\u00e1ris politika felett. Emiatt h\u00e9tf\u0151n jelent\u0151sen gyeng\u00fclt a t\u00f6r\u00f6k l\u00edra, majd szerd\u00e1n \u00fajabb zuhan\u00e1st szenvedett el Erdogan nyilatkozata miatt, amelyben jelezte, hogy hamarosan cs\u00f6kkenni fognak a kamatok, \u00e9s visszaer\u0151s\u00edtik a t\u00f6r\u00f6k deviz\u00e1t. Amennyiben azonban Erdogan cs\u00f6kkenteni szeretn\u00e9 a kamatszintet, a l\u00edra tov\u00e1bb gyeng\u00fclhet, \u00e9s az infl\u00e1ci\u00f3 tov\u00e1bb emelkedhet.<br \/>\n    Kedden tette k\u00f6zz\u00e9 a K\u00f6zponti Statisztikai Hivatal a j\u00faniusra vonatkoz\u00f3 infl\u00e1ci\u00f3s adatsort. \u00c9ves \u00f6sszehasonl\u00edt\u00e1sban &#8211; a v\u00e1rakoz\u00e1soknak megfelel\u0151en &#8211; 3,1 sz\u00e1zal\u00e9kkal emelkedett a fogyaszt\u00f3i \u00e1rindex, a legnagyobb m\u00e9rt\u00e9kben a j\u00e1rm\u0171\u00fczemanyagok \u00e9s a doh\u00e1ny\u00e1ruk \u00e1ra n\u0151tt.<br \/>\n    Az elm\u00falt id\u0151szak forintgyeng\u00fcl\u00e9se \u00e9s az olaj\u00e1r emelked\u00e9se felfel\u00e9 hat\u00f3 t\u00e9nyez\u0151k a hazai infl\u00e1ci\u00f3ra n\u00e9zve, \u00edgy &#8211; v\u00e1ltozatlan \u00e1rfolyamok eset\u00e9n &#8211; az Equilor v\u00e1rakoz\u00e1sa szerint az \u00e9v h\u00e1tral\u00e9v\u0151 r\u00e9sz\u00e9ben is \u00e9l\u00e9nkebb \u00e1rindex-n\u00f6veked\u00e9s v\u00e1rhat\u00f3.<br \/>\n    Az Egyes\u00fclt \u00c1llamokban megkezd\u0151d\u00f6tt a v\u00e1llalati jelent\u00e9si szezon, alapvet\u0151en optimist\u00e1k a befektet\u0151k, tal\u00e1n az egyetlen r\u00f6vid t\u00e1v\u00fa kock\u00e1zatot a kereskedelmi h\u00e1bor\u00fa tov\u00e1bbi elm\u00e9ly\u00fcl\u00e9se jelentheti a r\u00e9szv\u00e9nypiacoknak &#8211; \u00edrja elemz\u00e9s\u00e9ben az Equilor.<br \/>\n    A h\u00e9ten a Mol 1,57 sz\u00e1zal\u00e9kkal emelkedett, p\u00e9nteken 2722 forinton z\u00e1rt, heti forgalma meghaladta a 6 milli\u00e1rd forintot.<br \/>\n    A Magyar Telekom r\u00e9szv\u00e9nyei 1,1 sz\u00e1zal\u00e9kkal gyeng\u00fcltek a h\u00e9ten, a pap\u00edr 403 forinton fejezte be a keresked\u00e9st, heti forgalma 427,3 milli\u00f3 forint volt.<br \/>\n    Az OTP 0,1 sz\u00e1zal\u00e9kkal cs\u00f6kkent a h\u00e9ten, az utols\u00f3 keresked\u00e9si napon 10 150 forinton z\u00e1rt, heti forgalma meghaladta a 14,4 milli\u00e1rd forintot.<br \/>\n    A Richter \u00e1rfolyama 3,08 sz\u00e1zal\u00e9kkal m\u00e9rs\u00e9kl\u0151d\u00f6tt, p\u00e9nteken 4880 forinton z\u00e1rt, heti forgalma meghaladta a 16,8 milli\u00e1rd forintot.<br \/>\n    A kis- \u00e9s k\u00f6zepes r\u00e9szv\u00e9nyek indexe, a BUMIX 3929,38 ponton z\u00e1rt p\u00e9nteken, az el\u0151z\u0151 h\u00e9thez k\u00e9pest 78,24 ponttal, 1,95 sz\u00e1zal\u00e9kkal alacsonyabban.(MTI)<\/p>\n","protected":false},"excerpt":{"rendered":"<p>N\u00f6vekv\u0151 forgalomban cs\u00f6kkent a Budapesti \u00c9rt\u0151kt\u0151zsde (B\u00c9T) r\u00e9szv\u00e9nyindexe a h\u00e9ten. A BUX 35 641,76 ponton fejezte be a keresked\u00e9st p\u00e9nteken, az el\u0151z\u0151 heti z\u00e1r\u00f3\u00e9rt\u00e9k\u00e9n\u00e9l 133,97 ponttal, 0,37 sz\u00e1zal\u00e9kkal alacsonyabban.<\/p>\n","protected":false},"author":1,"featured_media":63384,"comment_status":"closed","ping_status":"open","sticky":false,"template":"","format":"standard","meta":[],"categories":[146,8],"tags":[],"_links":{"self":[{"href":"https:\/\/gazdasagportal.hu\/index.php\/wp-json\/wp\/v2\/posts\/107087"}],"collection":[{"href":"https:\/\/gazdasagportal.hu\/index.php\/wp-json\/wp\/v2\/posts"}],"about":[{"href":"https:\/\/gazdasagportal.hu\/index.php\/wp-json\/wp\/v2\/types\/post"}],"author":[{"embeddable":true,"href":"https:\/\/gazdasagportal.hu\/index.php\/wp-json\/wp\/v2\/users\/1"}],"replies":[{"embeddable":true,"href":"https:\/\/gazdasagportal.hu\/index.php\/wp-json\/wp\/v2\/comments?post=107087"}],"version-history":[{"count":1,"href":"https:\/\/gazdasagportal.hu\/index.php\/wp-json\/wp\/v2\/posts\/107087\/revisions"}],"predecessor-version":[{"id":107088,"href":"https:\/\/gazdasagportal.hu\/index.php\/wp-json\/wp\/v2\/posts\/107087\/revisions\/107088"}],"wp:featuredmedia":[{"embeddable":true,"href":"https:\/\/gazdasagportal.hu\/index.php\/wp-json\/wp\/v2\/media\/63384"}],"wp:attachment":[{"href":"https:\/\/gazdasagportal.hu\/index.php\/wp-json\/wp\/v2\/media?parent=107087"}],"wp:term":[{"taxonomy":"category","embeddable":true,"href":"https:\/\/gazdasagportal.hu\/index.php\/wp-json\/wp\/v2\/categories?post=107087"},{"taxonomy":"post_tag","embeddable":true,"href":"https:\/\/gazdasagportal.hu\/index.php\/wp-json\/wp\/v2\/tags?post=107087"}],"curies":[{"name":"wp","href":"https:\/\/api.w.org\/{rel}","templated":true}]}}