{"id":107076,"date":"2018-07-14T12:20:38","date_gmt":"2018-07-14T10:20:38","guid":{"rendered":"http:\/\/gazdasagportal.hu\/?p=107076"},"modified":"2018-07-14T08:21:38","modified_gmt":"2018-07-14T06:21:38","slug":"osszeolvadt-ket-pallas-athene-alapitvany","status":"publish","type":"post","link":"https:\/\/gazdasagportal.hu\/index.php\/osszeolvadt-ket-pallas-athene-alapitvany\/","title":{"rendered":"\u00d6sszeolvadt k\u00e9t Pallas Ath\u00e9n\u00e9 alap\u00edtv\u00e1ny"},"content":{"rendered":"<p><strong>\u00d6sszeolvadt a Magyar Nemzeti Bank \u00e1ltal alap\u00edtott alap\u00edtv\u00e1nyok k\u00f6z\u00fcl a Pallas Ath\u00e9n\u00e9 Domus Animae (PADA) \u00e9s a Pallas Ath\u00e9n\u00e9 Domus Mentis Alap\u00edtv\u00e1ny (PADMA), feladataikat az \u00fajonnan l\u00e9trej\u00f6tt Pallas Ath\u00e9n\u00e9 Domus Sapientiae Alap\u00edtv\u00e1ny (PADS) fogja ell\u00e1tni &#8211; k\u00f6z\u00f6lt\u00e9k az alap\u00edtv\u00e1nyok az MTI-vel szombaton.<\/strong><!--more--><\/p>\n<div class=\"ads-in-post1\"><div id=\"gazdasagportal.hu_fullbanner_wideboard\"><\/div>\r\n<\/div>\n<p>    A k\u00f6zlem\u00e9ny szerint az \u00faj alap\u00edtv\u00e1ny \u00f6tv\u00f6zi a kor\u00e1bbi k\u00e9t alap\u00edtv\u00e1ny c\u00e9ljait \u00e9s teljes vagyon\u00e1t.<br \/>\n    Eml\u00e9keztetnek, hogy a Pallas Ath\u00e9n\u00e9 Alap\u00edtv\u00e1nyokat az MNB a 2014-ben megalkotott K\u00f6zgondolkod\u00e1si Programj\u00e1nak r\u00e9szek\u00e9nt hozta l\u00e9tre, amelynek c\u00e9lja t\u00f6bbek k\u00f6z\u00f6tt, hogy emelje a magyarorsz\u00e1gi k\u00f6zgazdas\u00e1gi oktat\u00e1s sz\u00ednvonal\u00e1t \u00e9s n\u00f6velje az \u00e1ltal\u00e1nos k\u00f6zgazdas\u00e1gi m\u0171velts\u00e9get oktat\u00e1si programok szervez\u00e9s\u00e9vel, kiemelked\u0151 tehets\u00e9gek egy\u00e9ni gondoz\u00e1s\u00e1val.<br \/>\n    Az alap\u00edtv\u00e1nyok vagyon\u00e1t kezel\u0151 Optima Befektet\u00e9si Zrt. egy nappal kor\u00e1bban arr\u00f3l t\u00e1j\u00e9koztatta az MTI-t, hogy az alap\u00edtv\u00e1nyok 4,316 milli\u00e1rd forinttal gyarap\u00edtott\u00e1k vagyonukat alap\u00edt\u00e1suk \u00f3ta. A vagyongyarapod\u00e1s mellett 6,8 milli\u00e1rd forint \u00e9rt\u00e9kben t\u00f6bb mint 1300 oktat\u00e1si, tudom\u00e1nyos p\u00e1ly\u00e1zatot t\u00e1mogattak.<br \/>\n<div class=\"ads-in-post2\"><script async src=\"https:\/\/pagead2.googlesyndication.com\/pagead\/js\/adsbygoogle.js\"><\/script>\r\n<ins class=\"adsbygoogle\"\r\n     style=\"display:block\"\r\n     data-ad-format=\"fluid\"\r\n     data-ad-layout-key=\"-6t+ed+2i-1n-4w\"\r\n     data-ad-client=\"ca-pub-1959107119989764\"\r\n     data-ad-slot=\"4008251320\"><\/ins>\r\n<script>\r\n     (adsbygoogle = window.adsbygoogle || []).push({});\r\n<\/script><\/div>\n    A j\u00fanius 30-i \u00e1llapot szerint az alap\u00edtv\u00e1nyoknak juttatott \u00f6sszesen 266,4 milli\u00e1rd forintnyi vagyon \u00e9rt\u00e9ke 270,716 milli\u00e1rd forintra n\u0151tt. Az alap\u00edtv\u00e1nyok \u00e9s az \u00e1ltaluk alap\u00edtott gazdas\u00e1gi t\u00e1rsas\u00e1gok \u00f6sszess\u00e9g\u00e9ben 96,721 milli\u00e1rd forintot ingatlanban, 63,983 milli\u00e1rd forintot befektet\u00e9si jegyben, 59,869 milli\u00e1rd forintot v\u00e1llalati k\u00f6tv\u00e9nyekben, 25,350 milli\u00e1rd forintot \u00e1llampap\u00edrokban \u00e9s 24,793 milli\u00e1rd forintot bankbet\u00e9tben tartanak.<br \/>\n    Az Optima k\u00f6zlem\u00e9ny\u00e9ben felid\u00e9zte, hogy az alap\u00edtv\u00e1nyok a r\u00e1juk b\u00edzott vagyont nem k\u00f6lthetik el, csak befektethetik, \u00e9s annak hozam\u00e1t haszn\u00e1lhatj\u00e1k fel tev\u00e9kenys\u00e9g\u00fck finansz\u00edroz\u00e1s\u00e1ra.(MTI)<\/p>\n","protected":false},"excerpt":{"rendered":"<p>\u00d6sszeolvadt a Magyar Nemzeti Bank \u00e1ltal alap\u00edtott alap\u00edtv\u00e1nyok k\u00f6z\u00fcl a Pallas Ath\u00e9n\u00e9 Domus Animae (PADA) \u00e9s a Pallas Ath\u00e9n\u00e9 Domus Mentis Alap\u00edtv\u00e1ny (PADMA), feladataikat az \u00fajonnan l\u00e9trej\u00f6tt Pallas Ath\u00e9n\u00e9 Domus Sapientiae Alap\u00edtv\u00e1ny (PADS) fogja ell\u00e1tni &#8211; k\u00f6z\u00f6lt\u00e9k az alap\u00edtv\u00e1nyok az MTI-vel szombaton.<\/p>\n","protected":false},"author":1,"featured_media":0,"comment_status":"closed","ping_status":"open","sticky":false,"template":"","format":"standard","meta":[],"categories":[19],"tags":[],"_links":{"self":[{"href":"https:\/\/gazdasagportal.hu\/index.php\/wp-json\/wp\/v2\/posts\/107076"}],"collection":[{"href":"https:\/\/gazdasagportal.hu\/index.php\/wp-json\/wp\/v2\/posts"}],"about":[{"href":"https:\/\/gazdasagportal.hu\/index.php\/wp-json\/wp\/v2\/types\/post"}],"author":[{"embeddable":true,"href":"https:\/\/gazdasagportal.hu\/index.php\/wp-json\/wp\/v2\/users\/1"}],"replies":[{"embeddable":true,"href":"https:\/\/gazdasagportal.hu\/index.php\/wp-json\/wp\/v2\/comments?post=107076"}],"version-history":[{"count":1,"href":"https:\/\/gazdasagportal.hu\/index.php\/wp-json\/wp\/v2\/posts\/107076\/revisions"}],"predecessor-version":[{"id":107077,"href":"https:\/\/gazdasagportal.hu\/index.php\/wp-json\/wp\/v2\/posts\/107076\/revisions\/107077"}],"wp:attachment":[{"href":"https:\/\/gazdasagportal.hu\/index.php\/wp-json\/wp\/v2\/media?parent=107076"}],"wp:term":[{"taxonomy":"category","embeddable":true,"href":"https:\/\/gazdasagportal.hu\/index.php\/wp-json\/wp\/v2\/categories?post=107076"},{"taxonomy":"post_tag","embeddable":true,"href":"https:\/\/gazdasagportal.hu\/index.php\/wp-json\/wp\/v2\/tags?post=107076"}],"curies":[{"name":"wp","href":"https:\/\/api.w.org\/{rel}","templated":true}]}}