{"id":107074,"date":"2018-07-14T10:18:33","date_gmt":"2018-07-14T08:18:33","guid":{"rendered":"http:\/\/gazdasagportal.hu\/?p=107074"},"modified":"2018-07-14T08:19:33","modified_gmt":"2018-07-14T06:19:33","slug":"a-jovo-generacioit-kepzi-a-spar","status":"publish","type":"post","link":"https:\/\/gazdasagportal.hu\/index.php\/a-jovo-generacioit-kepzi-a-spar\/","title":{"rendered":"A j\u00f6v\u0151 gener\u00e1ci\u00f3it k\u00e9pzi a SPAR"},"content":{"rendered":"<p><strong>A csaknem 13 ezer munkav\u00e1llal\u00f3t foglalkoztat\u00f3 SPAR Magyarorsz\u00e1g piacra l\u00e9p\u00e9se \u00f3ta kiemelten fontosnak tartja a szakmai ut\u00e1np\u00f3tl\u00e1s nevel\u00e9s\u00e9t, a j\u00f6v\u0151 kereskedelmi szakembereinek k\u00e9pz\u00e9s\u00e9t. A hazai szakk\u00e9pz\u00e9sben \u00e9vtizedek \u00f3ta jelen l\u00e9v\u0151 v\u00e1llalat ebben a tan\u00e9vben k\u00f6zel 900 di\u00e1knak biztos\u00edtja a szakmai gyakorlat lehet\u0151s\u00e9g\u00e9t. Ennek keret\u00e9ben id\u00e9n 452 tanul\u00f3 m\u00e1r teljes\u00edtette szakmai vizsg\u00e1it. <\/strong><!--more--><\/p>\n<div class=\"ads-in-post1\"><div id=\"gazdasagportal.hu_fullbanner_wideboard\"><\/div>\r\n<\/div>\n<p>A SPAR Magyarorsz\u00e1g \u00f6sszesen 130 kereskedelmi iskola elad\u00f3, keresked\u0151, logisztikai \u00e9s sz\u00e1ll\u00edtm\u00e1nyoz\u00e1si \u00fcgyint\u00e9z\u0151, valamint h\u00fasipari term\u00e9kgy\u00e1rt\u00f3 di\u00e1kj\u00e1nak biztos\u00edt gyakorlati k\u00e9pz\u0151helyet 140 SPAR szupermarket\u00e9ben, 33 INTERSPAR hipermarketben \u00e9s a Regnum H\u00fas\u00fczemben. Az \u00fczletl\u00e1ncn\u00e1l a 2017\/18-as tan\u00e9vben k\u00f6zel 900 tanul\u00f3szerz\u0151d\u00e9ses n\u00f6vend\u00e9k t\u00f6lti gyakorlat\u00e1t. A SPAR a meg\u00e1llapod\u00e1sokat a teljes k\u00e9pz\u00e9si id\u0151re k\u00f6ti meg, \u00edgy k\u00e9t \u00e9vre ny\u00fajt gyakorlati helyet a tanul\u00f3knak, akik heti 2-3 napot t\u00f6ltenek az \u00fczletekben. Az idei tan\u00e9vben 452-en tettek szakmai vizsg\u00e1t: 271 elad\u00f3, 121 keresked\u0151, 59 logisztikai \u00e9s sz\u00e1ll\u00edtm\u00e1nyoz\u00e1si \u00fcgyint\u00e9z\u0151 \u00e9s egy h\u00fasipari term\u00e9kgy\u00e1rt\u00f3 tanul\u00f3. A ny\u00e1rt\u00f3l 400 \u00faj di\u00e1k kezdi meg szakmai gyakorlat\u00e1t, akik szeptembert\u0151l is folytatj\u00e1k \u00fczleti j\u00e1rtass\u00e1guk elm\u00e9ly\u00edt\u00e9s\u00e9t. Ezen fel\u00fcl az \u00e1gazati k\u00e9pz\u00e9sben r\u00e9szt vev\u0151 tanul\u00f3k k\u00f6z\u00fcl a v\u00e1llalat a ny\u00e1ri sz\u00fcnet idej\u00e9re \u2013 105-160 \u00f3ra k\u00f6z\u00f6tti id\u0151tartamban \u2013 tov\u00e1bbi 200 f\u0151 r\u00e9sz\u00e9re biztos\u00edt szakmai gyakorlatot.<\/p>\n<p>\u201eA min\u0151s\u00e9gi gyakorlati k\u00e9pz\u00e9s m\u00e1r a kezdetek \u00f3ta strat\u00e9giai jelent\u0151s\u00e9ggel b\u00edr a SPAR sz\u00e1m\u00e1ra. A kereskedelmi szakma elismerts\u00e9g\u00e9nek n\u00f6vel\u00e9s\u00e9vel, a leend\u0151 munkat\u00e1rsaink magas sz\u00ednvonal\u00fa felk\u00e9sz\u00edt\u00e9s\u00e9vel a kereskedelmi szektorban \u00e9rz\u00e9kelhet\u0151 szakemberhi\u00e1nyt is m\u00e9rs\u00e9kelni tudjuk\u201d \u2013 mondta Maczelka M\u00e1rk, a SPAR kommunik\u00e1ci\u00f3s vezet\u0151je. Hozz\u00e1tette: \u201eA v\u00e1llalat sikeress\u00e9ge a munkat\u00e1rsakon m\u00falik, ez\u00e9rt alapvet\u0151 a szakmai felk\u00e9sz\u00fclts\u00e9g\u00fck min\u0151s\u00e9ge, amit a j\u00f6v\u0151ben m\u00e9g sz\u00e9lesebb keretek k\u00f6z\u00f6tt szeretn\u00e9nk er\u0151s\u00edteni\u201d.<\/p><div id=\"gazda-4262597213\" class=\"gazda-tartalomban gazda-entity-placement\"><script async src=\"https:\/\/pagead2.googlesyndication.com\/pagead\/js\/adsbygoogle.js\"><\/script>\r\n<ins class=\"adsbygoogle\"\r\n     style=\"display:block\"\r\n     data-ad-format=\"fluid\"\r\n     data-ad-layout-key=\"-6t+ed+2i-1n-4w\"\r\n     data-ad-client=\"ca-pub-1959107119989764\"\r\n     data-ad-slot=\"4008251320\"><\/ins>\r\n<script>\r\n     (adsbygoogle = window.adsbygoogle || []).push({});\r\n<\/script><\/div>\n<p>Az ut\u00e1np\u00f3tl\u00e1s-nevel\u00e9s v\u00e1llalaton bel\u00fcli fontoss\u00e1g\u00e1t mutatja, hogy a SPAR franchise partnerei is csatlakoztak a szakk\u00e9pz\u00e9si rendszerhez, szint\u00e9n gyakorlati k\u00e9pz\u0151helyeket biztos\u00edtva a tanul\u00f3knak. A min\u0151s\u00e9gi kereskedelem mellett elk\u00f6telezett SPAR a tanul\u00f3-szakk\u00e9pz\u00e9s ter\u00fclet\u00e9n is t\u00e1mogatja a magyar kiskeresked\u0151ket: partnereinek seg\u00edts\u00e9get ny\u00fajt a gyakorlatukat t\u00f6lt\u0151 fiatalok adminisztr\u00e1ci\u00f3j\u00e1t, szakmai k\u00e9pz\u00e9s\u00e9t illet\u0151en.<\/p>\n<div class=\"ads-in-post2\"><script async src=\"https:\/\/pagead2.googlesyndication.com\/pagead\/js\/adsbygoogle.js\"><\/script>\r\n<ins class=\"adsbygoogle\"\r\n     style=\"display:block\"\r\n     data-ad-format=\"fluid\"\r\n     data-ad-layout-key=\"-6t+ed+2i-1n-4w\"\r\n     data-ad-client=\"ca-pub-1959107119989764\"\r\n     data-ad-slot=\"4008251320\"><\/ins>\r\n<script>\r\n     (adsbygoogle = window.adsbygoogle || []).push({});\r\n<\/script><\/div>\nA SPAR Magyarorsz\u00e1g \u00e9vente t\u00f6bb mint 30 ezer tonna sert\u00e9sh\u00fast forgalmaz, annak k\u00f6sz\u00f6nhet\u0151en, hogy \u2013 egyetlen hazai kiskereskedelmi v\u00e1llalatk\u00e9nt \u2013 saj\u00e1t h\u00fas\u00fczemmel rendelkezik. A bicskei h\u00fasfeldolgoz\u00f3 \u00fczem k\u00e9t \u00e9ve m\u00e1r szakmai m\u0171helyk\u00e9nt is m\u0171k\u00f6dik, ahol gyakorlati lehet\u0151s\u00e9get biztos\u00edtanak a h\u00fasipari term\u00e9kgy\u00e1rt\u00f3 tanul\u00f3knak a k\u00e9pz\u00e9si id\u0151 teljes h\u00e1rom \u00e9v\u00e9re. A di\u00e1kok a 9. \u00e9vfolyamt\u00f3l a Regnum H\u00fas\u00fczem \u00e9s Oktat\u00f3k\u00f6zpont erre a c\u00e9lra l\u00e9tes\u00edtett gyakorlati oktat\u00f3term\u00e9ben teljes\u00edtik a gyakorlati k\u00e9pz\u00e9s\u00fcket. Sikeres szintvizsg\u00e1juk ut\u00e1n a fiatalok tev\u00e9kenyen r\u00e9szt vesznek az \u00fczem termel\u00e9si folyamat\u00e1ban, illetve a v\u00e1lasztott szakm\u00e1jukkal kapcsolatos \u00e1ruh\u00e1zi teend\u0151k elsaj\u00e1t\u00edt\u00e1s\u00e1ban. Jelenleg a budapesti Bercs\u00e9nyi Mikl\u00f3s \u00c9lelmiszeripari Szakk\u00e9pz\u0151 t\u00edz tanul\u00f3ja t\u00f6lti a c\u00e9gn\u00e9l gyakorlat\u00e1t.<\/p>\n<p>A mindennapi gyakorlati k\u00e9pz\u00e9s mellett a SPAR fontosnak tartja a tehets\u00e9ggondoz\u00e1st is. Ez\u00e9rt tizedik \u00e9ve f\u0151 szponzork\u00e9nt t\u00e1mogatja a Magyar Kereskedelmi \u00e9s Iparkamara \u00e1ltal szervezett Szakma Szt\u00e1r Verseny kereskedelmi \u00e1gazat\u00e1ban versenyz\u0151 keresked\u0151, elad\u00f3, valamint logisztikai \u00e9s sz\u00e1ll\u00edtm\u00e1nyoz\u00e1si \u00fcgyint\u00e9z\u0151 tanul\u00f3k szakmai megm\u00e9rettet\u00e9s\u00e9t. Az \u00e1ruh\u00e1zl\u00e1nc ugyanis maxim\u00e1lisan egyet\u00e9rt a verseny c\u00e9lkit\u0171z\u00e9seivel: a szakm\u00e1k t\u00e1rsadalmi preszt\u00edzs\u00e9nek \u00e9s vonzerej\u00e9nek n\u00f6vel\u00e9s\u00e9vel, a j\u00f3 szakember-p\u00e1lyamodell bemutat\u00e1s\u00e1val \u00e9s n\u00e9pszer\u0171s\u00edt\u00e9s\u00e9vel.<\/p>\n<p>A SPAR tehets\u00e9ggondoz\u00e1s t\u00e1mogat\u00e1s\u00e1nak r\u00e9sze, hogy szerepet v\u00e1llal az id\u00e9n Magyarorsz\u00e1gon megrendez\u00e9sre ker\u00fcl\u0151, a fiatal szakmai tehets\u00e9geket pr\u00f3b\u00e1ra t\u00e9v\u0151 Euroskills nemzetk\u00f6zi versenyen a legjobb szak\u00e1csok kiv\u00e1laszt\u00e1s\u00e1ban, illetve mag\u00e1hoz a szeptemberi d\u00f6nt\u0151h\u00f6z szolg\u00e1l min\u0151s\u00e9gi alapanyagokkal a r\u00e9sztvev\u0151k sz\u00e1m\u00e1ra.<\/p>\n<p>A v\u00e1llalat az els\u0151k k\u00f6z\u00f6tt csatlakozott a du\u00e1lis f\u0151iskolai\/egyetemi k\u00e9pz\u00e9shez: jelenleg 14 du\u00e1lis hallgat\u00f3 t\u00f6lti gyakorlat\u00e1t a v\u00e1llalatn\u00e1l, \u0151k a Szent Istv\u00e1n Egyetemen \u00e9s a Budapesti Gazdas\u00e1gi Egyetemen tanulnak. A gyakornokok l\u00e9tsz\u00e1ma szeptembert\u0151l v\u00e1rhat\u00f3an 6 f\u0151vel b\u0151v\u00fcl a c\u00e9gn\u00e9l. A hallgat\u00f3k akt\u00edvan r\u00e9szt vesznek a v\u00e1llalat napi m\u0171k\u00f6d\u00e9s\u00e9ben, mik\u00f6zben elm\u00e9leti tud\u00e1sukat gyakorlati ismeretekkel b\u0151v\u00edthetik.<\/p>\n","protected":false},"excerpt":{"rendered":"<p>A csaknem 13 ezer munkav\u00e1llal\u00f3t foglalkoztat\u00f3 SPAR Magyarorsz\u00e1g piacra l\u00e9p\u00e9se \u00f3ta kiemelten fontosnak tartja a szakmai ut\u00e1np\u00f3tl\u00e1s nevel\u00e9s\u00e9t, a j\u00f6v\u0151 kereskedelmi szakembereinek k\u00e9pz\u00e9s\u00e9t. A hazai szakk\u00e9pz\u00e9sben \u00e9vtizedek \u00f3ta jelen l\u00e9v\u0151 v\u00e1llalat ebben a tan\u00e9vben k\u00f6zel 900 di\u00e1knak biztos\u00edtja a szakmai gyakorlat lehet\u0151s\u00e9g\u00e9t. Ennek keret\u00e9ben id\u00e9n 452 tanul\u00f3 m\u00e1r teljes\u00edtette szakmai vizsg\u00e1it.<\/p>\n","protected":false},"author":1,"featured_media":0,"comment_status":"closed","ping_status":"open","sticky":false,"template":"","format":"standard","meta":[],"categories":[4,19],"tags":[],"_links":{"self":[{"href":"https:\/\/gazdasagportal.hu\/index.php\/wp-json\/wp\/v2\/posts\/107074"}],"collection":[{"href":"https:\/\/gazdasagportal.hu\/index.php\/wp-json\/wp\/v2\/posts"}],"about":[{"href":"https:\/\/gazdasagportal.hu\/index.php\/wp-json\/wp\/v2\/types\/post"}],"author":[{"embeddable":true,"href":"https:\/\/gazdasagportal.hu\/index.php\/wp-json\/wp\/v2\/users\/1"}],"replies":[{"embeddable":true,"href":"https:\/\/gazdasagportal.hu\/index.php\/wp-json\/wp\/v2\/comments?post=107074"}],"version-history":[{"count":1,"href":"https:\/\/gazdasagportal.hu\/index.php\/wp-json\/wp\/v2\/posts\/107074\/revisions"}],"predecessor-version":[{"id":107075,"href":"https:\/\/gazdasagportal.hu\/index.php\/wp-json\/wp\/v2\/posts\/107074\/revisions\/107075"}],"wp:attachment":[{"href":"https:\/\/gazdasagportal.hu\/index.php\/wp-json\/wp\/v2\/media?parent=107074"}],"wp:term":[{"taxonomy":"category","embeddable":true,"href":"https:\/\/gazdasagportal.hu\/index.php\/wp-json\/wp\/v2\/categories?post=107074"},{"taxonomy":"post_tag","embeddable":true,"href":"https:\/\/gazdasagportal.hu\/index.php\/wp-json\/wp\/v2\/tags?post=107074"}],"curies":[{"name":"wp","href":"https:\/\/api.w.org\/{rel}","templated":true}]}}