{"id":107066,"date":"2018-07-13T16:30:39","date_gmt":"2018-07-13T14:30:39","guid":{"rendered":"http:\/\/gazdasagportal.hu\/?p=107066"},"modified":"2018-07-13T16:30:39","modified_gmt":"2018-07-13T14:30:39","slug":"terrorizmus-franciaorszagban-110-ezer-rendort-mozgositanak-a-hetvegen-a-nemzeti-unnepre-es-a-vb-dontore","status":"publish","type":"post","link":"https:\/\/gazdasagportal.hu\/index.php\/terrorizmus-franciaorszagban-110-ezer-rendort-mozgositanak-a-hetvegen-a-nemzeti-unnepre-es-a-vb-dontore\/","title":{"rendered":"Terrorizmus &#8211; Franciaorsz\u00e1gban 110 ezer rend\u0151rt mozg\u00f3s\u00edtanak a h\u00e9tv\u00e9g\u00e9n a nemzeti \u00fcnnepre \u00e9s a vb-d\u00f6nt\u0151re"},"content":{"rendered":"<p><strong>Franciaorsz\u00e1gban 110 ezer rend\u0151rt \u00e9s csend\u0151rt, valamint 44 ezer t\u0171zolt\u00f3t \u00e9s ment\u0151st mozg\u00f3s\u00edtanak a j\u00falius 14-i nemzeti \u00fcnnephez kapcsol\u00f3d\u00f3 szombati esem\u00e9nyek \u00e9s a labdar\u00fag\u00f3-vil\u00e1gbajnoks\u00e1g vas\u00e1rnapi d\u00f6nt\u0151j\u00e9t n\u00e9z\u0151 szurkol\u00f3k biztos\u00edt\u00e1s\u00e1ra &#8211; jelentette be p\u00e9nteken a francia bel\u00fcgyminiszter.<\/strong><!--more--><\/p>\n<div class=\"ads-in-post1\"><div id=\"gazdasagportal.hu_fullbanner_wideboard\"><\/div>\r\n<\/div>\n<p>    G\u00e9rard Collomb elmondta: &#8222;Minden k\u00e9szen \u00e1ll, hogy a franci\u00e1k ezeket az \u00fcnnepi pillanatokat nyugodtan t\u00f6lthess\u00e9k a terrork\u00e9sz\u00fclts\u00e9g ellen\u00e9re, amely m\u00e9g mindig a legmagasabb szint\u0171&#8221;.<br \/>\n    &#8222;A k\u00e9sz\u00fclts\u00e9g k\u00fcl\u00f6nleges m\u00e9ret\u0171 lesz. Nem tudunk t\u00f6bb er\u0151t mozg\u00f3s\u00edtani, mint amennyit mozg\u00f3s\u00edtani fogunk&#8221; &#8211; hangs\u00falyozta a t\u00e1rcavezet\u0151.<br \/>\n    Michel Delpuech prefektus cs\u00fct\u00f6rt\u00f6k\u00f6n jelentette be, hogy a f\u0151v\u00e1rosban 12 ezer rend\u0151rt, valamint 3 ezer t\u0171zolt\u00f3t \u00e9s ment\u0151st mozg\u00f3s\u00edtanak a j\u00falius 14-i nemzeti \u00fcnnephez kapcsol\u00f3d\u00f3 p\u00e9nteki \u00e9s szombati esem\u00e9nyek \u00e9s a labdar\u00fag\u00f3-vil\u00e1gbajnoks\u00e1g vas\u00e1rnapi d\u00f6nt\u0151j\u00e9re. Rajtuk k\u00edv\u00fcl a terrork\u00e9sz\u00fclts\u00e9g keret\u00e9ben j\u00e1r\u0151r\u00f6z\u0151 mintegy 2 ezer katona is az utc\u00e1kon lesz.<br \/>\n    Orsz\u00e1gszerte 230 szurkol\u00f3i z\u00f3n\u00e1t \u00e1ll\u00edtanak fel, ahol \u00f3ri\u00e1skivet\u00edt\u0151k\u00f6n k\u00f6vethetik az emberek az oroszorsz\u00e1gi labdar\u00fag\u00f3-vil\u00e1gbajnoks\u00e1g vas\u00e1rnap 17 \u00f3r\u00e1t\u00f3l kezd\u0151d\u0151 Franciaorsz\u00e1g-Horv\u00e1torsz\u00e1g d\u00f6nt\u0151j\u00e9t.<br \/>\n<div class=\"ads-in-post2\"><script async src=\"https:\/\/pagead2.googlesyndication.com\/pagead\/js\/adsbygoogle.js\"><\/script>\r\n<ins class=\"adsbygoogle\"\r\n     style=\"display:block\"\r\n     data-ad-format=\"fluid\"\r\n     data-ad-layout-key=\"-6t+ed+2i-1n-4w\"\r\n     data-ad-client=\"ca-pub-1959107119989764\"\r\n     data-ad-slot=\"4008251320\"><\/ins>\r\n<script>\r\n     (adsbygoogle = window.adsbygoogle || []).push({});\r\n<\/script><\/div>\n    P\u00e1rizsban egyetlen k\u00f6rbeker\u00edtett szurkol\u00f3i z\u00f3na lesz, a Mars-mez\u0151n, ahova 90 ezer embert v\u00e1rnak, de enn\u00e9l t\u00f6bbet nem engednek be a hat biztons\u00e1gi bej\u00e1raton, ez\u00e9rt a szurkol\u00f3kat arra k\u00e9rik, hogy min\u00e9l el\u0151bb, m\u00e1r 13 \u00f3r\u00e1t\u00f3l \u00e9rkezzenek meg a helysz\u00ednre. A Mars-mez\u0151 \u00e9s az annak v\u00e9g\u00e9ben emelked\u0151 Eiffel-torony k\u00f6rny\u00e9k\u00e9t biztons\u00e1gi okokb\u00f3l teljesen lez\u00e1rj\u00e1k a forgalom el\u0151l, az Eiffel-torony eg\u00e9sz nap z\u00e1rva tart. A szurkol\u00f3i z\u00f3n\u00e1t mintegy 4 ezer rend\u0151r biztos\u00edtja.<br \/>\n    A bel\u00fcgyminiszter szerint amennyiben Franciaorsz\u00e1g nyeri meg a vil\u00e1gbajnoks\u00e1got &#8222;t\u00f6megjelentekre \u00e9s n\u00e9p\u00fcnnep\u00e9lyre lehet orsz\u00e1gszerte sz\u00e1m\u00edtani&#8221;.<br \/>\n    Kedd este sz\u00e1zezrek \u00fcnnepelt\u00e9k a p\u00e1rizsi utc\u00e1kon Franciaorsz\u00e1g gy\u0151zelm\u00e9t Belgium felett, aminek eredm\u00e9nyek\u00e9nt a francia v\u00e1logatott h\u00fasz \u00e9v alatt harmadik alkalommal jutott be a vil\u00e1gbajnoki d\u00f6nt\u0151be. A Champs-\u00c9lys\u00e9es sug\u00e1r\u00faton, amely az \u00fcnnepi rendezv\u00e9nyek hagyom\u00e1nyos sz\u00ednhelye a francia f\u0151v\u00e1rosban, \u00e9jf\u00e9l ut\u00e1n mintegy tucatnyi rendbont\u00f3 \u00f6sszecsapott a rend\u0151r\u00f6kkel, akik k\u00f6nnyg\u00e1zzal oszlatt\u00e1k sz\u00e9t \u0151ket, miel\u0151tt teljesen ki\u00fcr\u00edtett\u00e9k a sug\u00e1rutat.<br \/>\n    Franciaorsz\u00e1gban a 2015 janu\u00e1rban kezd\u0151d\u00f6tt iszlamista mer\u00e9nyletek miatt &#8211; amelyekben 246-an vesztett\u00e9k \u00e9let\u00fcket &#8211; legmagasabb a terrork\u00e9sz\u00fclts\u00e9g, a rend\u0151ri biztos\u00edt\u00e1st orsz\u00e1gosan 10 ezer katona is seg\u00edti.(MTI)<\/p>\n","protected":false},"excerpt":{"rendered":"<p>Franciaorsz\u00e1gban 110 ezer rend\u0151rt \u00e9s csend\u0151rt, valamint 44 ezer t\u0171zolt\u00f3t \u00e9s ment\u0151st mozg\u00f3s\u00edtanak a j\u00falius 14-i nemzeti \u00fcnnephez kapcsol\u00f3d\u00f3 szombati esem\u00e9nyek \u00e9s a labdar\u00fag\u00f3-vil\u00e1gbajnoks\u00e1g vas\u00e1rnapi d\u00f6nt\u0151j\u00e9t n\u00e9z\u0151 szurkol\u00f3k biztos\u00edt\u00e1s\u00e1ra &#8211; jelentette be p\u00e9nteken a francia bel\u00fcgyminiszter.<\/p>\n","protected":false},"author":1,"featured_media":0,"comment_status":"closed","ping_status":"open","sticky":false,"template":"","format":"standard","meta":[],"categories":[12],"tags":[],"_links":{"self":[{"href":"https:\/\/gazdasagportal.hu\/index.php\/wp-json\/wp\/v2\/posts\/107066"}],"collection":[{"href":"https:\/\/gazdasagportal.hu\/index.php\/wp-json\/wp\/v2\/posts"}],"about":[{"href":"https:\/\/gazdasagportal.hu\/index.php\/wp-json\/wp\/v2\/types\/post"}],"author":[{"embeddable":true,"href":"https:\/\/gazdasagportal.hu\/index.php\/wp-json\/wp\/v2\/users\/1"}],"replies":[{"embeddable":true,"href":"https:\/\/gazdasagportal.hu\/index.php\/wp-json\/wp\/v2\/comments?post=107066"}],"version-history":[{"count":1,"href":"https:\/\/gazdasagportal.hu\/index.php\/wp-json\/wp\/v2\/posts\/107066\/revisions"}],"predecessor-version":[{"id":107067,"href":"https:\/\/gazdasagportal.hu\/index.php\/wp-json\/wp\/v2\/posts\/107066\/revisions\/107067"}],"wp:attachment":[{"href":"https:\/\/gazdasagportal.hu\/index.php\/wp-json\/wp\/v2\/media?parent=107066"}],"wp:term":[{"taxonomy":"category","embeddable":true,"href":"https:\/\/gazdasagportal.hu\/index.php\/wp-json\/wp\/v2\/categories?post=107066"},{"taxonomy":"post_tag","embeddable":true,"href":"https:\/\/gazdasagportal.hu\/index.php\/wp-json\/wp\/v2\/tags?post=107066"}],"curies":[{"name":"wp","href":"https:\/\/api.w.org\/{rel}","templated":true}]}}