{"id":107062,"date":"2018-07-13T15:34:27","date_gmt":"2018-07-13T13:34:27","guid":{"rendered":"http:\/\/gazdasagportal.hu\/?p=107062"},"modified":"2018-07-13T15:34:27","modified_gmt":"2018-07-13T13:34:27","slug":"hoseg-megerkezett-a-nyari-kanikula-olaszorszagba","status":"publish","type":"post","link":"https:\/\/gazdasagportal.hu\/index.php\/hoseg-megerkezett-a-nyari-kanikula-olaszorszagba\/","title":{"rendered":"H\u0151s\u00e9g &#8211; Meg\u00e9rkezett a ny\u00e1ri k\u00e1nikula Olaszorsz\u00e1gba"},"content":{"rendered":"<p><strong>Negyvenfokos h\u0151s\u00e9g v\u00e1rhat\u00f3 a k\u00f6vetkez\u0151 napokt\u00f3l Olaszorsz\u00e1gban, ahol id\u00e9n ez lesz az els\u0151 igazi h\u0151hull\u00e1m. A katasztr\u00f3fav\u00e9delem k\u00f6zepes fokozat\u00fa riaszt\u00e1st rendelt el. <\/strong><!--more--><\/p>\n<div class=\"ads-in-post1\"><div id=\"gazdasagportal.hu_fullbanner_wideboard\"><\/div>\r\n<\/div>\n<p>    Szombatt\u00f3l fokozatosan k\u00f6zel\u00edti meg a negyven Celsius-fokot a h\u0151m\u00e9r\u0151k higanysz\u00e1la Olaszorsz\u00e1g k\u00f6z\u00e9ps\u0151 \u00e9s d\u00e9li tartom\u00e1nyaiban. A h\u0151s\u00e9g \u00e9rz\u00e9s\u00e9t a leveg\u0151 rendk\u00edv\u00fcl magas p\u00e1ratartalma is n\u00f6veli majd.<br \/>\n    Az olasz katasztr\u00f3fav\u00e9delem szombatra n\u00e9gy v\u00e1rosban rendelt el k\u00f6zepes fokozat\u00fa h\u0151s\u00e9griad\u00f3t: a f\u0151v\u00e1ros R\u00f3m\u00e1ban, a szint\u00e9n k\u00f6z\u00e9p-olaszorsz\u00e1gi Frosinon\u00e9ban, az umbriai Perugi\u00e1ban \u00e9s a szic\u00edliai Palerm\u00f3ban.<br \/>\n    Vas\u00e1rnap a szard\u00edniai Cagliari, a toszk\u00e1n Firenze, a Lazio tartom\u00e1nybeli Latina \u00e9s a Molis\u00e9ben lev\u0151 Campobasso is csatlakozik a k\u00e1nikula \u00e9rintette v\u00e1rosok list\u00e1j\u00e1hoz.<br \/>\n<div class=\"ads-in-post2\"><script async src=\"https:\/\/pagead2.googlesyndication.com\/pagead\/js\/adsbygoogle.js\"><\/script>\r\n<ins class=\"adsbygoogle\"\r\n     style=\"display:block\"\r\n     data-ad-format=\"fluid\"\r\n     data-ad-layout-key=\"-6t+ed+2i-1n-4w\"\r\n     data-ad-client=\"ca-pub-1959107119989764\"\r\n     data-ad-slot=\"4008251320\"><\/ins>\r\n<script>\r\n     (adsbygoogle = window.adsbygoogle || []).push({});\r\n<\/script><\/div>\n    Id\u00e9n ny\u00e1ron ez lesz az els\u0151 igazi afrikai h\u0151hull\u00e1m Olaszorsz\u00e1gban, az ut\u00f3bbi hetek id\u0151j\u00e1r\u00e1sa ugyanis enyh\u00e9bb volt a tavalyi \u00e9v ugyanezen id\u0151szak\u00e1hoz k\u00e9pest. Az olasz \u00e9ghajlatkutat\u00f3 int\u00e9zet (ISAC) adatai szerint az idei j\u00fanius az ut\u00f3bbi 200 \u00e9vben a tizen\u00f6t\u00f6dik legmelegebb h\u00f3nap volt, de messze elmaradt a tavaly j\u00faniusban m\u00e9rt forr\u00f3s\u00e1gt\u00f3l. A tavalyi nyarat sz\u00e1razs\u00e1g \u00e9s hossz\u00fa csapad\u00e9khi\u00e1ny jellemezte, id\u00e9n j\u00faniusban viszont t\u00f6bb mint sz\u00e1z sz\u00e1zal\u00e9kkal t\u00f6bb es\u0151 esett az ilyenkor megszokott \u00e1tlaghoz k\u00e9pest.<br \/>\n    Mik\u00f6zben Olaszorsz\u00e1g d\u00e9li t\u00e9rs\u00e9g\u00e9ben meg\u00e9rkezik az igazi ny\u00e1r, It\u00e1lia \u00e9szaki ter\u00fcletein, k\u00f6zt\u00fck az Alpokban, a P\u00f3-alf\u00f6ld\u00f6n \u00e9s Liguri\u00e1ban heves viharok v\u00e1rhat\u00f3k.(MTI)<\/p>\n","protected":false},"excerpt":{"rendered":"<p>Negyvenfokos h\u0151s\u00e9g v\u00e1rhat\u00f3 a k\u00f6vetkez\u0151 napokt\u00f3l Olaszorsz\u00e1gban, ahol id\u00e9n ez lesz az els\u0151 igazi h\u0151hull\u00e1m. A katasztr\u00f3fav\u00e9delem k\u00f6zepes fokozat\u00fa riaszt\u00e1st rendelt el.<\/p>\n","protected":false},"author":1,"featured_media":0,"comment_status":"closed","ping_status":"open","sticky":false,"template":"","format":"standard","meta":[],"categories":[12],"tags":[],"_links":{"self":[{"href":"https:\/\/gazdasagportal.hu\/index.php\/wp-json\/wp\/v2\/posts\/107062"}],"collection":[{"href":"https:\/\/gazdasagportal.hu\/index.php\/wp-json\/wp\/v2\/posts"}],"about":[{"href":"https:\/\/gazdasagportal.hu\/index.php\/wp-json\/wp\/v2\/types\/post"}],"author":[{"embeddable":true,"href":"https:\/\/gazdasagportal.hu\/index.php\/wp-json\/wp\/v2\/users\/1"}],"replies":[{"embeddable":true,"href":"https:\/\/gazdasagportal.hu\/index.php\/wp-json\/wp\/v2\/comments?post=107062"}],"version-history":[{"count":1,"href":"https:\/\/gazdasagportal.hu\/index.php\/wp-json\/wp\/v2\/posts\/107062\/revisions"}],"predecessor-version":[{"id":107063,"href":"https:\/\/gazdasagportal.hu\/index.php\/wp-json\/wp\/v2\/posts\/107062\/revisions\/107063"}],"wp:attachment":[{"href":"https:\/\/gazdasagportal.hu\/index.php\/wp-json\/wp\/v2\/media?parent=107062"}],"wp:term":[{"taxonomy":"category","embeddable":true,"href":"https:\/\/gazdasagportal.hu\/index.php\/wp-json\/wp\/v2\/categories?post=107062"},{"taxonomy":"post_tag","embeddable":true,"href":"https:\/\/gazdasagportal.hu\/index.php\/wp-json\/wp\/v2\/tags?post=107062"}],"curies":[{"name":"wp","href":"https:\/\/api.w.org\/{rel}","templated":true}]}}