{"id":10706,"date":"2013-06-26T20:50:15","date_gmt":"2013-06-26T18:50:15","guid":{"rendered":"http:\/\/stockportal.hu\/?p=10706"},"modified":"2013-06-26T20:50:49","modified_gmt":"2013-06-26T18:50:49","slug":"alig-esett-a-velux-arbevetele-tavaly","status":"publish","type":"post","link":"https:\/\/gazdasagportal.hu\/index.php\/alig-esett-a-velux-arbevetele-tavaly\/","title":{"rendered":"Alig esett a Velux \u00e1rbev\u00e9tele tavaly"},"content":{"rendered":"<p><strong>A VELUX Magyarorsz\u00e1g Kft. \u00e1rbev\u00e9tele tavaly 30,8 milli\u00e1rd forintot tett ki, a 2011. \u00e9vin\u00e9l mind\u00f6ssze 2,3 sz\u00e1zal\u00e9kkal alacsonyabb, ami j\u00f3 eredm\u00e9ny az \u00e9p\u00edt\u0151ipari recesszi\u00f3ban &#8211; k\u00f6z\u00f6lte a t\u00e1rsas\u00e1g szerd\u00e1n az MTI-vel.<!--more--><\/strong><\/p>\n<p>Az alkalmazottak sz\u00e1ma viszont nem cs\u00f6kkent, tov\u00e1bbra is meghaladja az ezret.<br \/>\nTavaly a v\u00e1llalat jelent\u0151s, az el\u0151z\u0151 \u00e9vhez k\u00e9pest k\u00f6zel h\u00e1romszoros, t\u00f6bb mint 3,8 milli\u00e1rd forintos beruh\u00e1z\u00e1st hajtott v\u00e9gre. A tet\u0151t\u00e9ri ablakok \u00faj gener\u00e1ci\u00f3j\u00e1nak gy\u00e1rt\u00e1s\u00e1ra t\u00f6rt\u00e9n\u0151 \u00e1t\u00e1ll\u00e1s k\u00f6lts\u00e9gei 2 milli\u00e1rd forintot tettek ki 2012-ben. Az erre tervezett 6,5 milli\u00e1rd forint t\u00f6bbi r\u00e9sze erre az \u00e9vre jut.<br \/>\nA c\u00e9g k\u00e9t \u00faj term\u00e9kcsoportot vezet be: a m\u00e1r j\u00f3l ismert tet\u0151ablakok \u00faj gener\u00e1ci\u00f3j\u00e1t, valamint a modul\u00e1ris fel\u00fclvil\u00e1g\u00edt\u00f3k \u00faj term\u00e9kcsoportj\u00e1t. A tet\u0151t\u00e9ri ablakok \u00faj gener\u00e1ci\u00f3j\u00e1nak gy\u00e1rt\u00e1sa ez \u00e9v elej\u00e9n el is kezd\u0151d\u00f6tt, a VELUX Magyarorsz\u00e1g Kft. fert\u0151di gy\u00e1regys\u00e9g\u00e9ben.<br \/>\nA d\u00e1n VELUX c\u00e9gcsoport a vil\u00e1g mintegy 40 orsz\u00e1g\u00e1ban k\u00e9pviselteti mag\u00e1t \u00e9rt\u00e9kes\u00edt\u00e9si v\u00e1llalattal, 11 orsz\u00e1gban pedig gy\u00e1rt is. Mintegy 10 ezer alkalmazottat foglalkoztat, a tulajdonosa t\u00f6bb alap\u00edtv\u00e1ny, tov\u00e1bb\u00e1 az alap\u00edt\u00f3 csal\u00e1dja.<br \/>\nA magyar le\u00e1nyv\u00e1llalat 1986 \u00f3ta van jelen a hazai piacon, kezdetben vegyesv\u00e1llalati form\u00e1ban, majd tiszt\u00e1n d\u00e1n tulajdonban.(MTI)<\/p>\n","protected":false},"excerpt":{"rendered":"<p>A VELUX Magyarorsz\u00e1g Kft. \u00e1rbev\u00e9tele tavaly 30,8 milli\u00e1rd forintot tett ki, a 2011. \u00e9vin\u00e9l mind\u00f6ssze 2,3 sz\u00e1zal\u00e9kkal alacsonyabb, ami j\u00f3 eredm\u00e9ny az \u00e9p\u00edt\u0151ipari recesszi\u00f3ban &#8211; k\u00f6z\u00f6lte a t\u00e1rsas\u00e1g szerd\u00e1n az MTI-vel.<\/p>\n","protected":false},"author":1,"featured_media":0,"comment_status":"open","ping_status":"closed","sticky":false,"template":"","format":"standard","meta":[],"categories":[19],"tags":[],"_links":{"self":[{"href":"https:\/\/gazdasagportal.hu\/index.php\/wp-json\/wp\/v2\/posts\/10706"}],"collection":[{"href":"https:\/\/gazdasagportal.hu\/index.php\/wp-json\/wp\/v2\/posts"}],"about":[{"href":"https:\/\/gazdasagportal.hu\/index.php\/wp-json\/wp\/v2\/types\/post"}],"author":[{"embeddable":true,"href":"https:\/\/gazdasagportal.hu\/index.php\/wp-json\/wp\/v2\/users\/1"}],"replies":[{"embeddable":true,"href":"https:\/\/gazdasagportal.hu\/index.php\/wp-json\/wp\/v2\/comments?post=10706"}],"version-history":[{"count":4,"href":"https:\/\/gazdasagportal.hu\/index.php\/wp-json\/wp\/v2\/posts\/10706\/revisions"}],"predecessor-version":[{"id":10720,"href":"https:\/\/gazdasagportal.hu\/index.php\/wp-json\/wp\/v2\/posts\/10706\/revisions\/10720"}],"wp:attachment":[{"href":"https:\/\/gazdasagportal.hu\/index.php\/wp-json\/wp\/v2\/media?parent=10706"}],"wp:term":[{"taxonomy":"category","embeddable":true,"href":"https:\/\/gazdasagportal.hu\/index.php\/wp-json\/wp\/v2\/categories?post=10706"},{"taxonomy":"post_tag","embeddable":true,"href":"https:\/\/gazdasagportal.hu\/index.php\/wp-json\/wp\/v2\/tags?post=10706"}],"curies":[{"name":"wp","href":"https:\/\/api.w.org\/{rel}","templated":true}]}}