{"id":107058,"date":"2018-07-13T13:58:02","date_gmt":"2018-07-13T11:58:02","guid":{"rendered":"http:\/\/gazdasagportal.hu\/?p=107058"},"modified":"2018-07-13T13:58:02","modified_gmt":"2018-07-13T11:58:02","slug":"varga-mihaly-az-amazonnal-targyalt","status":"publish","type":"post","link":"https:\/\/gazdasagportal.hu\/index.php\/varga-mihaly-az-amazonnal-targyalt\/","title":{"rendered":"Varga Mih\u00e1ly az Amazonn\u00e1l t\u00e1rgyalt"},"content":{"rendered":"<p><strong>Varga Mih\u00e1ly az Amazon k\u00f6zpontj\u00e1ban, az Egyes\u00fclt \u00c1llamokban t\u00e1rgyalt a c\u00e9g aleln\u00f6keivel, \u00e9s l\u00e1togat\u00e1st tett a Boeing-c\u00e9gcsoportn\u00e1l &#8211; k\u00f6z\u00f6lte a P\u00e9nz\u00fcgyminiszt\u00e9rium (PM) az MTI-vel p\u00e9nteken.<\/strong><!--more--><\/p>\n<div class=\"ads-in-post1\"><div id=\"gazdasagportal.hu_fullbanner_wideboard\"><\/div>\r\n<\/div>\n<p>    Varga Mih\u00e1ly p\u00e9nz\u00fcgyminiszter a t\u00e1rca k\u00f6zlem\u00e9nye szerint kijelentette: Magyarorsz\u00e1g elk\u00f6telezett az er\u0151s k\u00e9toldal\u00fa kereskedelmi kapcsolatainak fenntart\u00e1sa mellett az Egyes\u00fclt \u00c1llamokkal, tavaly a k\u00e9t orsz\u00e1g k\u00f6z\u00f6tti kereskedelmi \u00e1ruforgalom \u00e9rt\u00e9ke meghaladta az 5,4 milli\u00e1rd doll\u00e1rt.<br \/>\n    A vil\u00e1g egyik legnagyobb online kereskedelmi c\u00e9g\u00e9vel folytatott megbesz\u00e9l\u00e9sen a magyar p\u00e9nz\u00fcgyminiszter hangs\u00falyozta, Magyarorsz\u00e1g \u00e9s az Egyes\u00fclt \u00c1llamok k\u00f6z\u00f6tti k\u00fclkereskedelmi egyenleg mintegy 1 milli\u00e1rd doll\u00e1ros t\u00f6bbletet mutatott 2017-ben, ami j\u00f3l mutatja a bilater\u00e1lis kapcsolatok kiemelt jelent\u0151s\u00e9g\u00e9t.<br \/>\n<div class=\"ads-in-post2\"><script async src=\"https:\/\/pagead2.googlesyndication.com\/pagead\/js\/adsbygoogle.js\"><\/script>\r\n<ins class=\"adsbygoogle\"\r\n     style=\"display:block\"\r\n     data-ad-format=\"fluid\"\r\n     data-ad-layout-key=\"-6t+ed+2i-1n-4w\"\r\n     data-ad-client=\"ca-pub-1959107119989764\"\r\n     data-ad-slot=\"4008251320\"><\/ins>\r\n<script>\r\n     (adsbygoogle = window.adsbygoogle || []).push({});\r\n<\/script><\/div>\n    A t\u00e1rcavezet\u0151 a megbesz\u00e9l\u00e9sen k\u00f6z\u00f6lte, a magyar kiskereskedelmi forgalomb\u00f3l 4 sz\u00e1zal\u00e9kkal r\u00e9szesed\u0151 csomagk\u00fcld\u0151 \u00e9s internetes kiskereskedelem volumene &#8211; folytatva az \u00e9vek \u00f3ta tart\u00f3 b\u0151v\u00fcl\u00e9st &#8211; 28 sz\u00e1zal\u00e9kkal emelkedett tavaly, mik\u00f6zben a forgalom a 2016 \u00e9vi 308 milli\u00e1rdr\u00f3l 2017-ben csaknem 400 milli\u00e1rd forintra b\u0151v\u00fclt. Ez azt jelenti, hogy az online kereskedelem fejleszt\u00e9s\u00e9ben m\u00e9g komoly lehet\u0151s\u00e9gek rejlenek, ami az \u00fczlet\u00e1g felfut\u00e1s\u00e1hoz \u00e9s a fogyaszt\u00e1s b\u0151v\u00fcl\u00e9s\u00e9hez is \u00e9rdemben hozz\u00e1j\u00e1rul.     Hozz\u00e1tette: a tart\u00f3s gazdas\u00e1gi fejl\u0151d\u00e9s \u00e9s a keresetek k\u00e9tsz\u00e1mjegy\u0171 emelked\u00e9se alapj\u00e1n a kiskereskedelem tart\u00f3s n\u00f6veked\u00e9s\u00e9re sz\u00e1m\u00edt a korm\u00e1ny Magyarorsz\u00e1gon.<br \/>\n    Varga Mih\u00e1ly l\u00e1togat\u00e1st tett a Boeing-c\u00e9gcsoportn\u00e1l is, ezt k\u00f6vet\u0151en elmondta, a magyar korm\u00e1ny kor\u00e1bban jelent\u0151s \u00f6sszeggel seg\u00edtette a n\u00e9met Diehl rep\u00fcl\u0151g\u00e9p-alkatr\u00e9szgy\u00e1rt\u00f3 c\u00e9g m\u00e9rn\u00f6ki \u00fczem\u00e9nek l\u00e9trehoz\u00e1s\u00e1t Debrecenben, amely els\u0151 sz\u00e1m\u00fa besz\u00e1ll\u00edt\u00f3ja t\u00f6bbek k\u00f6z\u00f6tt a Boeingnek is. Magyarorsz\u00e1g elk\u00f6telezett a kutat\u00e1s-fejleszt\u00e9s, f\u0151k\u00e9nt a magas hozz\u00e1adott \u00e9rt\u00e9k\u0171 term\u00e9kek min\u00e9l sz\u00e9lesebb k\u00f6r\u0171 fejleszt\u00e9s\u00e9ben, amelybe a hazai fels\u0151oktat\u00e1si int\u00e9zm\u00e9nyek is szervesen bekapcsol\u00f3dtak az ut\u00f3bbi \u00e9vekben &#8211; tette hozz\u00e1 a t\u00e1rcavezet\u0151 a k\u00f6zlem\u00e9ny szerint.<br \/>\n(MTI)<\/p>\n","protected":false},"excerpt":{"rendered":"<p>Varga Mih\u00e1ly az Amazon k\u00f6zpontj\u00e1ban, az Egyes\u00fclt \u00c1llamokban t\u00e1rgyalt a c\u00e9g aleln\u00f6keivel, \u00e9s l\u00e1togat\u00e1st tett a Boeing-c\u00e9gcsoportn\u00e1l &#8211; k\u00f6z\u00f6lte a P\u00e9nz\u00fcgyminiszt\u00e9rium (PM) az MTI-vel p\u00e9nteken.<\/p>\n","protected":false},"author":1,"featured_media":0,"comment_status":"closed","ping_status":"open","sticky":false,"template":"","format":"standard","meta":[],"categories":[4,19],"tags":[],"_links":{"self":[{"href":"https:\/\/gazdasagportal.hu\/index.php\/wp-json\/wp\/v2\/posts\/107058"}],"collection":[{"href":"https:\/\/gazdasagportal.hu\/index.php\/wp-json\/wp\/v2\/posts"}],"about":[{"href":"https:\/\/gazdasagportal.hu\/index.php\/wp-json\/wp\/v2\/types\/post"}],"author":[{"embeddable":true,"href":"https:\/\/gazdasagportal.hu\/index.php\/wp-json\/wp\/v2\/users\/1"}],"replies":[{"embeddable":true,"href":"https:\/\/gazdasagportal.hu\/index.php\/wp-json\/wp\/v2\/comments?post=107058"}],"version-history":[{"count":1,"href":"https:\/\/gazdasagportal.hu\/index.php\/wp-json\/wp\/v2\/posts\/107058\/revisions"}],"predecessor-version":[{"id":107059,"href":"https:\/\/gazdasagportal.hu\/index.php\/wp-json\/wp\/v2\/posts\/107058\/revisions\/107059"}],"wp:attachment":[{"href":"https:\/\/gazdasagportal.hu\/index.php\/wp-json\/wp\/v2\/media?parent=107058"}],"wp:term":[{"taxonomy":"category","embeddable":true,"href":"https:\/\/gazdasagportal.hu\/index.php\/wp-json\/wp\/v2\/categories?post=107058"},{"taxonomy":"post_tag","embeddable":true,"href":"https:\/\/gazdasagportal.hu\/index.php\/wp-json\/wp\/v2\/tags?post=107058"}],"curies":[{"name":"wp","href":"https:\/\/api.w.org\/{rel}","templated":true}]}}