{"id":107023,"date":"2018-07-12T13:41:29","date_gmt":"2018-07-12T11:41:29","guid":{"rendered":"http:\/\/gazdasagportal.hu\/?p=107023"},"modified":"2018-07-12T13:41:29","modified_gmt":"2018-07-12T11:41:29","slug":"napsuteses-ido-varhato-a-hetvegen-2","status":"publish","type":"post","link":"https:\/\/gazdasagportal.hu\/index.php\/napsuteses-ido-varhato-a-hetvegen-2\/","title":{"rendered":"Naps\u00fct\u00e9ses id\u0151 v\u00e1rhat\u00f3 a h\u00e9tv\u00e9g\u00e9n"},"content":{"rendered":"<p><strong>Naps\u00fct\u00e9ses id\u0151 v\u00e1rhat\u00f3 a h\u00e9tv\u00e9g\u00e9n, csak n\u00e9hol lehet z\u00e1por. Emellett t\u00f6bbfel\u00e9 30 fokos meleg lesz, de \u00e9l\u00e9nk, helyenk\u00e9nt er\u0151s lesz a sz\u00e9l &#8211; der\u00fcl ki az Orsz\u00e1gos Meteorol\u00f3giai Szolg\u00e1lat orsz\u00e1gos, k\u00f6z\u00e9pt\u00e1v\u00fa el\u0151rejelz\u00e9s\u00e9b\u0151l, melyet cs\u00fct\u00f6rt\u00f6k\u00f6n juttattak el az MTI-nek.<\/strong><!--more--><\/p>\n<div class=\"ads-in-post1\"><div id=\"gazdasagportal.hu_fullbanner_wideboard\"><\/div>\r\n<\/div>\n<p>    P\u00e9nteken t\u00falnyom\u00f3an napos id\u0151 val\u00f3sz\u00edn\u0171 csapad\u00e9k n\u00e9lk\u00fcl, de a sz\u00e9l meg\u00e9l\u00e9nk\u00fcl, t\u00f6bbfel\u00e9 meger\u0151s\u00f6dik. A legalacsonyabb h\u0151m\u00e9rs\u00e9klet 12-18, a legmagasabb h\u0151m\u00e9rs\u00e9klet \u00e1ltal\u00e1ban 27-30 fok k\u00f6z\u00f6tt alakul.<br \/>\n    Szombaton \u00e9s vas\u00e1rnap nagyr\u00e9szt napos id\u0151 v\u00e1rhat\u00f3, de n\u00e9hol kialakulhat z\u00e1por, esetleg zivatar. A sz\u00e9l tov\u00e1bbra is \u00e9l\u00e9nk, helyenk\u00e9nt er\u0151s lesz. Szombaton a leghidegebb \u00f3r\u00e1kban 12-18, vas\u00e1rnap 13-19 fok lesz. Szombaton napk\u00f6zben 26-31, vas\u00e1rnap 25-30 fokig melegszik a leveg\u0151 &#8211; olvashat\u00f3 az el\u0151rejelz\u00e9sben.<br \/>\n(MTI)<br \/>\n<div class=\"ads-in-post2\"><script async src=\"https:\/\/pagead2.googlesyndication.com\/pagead\/js\/adsbygoogle.js\"><\/script>\r\n<ins class=\"adsbygoogle\"\r\n     style=\"display:block\"\r\n     data-ad-format=\"fluid\"\r\n     data-ad-layout-key=\"-6t+ed+2i-1n-4w\"\r\n     data-ad-client=\"ca-pub-1959107119989764\"\r\n     data-ad-slot=\"4008251320\"><\/ins>\r\n<script>\r\n     (adsbygoogle = window.adsbygoogle || []).push({});\r\n<\/script><\/div>\n","protected":false},"excerpt":{"rendered":"<p>Naps\u00fct\u00e9ses id\u0151 v\u00e1rhat\u00f3 a h\u00e9tv\u00e9g\u00e9n, csak n\u00e9hol lehet z\u00e1por. Emellett t\u00f6bbfel\u00e9 30 fokos meleg lesz, de \u00e9l\u00e9nk, helyenk\u00e9nt er\u0151s lesz a sz\u00e9l &#8211; der\u00fcl ki az Orsz\u00e1gos Meteorol\u00f3giai Szolg\u00e1lat orsz\u00e1gos, k\u00f6z\u00e9pt\u00e1v\u00fa el\u0151rejelz\u00e9s\u00e9b\u0151l, melyet cs\u00fct\u00f6rt\u00f6k\u00f6n juttattak el az MTI-nek.<\/p>\n","protected":false},"author":1,"featured_media":0,"comment_status":"closed","ping_status":"open","sticky":false,"template":"","format":"standard","meta":[],"categories":[4],"tags":[],"_links":{"self":[{"href":"https:\/\/gazdasagportal.hu\/index.php\/wp-json\/wp\/v2\/posts\/107023"}],"collection":[{"href":"https:\/\/gazdasagportal.hu\/index.php\/wp-json\/wp\/v2\/posts"}],"about":[{"href":"https:\/\/gazdasagportal.hu\/index.php\/wp-json\/wp\/v2\/types\/post"}],"author":[{"embeddable":true,"href":"https:\/\/gazdasagportal.hu\/index.php\/wp-json\/wp\/v2\/users\/1"}],"replies":[{"embeddable":true,"href":"https:\/\/gazdasagportal.hu\/index.php\/wp-json\/wp\/v2\/comments?post=107023"}],"version-history":[{"count":1,"href":"https:\/\/gazdasagportal.hu\/index.php\/wp-json\/wp\/v2\/posts\/107023\/revisions"}],"predecessor-version":[{"id":107024,"href":"https:\/\/gazdasagportal.hu\/index.php\/wp-json\/wp\/v2\/posts\/107023\/revisions\/107024"}],"wp:attachment":[{"href":"https:\/\/gazdasagportal.hu\/index.php\/wp-json\/wp\/v2\/media?parent=107023"}],"wp:term":[{"taxonomy":"category","embeddable":true,"href":"https:\/\/gazdasagportal.hu\/index.php\/wp-json\/wp\/v2\/categories?post=107023"},{"taxonomy":"post_tag","embeddable":true,"href":"https:\/\/gazdasagportal.hu\/index.php\/wp-json\/wp\/v2\/tags?post=107023"}],"curies":[{"name":"wp","href":"https:\/\/api.w.org\/{rel}","templated":true}]}}