{"id":107021,"date":"2018-07-12T12:38:12","date_gmt":"2018-07-12T10:38:12","guid":{"rendered":"http:\/\/gazdasagportal.hu\/?p=107021"},"modified":"2018-07-12T12:38:12","modified_gmt":"2018-07-12T10:38:12","slug":"a-tesla-amerikai-kozpontjaban-targyalt-varga-mihaly","status":"publish","type":"post","link":"https:\/\/gazdasagportal.hu\/index.php\/a-tesla-amerikai-kozpontjaban-targyalt-varga-mihaly\/","title":{"rendered":"A Tesla amerikai k\u00f6zpontj\u00e1ban t\u00e1rgyalt Varga Mih\u00e1ly"},"content":{"rendered":"<p><strong>Az amerikai c\u00e9gek j\u00f3l \u00e9rzik magukat Magyarorsz\u00e1gon, ezt j\u00f3l mutatja az is, hogy t\u00f6bb mint 1500 amerikai ir\u00e1ny\u00edt\u00e1s\u00fa v\u00e1llalkoz\u00e1s m\u0171k\u00f6dik az orsz\u00e1gban mintegy 100 ezer embernek adva munk\u00e1t &#8211; mondta Varga Mih\u00e1ly p\u00e9nz\u00fcgyminiszter, miut\u00e1n magyar \u00fczleti deleg\u00e1ci\u00f3 vezet\u0151jek\u00e9nt a Tesla fremonti k\u00f6zpontj\u00e1ban t\u00e1rgyalt a P\u00e9nz\u00fcgyminiszt\u00e9rium (PM) cs\u00fct\u00f6rt\u00f6ki k\u00f6zlem\u00e9nye szerint. <\/strong><!--more--><\/p>\n<div class=\"ads-in-post1\"><div id=\"gazdasagportal.hu_fullbanner_wideboard\"><\/div>\r\n<\/div>\n<p>    A t\u00e1rcavezet\u0151 hangs\u00falyozta: az Amerikai Egyes\u00fclt \u00c1llamok a m\u00e1sodik legfontosabb befektet\u0151 Magyarorsz\u00e1gon, mind az amerikai c\u00e9gek le\u00e1nyv\u00e1llalatainak hozz\u00e1adott \u00e9rt\u00e9ke, mind pedig az \u00e1ltaluk foglalkoztatottak sz\u00e1ma alapj\u00e1n. A korm\u00e1ny tov\u00e1bbi amerikai befektet\u00e9seket k\u00edv\u00e1n \u00f6szt\u00f6n\u00f6zni &#8211; tette hozz\u00e1.<br \/>\n    Varga Mih\u00e1ly a megbesz\u00e9l\u00e9sen ismertette: a magyar aut\u00f3iparban 177 ezer ember dolgozik, az \u00e1gazat tavaly 8000 milli\u00e1rd forintot \u00e1ll\u00edtott el\u0151, \u00edgy az orsz\u00e1g ipari termel\u00e9s\u00e9nek k\u00f6zel egyharmada innen sz\u00e1rmazik. Magyarorsz\u00e1g az aut\u00f3iparban el\u00e9rt er\u0151s poz\u00edci\u00f3it tov\u00e1bbra is szeretn\u00e9 megtartani, ez\u00e9rt abban \u00e9rdekelt, hogy a j\u00f6v\u0151be mutat\u00f3 technol\u00f3gi\u00e1k \u00e9rkezzenek az orsz\u00e1gba.<br \/>\n<div class=\"ads-in-post2\"><script async src=\"https:\/\/pagead2.googlesyndication.com\/pagead\/js\/adsbygoogle.js\"><\/script>\r\n<ins class=\"adsbygoogle\"\r\n     style=\"display:block\"\r\n     data-ad-format=\"fluid\"\r\n     data-ad-layout-key=\"-6t+ed+2i-1n-4w\"\r\n     data-ad-client=\"ca-pub-1959107119989764\"\r\n     data-ad-slot=\"4008251320\"><\/ins>\r\n<script>\r\n     (adsbygoogle = window.adsbygoogle || []).push({});\r\n<\/script><\/div>\n    Mint mondta, 2012 \u00e9s 2016 k\u00f6z\u00f6tt az orsz\u00e1gban az aut\u00f3ipari kutat\u00e1s-fejleszt\u00e9sben r\u00e9sztvev\u0151k sz\u00e1ma \u00e9s a kutat\u00e1sra ford\u00edtott \u00f6sszeg is megdupl\u00e1z\u00f3dott. A k\u00f6z\u00e9p-eur\u00f3pai t\u00e9rs\u00e9gben Magyarorsz\u00e1g az els\u0151 orsz\u00e1g, amely \u00e1tfog\u00f3 elektromobilit\u00e1si koncepci\u00f3t dolgozott ki, el\u0151seg\u00edtve ezzel a k\u00e1rosanyag-kibocs\u00e1t\u00e1s cs\u00f6kkent\u00e9s\u00e9t, n\u00f6velve az orsz\u00e1g energiabiztons\u00e1g\u00e1t &#8211; tette hozz\u00e1.<br \/>\n    Varga Mih\u00e1ly a Paccar c\u00e9gcsoport vezet\u0151ivel is tal\u00e1lkozott, amely c\u00e9g a DAF teheraut\u00f3k gy\u00e1rt\u00f3ja. A DAF Hungary Kft. imm\u00e1r kilenc \u00e9ve vezeti a magyarorsz\u00e1gi forgalomba helyez\u00e9si statisztik\u00e1kat a neh\u00e9z-teherg\u00e9pj\u00e1rm\u0171vek kateg\u00f3ri\u00e1j\u00e1ban, a Magyarorsz\u00e1gon eladott \u00faj j\u00e1rm\u0171vek egyharmada ilyen t\u00edpus. A c\u00e9g nemcsak Magyarorsz\u00e1gon, hanem Eur\u00f3p\u00e1ban is tudta b\u0151v\u00edteni elad\u00e1sait, a folyamatos fejl\u0151d\u00e9shez pedig a hazai gazdas\u00e1gi k\u00f6rnyezet is kedvez\u0151 felt\u00e9teleket biztos\u00edt a v\u00e1llalatnak &#8211; olvashat\u00f3 a k\u00f6zlem\u00e9nyben.(MTI)<\/p>\n","protected":false},"excerpt":{"rendered":"<p>Az amerikai c\u00e9gek j\u00f3l \u00e9rzik magukat Magyarorsz\u00e1gon, ezt j\u00f3l mutatja az is, hogy t\u00f6bb mint 1500 amerikai ir\u00e1ny\u00edt\u00e1s\u00fa v\u00e1llalkoz\u00e1s m\u0171k\u00f6dik az orsz\u00e1gban mintegy 100 ezer embernek adva munk\u00e1t &#8211; mondta Varga Mih\u00e1ly p\u00e9nz\u00fcgyminiszter, miut\u00e1n magyar \u00fczleti deleg\u00e1ci\u00f3 vezet\u0151jek\u00e9nt a Tesla fremonti k\u00f6zpontj\u00e1ban t\u00e1rgyalt a P\u00e9nz\u00fcgyminiszt\u00e9rium (PM) cs\u00fct\u00f6rt\u00f6ki k\u00f6zlem\u00e9nye szerint.<\/p>\n","protected":false},"author":1,"featured_media":0,"comment_status":"closed","ping_status":"open","sticky":false,"template":"","format":"standard","meta":[],"categories":[4,19],"tags":[],"_links":{"self":[{"href":"https:\/\/gazdasagportal.hu\/index.php\/wp-json\/wp\/v2\/posts\/107021"}],"collection":[{"href":"https:\/\/gazdasagportal.hu\/index.php\/wp-json\/wp\/v2\/posts"}],"about":[{"href":"https:\/\/gazdasagportal.hu\/index.php\/wp-json\/wp\/v2\/types\/post"}],"author":[{"embeddable":true,"href":"https:\/\/gazdasagportal.hu\/index.php\/wp-json\/wp\/v2\/users\/1"}],"replies":[{"embeddable":true,"href":"https:\/\/gazdasagportal.hu\/index.php\/wp-json\/wp\/v2\/comments?post=107021"}],"version-history":[{"count":1,"href":"https:\/\/gazdasagportal.hu\/index.php\/wp-json\/wp\/v2\/posts\/107021\/revisions"}],"predecessor-version":[{"id":107022,"href":"https:\/\/gazdasagportal.hu\/index.php\/wp-json\/wp\/v2\/posts\/107021\/revisions\/107022"}],"wp:attachment":[{"href":"https:\/\/gazdasagportal.hu\/index.php\/wp-json\/wp\/v2\/media?parent=107021"}],"wp:term":[{"taxonomy":"category","embeddable":true,"href":"https:\/\/gazdasagportal.hu\/index.php\/wp-json\/wp\/v2\/categories?post=107021"},{"taxonomy":"post_tag","embeddable":true,"href":"https:\/\/gazdasagportal.hu\/index.php\/wp-json\/wp\/v2\/tags?post=107021"}],"curies":[{"name":"wp","href":"https:\/\/api.w.org\/{rel}","templated":true}]}}