{"id":107019,"date":"2018-07-12T11:44:54","date_gmt":"2018-07-12T09:44:54","guid":{"rendered":"http:\/\/gazdasagportal.hu\/?p=107019"},"modified":"2018-07-12T11:44:54","modified_gmt":"2018-07-12T09:44:54","slug":"ksh-majusban-is-nott-az-ipari-termeles","status":"publish","type":"post","link":"https:\/\/gazdasagportal.hu\/index.php\/ksh-majusban-is-nott-az-ipari-termeles\/","title":{"rendered":"KSH: m\u00e1jusban is n\u0151tt az ipari termel\u00e9s"},"content":{"rendered":"<p><strong>M\u00e1jusban az ipari termel\u00e9s volumene 0,4 sz\u00e1zal\u00e9kkal meghaladta az egy \u00e9vvel kor\u00e1bbit. Munkanaphat\u00e1st\u00f3l megtiszt\u00edtott adatok szerint a termel\u00e9s 3,8 sz\u00e1zal\u00e9kkal emelkedett &#8211; er\u0151s\u00edtette meg cs\u00fct\u00f6rt\u00f6k\u00f6n m\u00e1sodik becsl\u00e9se alapj\u00e1n a K\u00f6zponti Statisztikai Hivatal (KSH).<\/strong><!--more--><\/p>\n<div class=\"ads-in-post1\"><div id=\"gazdasagportal.hu_fullbanner_wideboard\"><\/div>\r\n<\/div>\n<p>    Az el\u0151z\u0151 h\u00f3naphoz viszony\u00edtva a szezon\u00e1lisan \u00e9s munkanapt\u00e9nyez\u0151vel kiigaz\u00edtott ipari kibocs\u00e1t\u00e1s 1,9 sz\u00e1zal\u00e9kkal emelkedett.<br \/>\n    A j\u00e1rm\u0171gy\u00e1rt\u00e1s kibocs\u00e1t\u00e1sa id\u00e9n m\u00e1jusban 5,2 sz\u00e1zal\u00e9kkal elmaradt az egy \u00e9vvel kor\u00e1bbit\u00f3l. A k\u00f6z\u00fati j\u00e1rm\u0171alkatr\u00e9sz gy\u00e1rt\u00e1s\u00e1nak volumene 1,0 sz\u00e1zal\u00e9kkal emelkedett, ugyanakkor a k\u00f6z\u00fati g\u00e9pj\u00e1rm\u0171 gy\u00e1rt\u00e1s\u00e1\u00e9 11,7 sz\u00e1zal\u00e9kkal visszaesett. A sz\u00e1m\u00edt\u00f3g\u00e9p, elektronikai, optikai term\u00e9k gy\u00e1rt\u00e1sa 4,9 sz\u00e1zal\u00e9kkal n\u0151tt. Ezen bel\u00fcl a h\u00edrad\u00e1stechnikai berendez\u00e9sek gy\u00e1rt\u00e1sa kiugr\u00f3an, 53 sz\u00e1zal\u00e9kkal b\u0151v\u00fclt, azonban az elektronikus fogyaszt\u00e1si cikk gy\u00e1rt\u00e1s 3,9 sz\u00e1zal\u00e9kkal cs\u00f6kkent.<br \/>\n<div class=\"ads-in-post2\"><script async src=\"https:\/\/pagead2.googlesyndication.com\/pagead\/js\/adsbygoogle.js\"><\/script>\r\n<ins class=\"adsbygoogle\"\r\n     style=\"display:block\"\r\n     data-ad-format=\"fluid\"\r\n     data-ad-layout-key=\"-6t+ed+2i-1n-4w\"\r\n     data-ad-client=\"ca-pub-1959107119989764\"\r\n     data-ad-slot=\"4008251320\"><\/ins>\r\n<script>\r\n     (adsbygoogle = window.adsbygoogle || []).push({});\r\n<\/script><\/div>\n    Az \u00e9lelmiszer, ital \u00e9s doh\u00e1nyterm\u00e9k gy\u00e1rt\u00e1sa 4,8 sz\u00e1zal\u00e9kkal emelkedett az el\u0151z\u0151 \u00e9v azonos h\u00f3napj\u00e1hoz viszony\u00edtva, els\u0151sorban az \u00f6sszes \u00e9rt\u00e9kes\u00edt\u00e9s 62 sz\u00e1zal\u00e9k\u00e1t ad\u00f3 hazai elad\u00e1sok n\u00f6veked\u00e9se miatt, mik\u00f6zben a kivitel stagn\u00e1lt. A legnagyobb s\u00falyt k\u00e9pvisel\u0151 h\u00fasfeldolgoz\u00e1s, -tart\u00f3s\u00edt\u00e1s, h\u00fask\u00e9sz\u00edtm\u00e9ny gy\u00e1rt\u00e1s 5,9 sz\u00e1zal\u00e9kkal n\u0151tt, a tejfeldolgoz\u00e1s azonban 6,5 sz\u00e1zal\u00e9kkal elmaradt az egy \u00e9vvel kor\u00e1bbit\u00f3l.<br \/>\n    Az ipari export volumene 2,0 sz\u00e1zal\u00e9kkal cs\u00f6kkent az egy \u00e9vvel kor\u00e1bbihoz m\u00e9rve. A feldolgoz\u00f3ipari export\u00e9rt\u00e9kes\u00edt\u00e9s 35 sz\u00e1zal\u00e9k\u00e1t ad\u00f3 j\u00e1rm\u0171gy\u00e1rt\u00e1s kivitele 10,2 sz\u00e1zal\u00e9kkal visszaesett. Ugyanakkor a feldolgoz\u00f3ipari export 15 sz\u00e1zal\u00e9k\u00e1t ad\u00f3 sz\u00e1m\u00edt\u00f3g\u00e9p, elektronikai, optikai term\u00e9k gy\u00e1rt\u00e1s\u00e1nak k\u00fclpiaci elad\u00e1sai 5,7 sz\u00e1zal\u00e9kkal n\u0151ttek. A villamosberendez\u00e9sek exportja 12,7 sz\u00e1zal\u00e9kkal meghaladta az egy \u00e9vvel kor\u00e1bbit, a g\u00e9pexport viszont 12,0 sz\u00e1zal\u00e9kkal visszaesett. A vegyipar exportja 11,5, a gumiipar\u00e9 9,3, a gy\u00f3gyszergy\u00e1rt\u00e1s\u00e9 4,6 sz\u00e1zal\u00e9kkal n\u0151tt.<br \/>\n    Az ipar belf\u00f6ldi \u00e9rt\u00e9kes\u00edt\u00e9se 2,9, ezen bel\u00fcl a feldolgoz\u00f3ipar\u00e9 7,1 sz\u00e1zal\u00e9kkal nagyobb volt, mint az el\u0151z\u0151 \u00e9v azonos h\u00f3napj\u00e1ban. A j\u00e1rm\u0171ipar belf\u00f6ldi forgalma 16,2 sz\u00e1zal\u00e9kkal, n\u0151tt a villamosberendez\u00e9sek \u00e9s a g\u00e9pgy\u00e1rt\u00e1s elad\u00e1sai  azonban 1,1, illetve 12,1 sz\u00e1zal\u00e9kkal, a sz\u00e1m\u00edt\u00e1stechnikai eszk\u00f6z\u00f6k elad\u00e1sa 11,5 sz\u00e1zal\u00e9kkal cs\u00f6kkent. A vegyipar \u00e9s a gumiipar belf\u00f6ldi \u00e9rt\u00e9kes\u00edt\u00e9si volumene 21,3, illetve 20,7 sz\u00e1zal\u00e9kkal emelkedett, a gy\u00f3gyszerelad\u00e1sok 8,0, az \u00e9lelmiszeripar\u00e9 6,4 sz\u00e1zal\u00e9kkal n\u0151tt tavaly m\u00e1jushoz m\u00e9rve.<br \/>\n    \u00d6sszess\u00e9g\u00e9ben a beruh\u00e1z\u00e1si javakat gy\u00e1rt\u00f3 \u00e1gazatok belf\u00f6ldi elad\u00e1sai 7,4 sz\u00e1zal\u00e9kkal n\u0151ttek \u00e9ves \u00f6sszevet\u00e9sben a tart\u00f3s fogyaszt\u00e1si cikkek \u00e9rt\u00e9kes\u00edt\u00e9se 1,5 sz\u00e1zal\u00e9kkal cs\u00f6kkent, de az \u00f6sszes fogyaszt\u00e1si cikk forgalma 6,8 sz\u00e1zal\u00e9kkal n\u0151tt.<br \/>\n    Az \u00e9v els\u0151 \u00f6t h\u00f3napj\u00e1ban 3,1 sz\u00e1zal\u00e9kkal n\u0151tt az ipari kibocs\u00e1t\u00e1s az el\u0151z\u0151 \u00e9v azonos id\u0151szak\u00e1val \u00f6sszevetve, a belf\u00f6ldi elad\u00e1sok 5,1, az export\u00e9rt\u00e9kes\u00edt\u00e9s volumene 1,1 sz\u00e1zal\u00e9kkal emelkedett.<br \/>\n     A megfigyelt feldolgoz\u00f3ipari \u00e1gazatok \u00f6sszes \u00faj rendel\u00e9s\u00e9nek volumene 3,2 sz\u00e1zal\u00e9kkal nagyobb volt a tavaly m\u00e1jusin\u00e1l, az exportrendel\u00e9sek 3,7, a belf\u00f6ldiek, 0,1 sz\u00e1zal\u00e9kkal emelkedtek. A teljes rendel\u00e9s\u00e1llom\u00e1ny 6,2 sz\u00e1zal\u00e9kkal elmaradt az egy \u00e9vvel kor\u00e1bbit\u00f3l, az exportrendel\u00e9sek 7,0 sz\u00e1zal\u00e9kkal estek vissza, a belf\u00f6ldi rendel\u00e9sek 5,9 sz\u00e1zal\u00e9kkal n\u0151ttek. (MTI)<\/p>\n","protected":false},"excerpt":{"rendered":"<p>M\u00e1jusban az ipari termel\u00e9s volumene 0,4 sz\u00e1zal\u00e9kkal meghaladta az egy \u00e9vvel kor\u00e1bbit. Munkanaphat\u00e1st\u00f3l megtiszt\u00edtott adatok szerint a termel\u00e9s 3,8 sz\u00e1zal\u00e9kkal emelkedett &#8211; er\u0151s\u00edtette meg cs\u00fct\u00f6rt\u00f6k\u00f6n m\u00e1sodik becsl\u00e9se alapj\u00e1n a K\u00f6zponti Statisztikai Hivatal (KSH).<\/p>\n","protected":false},"author":1,"featured_media":0,"comment_status":"closed","ping_status":"open","sticky":false,"template":"","format":"standard","meta":[],"categories":[19],"tags":[],"_links":{"self":[{"href":"https:\/\/gazdasagportal.hu\/index.php\/wp-json\/wp\/v2\/posts\/107019"}],"collection":[{"href":"https:\/\/gazdasagportal.hu\/index.php\/wp-json\/wp\/v2\/posts"}],"about":[{"href":"https:\/\/gazdasagportal.hu\/index.php\/wp-json\/wp\/v2\/types\/post"}],"author":[{"embeddable":true,"href":"https:\/\/gazdasagportal.hu\/index.php\/wp-json\/wp\/v2\/users\/1"}],"replies":[{"embeddable":true,"href":"https:\/\/gazdasagportal.hu\/index.php\/wp-json\/wp\/v2\/comments?post=107019"}],"version-history":[{"count":1,"href":"https:\/\/gazdasagportal.hu\/index.php\/wp-json\/wp\/v2\/posts\/107019\/revisions"}],"predecessor-version":[{"id":107020,"href":"https:\/\/gazdasagportal.hu\/index.php\/wp-json\/wp\/v2\/posts\/107019\/revisions\/107020"}],"wp:attachment":[{"href":"https:\/\/gazdasagportal.hu\/index.php\/wp-json\/wp\/v2\/media?parent=107019"}],"wp:term":[{"taxonomy":"category","embeddable":true,"href":"https:\/\/gazdasagportal.hu\/index.php\/wp-json\/wp\/v2\/categories?post=107019"},{"taxonomy":"post_tag","embeddable":true,"href":"https:\/\/gazdasagportal.hu\/index.php\/wp-json\/wp\/v2\/tags?post=107019"}],"curies":[{"name":"wp","href":"https:\/\/api.w.org\/{rel}","templated":true}]}}