{"id":10701,"date":"2013-06-26T17:43:08","date_gmt":"2013-06-26T15:43:08","guid":{"rendered":"http:\/\/stockportal.hu\/?p=10701"},"modified":"2013-06-26T17:43:36","modified_gmt":"2013-06-26T15:43:36","slug":"idc-zsugorodik-a-nyugat-europai-mobiltelefon-piac","status":"publish","type":"post","link":"https:\/\/gazdasagportal.hu\/index.php\/idc-zsugorodik-a-nyugat-europai-mobiltelefon-piac\/","title":{"rendered":"IDC: Zsugorodik a nyugat-eur\u00f3pai mobiltelefon-piac"},"content":{"rendered":"<p><strong>Az okostelefon elad\u00e1sok v\u00e1rtn\u00e1l kisebb n\u00f6veked\u00e9se miatt zsugorodott az els\u0151 negyed\u00e9vben a nyugat-eur\u00f3pai mobiltelefon-piac &#8211; \u00edrja az International Data Corporation (IDC) amerikai informatikai piackutat\u00f3 v\u00e1llalat negyed\u00e9ves European Mobile Phone Tracker jelent\u00e9se.<!--more--><\/strong><\/p>\n<p>A piac \u00f6sszess\u00e9g\u00e9ben 4,2 sz\u00e1zal\u00e9kkal 43,6 milli\u00f3 eladott darabra sz\u0171k\u00fclt. A hagyom\u00e1nyos mobiltelefonok elad\u00e1sa a v\u00e1s\u00e1rl\u00f3i \u00e9rdekl\u0151d\u00e9s okostelefonokra val\u00f3 \u00e1t\u00e1ll\u00e1sa miatt a v\u00e1rakoz\u00e1soknak megfelel\u0151en nagym\u00e9rt\u00e9kben visszaesett, sz\u00e1muk az egy \u00e9vvel kor\u00e1bbihoz k\u00e9pest 31 sz\u00e1zal\u00e9kkal 12 milli\u00f3ra cs\u00f6kkent. Az okostelefon \u00e9rt\u00e9kes\u00edt\u00e9sek sz\u00e1ma ek\u00f6zben a v\u00e1rtn\u00e1l kisebb m\u00e9rt\u00e9kben, 12 sz\u00e1zal\u00e9kkal 31,6 milli\u00f3ra emelkedett, ami az IDC statisztik\u00e1inak kezdete, 2004 \u00f3ta a legalacsonyabb n\u00f6veked\u00e9si \u00fctem.<br \/>\nAz okostelefon \u00e9rt\u00e9kes\u00edt\u00e9sek lassul\u00f3 n\u00f6veked\u00e9s\u00e9nek az oka egyr\u00e9szt a gazdas\u00e1gi neh\u00e9zs\u00e9gek miatt cs\u00f6kken\u0151 elk\u00f6lthet\u0151 j\u00f6vedelem Eur\u00f3p\u00e1ban, valamint a szolg\u00e1ltat\u00f3k \u00e1ltal a k\u00e9sz\u00fcl\u00e9kekre adott t\u00e1mogat\u00e1s m\u00e9rt\u00e9k\u00e9nek cs\u00f6kken\u00e9se. Els\u0151sorban a d\u00e9l-eur\u00f3pai orsz\u00e1gokra jellemz\u0151, hogy a mobiltelefon-tulajdonosok halogatj\u00e1k k\u00e9sz\u00fcl\u00e9keik lecser\u00e9l\u00e9s\u00e9t okostelefonra, m\u00edg az okostelefon- haszn\u00e1latban szinte m\u00e1r tel\u00edtett \u00e9szak-eur\u00f3pai orsz\u00e1gokban megn\u0151tt a k\u00e9sz\u00fcl\u00e9kek haszn\u00e1lati ideje.<br \/>\nA k\u00e9sz\u00fcl\u00e9kgy\u00e1rt\u00f3k Eur\u00f3p\u00e1ban kett\u0151s probl\u00e9m\u00e1val kell hogy szemben\u00e9zzenek: a gazdas\u00e1gi neh\u00e9zs\u00e9gek egyr\u00e9szt sz\u00e1m szerint cs\u00f6kkentik a keresletet, m\u00e1sr\u00e9szt az olcs\u00f3bb k\u00e9sz\u00fcl\u00e9kek fel\u00e9 tolj\u00e1k el a v\u00e1s\u00e1rl\u00f3k \u00e9rdekl\u0151d\u00e9s\u00e9t. Mindk\u00e9t t\u00e9nyez\u0151 nyom\u00e1s al\u00e1 helyezi a gy\u00e1rt\u00f3k \u00e9rt\u00e9kes\u00edt\u00e9si \u00e1rbev\u00e9tel\u00e9t \u00e9s haszonkulcs\u00e1t.<br \/>\nAz oper\u00e1ci\u00f3s rendszerek verseny\u00e9ben a Google Android vezette az \u00e9rt\u00e9kes\u00edt\u00e9seket az els\u0151 negyed\u00e9vben: 21,9 milli\u00f3 Android rendszeren fut\u00f3 k\u00e9sz\u00fcl\u00e9ket \u00e9rt\u00e9kes\u00edtettek, r\u00e9szar\u00e1nyuk \u00edgy 69 sz\u00e1zal\u00e9kra n\u0151tt a 2012 els\u0151 negyed\u00e9vi 55 sz\u00e1zal\u00e9kr\u00f3l. Az Apple iOS oper\u00e1ci\u00f3s rendszer\u00e9nek piaci r\u00e9szesed\u00e9se 20 sz\u00e1zal\u00e9kra cs\u00f6kkent az egy \u00e9vvel kor\u00e1bbi 25 sz\u00e1zal\u00e9kr\u00f3l. A Windows Phone a harmadik legnagyobb oper\u00e1ci\u00f3s rendszerr\u00e9 l\u00e9pett el\u0151 a r\u00e9gi\u00f3ban, r\u00e9szar\u00e1nya 6 sz\u00e1zal\u00e9kra emelkedett 4 sz\u00e1zal\u00e9kr\u00f3l.<br \/>\nAz okostelefon elad\u00e1sokat az els\u0151 negyed\u00e9vben a Samsung vezette 45 sz\u00e1zal\u00e9kos piaci r\u00e9szesed\u00e9ssel, 14,3 milli\u00f3 eladott k\u00e9sz\u00fcl\u00e9kkel. A m\u00e1sodik helyen az Apple \u00e1llt 20 sz\u00e1zal\u00e9kkal, 6,2 milli\u00f3s \u00e9rt\u00e9kes\u00edt\u00e9si sz\u00e1mmal. A harmadik a Sony volt 10 sz\u00e1zal\u00e9kkal, illetve 3,2 milli\u00f3 k\u00e9sz\u00fcl\u00e9kkel, a negyedik az LG 8 sz\u00e1zal\u00e9kkal, 2,4 milli\u00f3 k\u00e9sz\u00fcl\u00e9kkel, az \u00f6t\u00f6dik a Nokia 5 sz\u00e1zal\u00e9kkal, 1,6 milli\u00f3 k\u00e9sz\u00fcl\u00e9kkel, m\u00edg az \u00f6sszes t\u00f6bbi k\u00e9sz\u00fcl\u00e9kgy\u00e1rt\u00f3 egy\u00fcttesen 12 sz\u00e1zal\u00e9kos r\u00e9szesed\u00e9st tudott kiv\u00edvni mag\u00e1nak a nyugat-eur\u00f3pai piacon 3,9 milli\u00f3 k\u00e9sz\u00fcl\u00e9k \u00e9rt\u00e9kes\u00edt\u00e9s\u00e9vel.(MTI)<\/p>\n","protected":false},"excerpt":{"rendered":"<p>Az okostelefon elad\u00e1sok v\u00e1rtn\u00e1l kisebb n\u00f6veked\u00e9se miatt zsugorodott az els\u0151 negyed\u00e9vben a nyugat-eur\u00f3pai mobiltelefon-piac &#8211; \u00edrja az International Data Corporation (IDC) amerikai informatikai piackutat\u00f3 v\u00e1llalat negyed\u00e9ves European Mobile Phone Tracker jelent\u00e9se.<\/p>\n","protected":false},"author":1,"featured_media":0,"comment_status":"open","ping_status":"closed","sticky":false,"template":"","format":"standard","meta":[],"categories":[49],"tags":[],"_links":{"self":[{"href":"https:\/\/gazdasagportal.hu\/index.php\/wp-json\/wp\/v2\/posts\/10701"}],"collection":[{"href":"https:\/\/gazdasagportal.hu\/index.php\/wp-json\/wp\/v2\/posts"}],"about":[{"href":"https:\/\/gazdasagportal.hu\/index.php\/wp-json\/wp\/v2\/types\/post"}],"author":[{"embeddable":true,"href":"https:\/\/gazdasagportal.hu\/index.php\/wp-json\/wp\/v2\/users\/1"}],"replies":[{"embeddable":true,"href":"https:\/\/gazdasagportal.hu\/index.php\/wp-json\/wp\/v2\/comments?post=10701"}],"version-history":[{"count":3,"href":"https:\/\/gazdasagportal.hu\/index.php\/wp-json\/wp\/v2\/posts\/10701\/revisions"}],"predecessor-version":[{"id":10703,"href":"https:\/\/gazdasagportal.hu\/index.php\/wp-json\/wp\/v2\/posts\/10701\/revisions\/10703"}],"wp:attachment":[{"href":"https:\/\/gazdasagportal.hu\/index.php\/wp-json\/wp\/v2\/media?parent=10701"}],"wp:term":[{"taxonomy":"category","embeddable":true,"href":"https:\/\/gazdasagportal.hu\/index.php\/wp-json\/wp\/v2\/categories?post=10701"},{"taxonomy":"post_tag","embeddable":true,"href":"https:\/\/gazdasagportal.hu\/index.php\/wp-json\/wp\/v2\/tags?post=10701"}],"curies":[{"name":"wp","href":"https:\/\/api.w.org\/{rel}","templated":true}]}}