{"id":106953,"date":"2018-07-10T14:31:17","date_gmt":"2018-07-10T12:31:17","guid":{"rendered":"http:\/\/gazdasagportal.hu\/?p=106953"},"modified":"2018-07-10T14:31:17","modified_gmt":"2018-07-10T12:31:17","slug":"csak-a-bizonytalansag-biztos-2018-3-negyedevenek-trendjei","status":"publish","type":"post","link":"https:\/\/gazdasagportal.hu\/index.php\/csak-a-bizonytalansag-biztos-2018-3-negyedevenek-trendjei\/","title":{"rendered":"Csak a bizonytalans\u00e1g biztos &#8211; 2018 3. negyed\u00e9v\u00e9nek trendjei"},"content":{"rendered":"<p><strong>Nem csoda, hogy jelenleg a bizonytalans\u00e1g a legink\u00e1bb meghat\u00e1roz\u00f3 a piacokon: a kereskedelmi \u00e9s politikai ellent\u00e9tek fenn\u00e1ll\u00e1sa mellett a jegybankok is egyre ink\u00e1bb kivonulnak a piacokr\u00f3l. Ennek hat\u00e1sak\u00e9nt pedig csaknem minden befektet\u00e9si eszk\u00f6zoszt\u00e1ly teljes\u00edtm\u00e9nye elmarad a kor\u00e1bbi \u00e9vek\u00e9t\u0151l. A K&amp;H befektet\u00e9si szakemberei ez\u00e9rt az el\u0151tt\u00fcnk \u00e1ll\u00f3 negyed\u00e9vben a legbiztosabb alapokkal rendelkez\u0151 fejlett t\u0151zsd\u00e9ket r\u00e9szes\u00edtik el\u0151nyben. <\/strong><!--more--><\/p>\n<div class=\"ads-in-post1\"><div id=\"gazdasagportal.hu_fullbanner_wideboard\"><\/div>\r\n<\/div>\n<p><strong>\u00a0<\/strong><\/p>\n<p>Amilyen optimist\u00e1n indult az \u00e9v, olyan nagyot fordult a kocka. \u201eA kereskedelmi h\u00e1bor\u00fa miatti bizonytalans\u00e1g elh\u00faz\u00f3d\u00e1sa nincs kedvez\u0151 hat\u00e1ssal a v\u00e1llalati k\u00f6rnyezetre, a c\u00e9gek tervez\u00e9si \u00e9s beruh\u00e1z\u00e1si tev\u00e9kenys\u00e9g\u00e9re, mik\u00f6zben Eur\u00f3pa bels\u0151 politikai fesz\u00fclts\u00e9gekkel is szembes\u00fcl. Mindemellett a Fed \u00fajabb kamatemel\u00e9se \u00e9s az EKB \u00e9v v\u00e9g\u00e9n lez\u00e1rul\u00f3 k\u00f6tv\u00e9nyv\u00e1s\u00e1rl\u00e1si programja is egy\u00e9rtelm\u0171en a piacokat t\u00e1mogat\u00f3 politika cs\u00f6kken\u00e9s\u00e9nek ir\u00e1ny\u00e1ba mutat. Mindezek hat\u00e1s\u00e1ra a befektet\u0151k k\u00f6r\u00e9ben egy\u00e9rtelm\u0171en feler\u0151s\u00f6d\u00f6tt a kock\u00e1zatker\u00fcl\u00e9s, amit j\u00f3l mutat, hogy gyakorlatilag szinte minden eszk\u00f6zoszt\u00e1ly negat\u00edvan teljes\u00edtett az \u00e9v eddigi r\u00e9sz\u00e9ben \u2013 a fejlett r\u00e9szv\u00e9nypiacot \u00e9s a nyersanyagpiacot kiv\u00e9ve\u201d &#8211; t\u00e1j\u00e9koztatott <strong>Kov\u00e1cs M\u00e1ty\u00e1s, a K&amp;H Alapkezel\u0151 szenior portf\u00f3li\u00f3-menedzsere.<\/strong><\/p>\n<div class=\"ads-in-post2\"><script async src=\"https:\/\/pagead2.googlesyndication.com\/pagead\/js\/adsbygoogle.js\"><\/script>\r\n<ins class=\"adsbygoogle\"\r\n     style=\"display:block\"\r\n     data-ad-format=\"fluid\"\r\n     data-ad-layout-key=\"-6t+ed+2i-1n-4w\"\r\n     data-ad-client=\"ca-pub-1959107119989764\"\r\n     data-ad-slot=\"4008251320\"><\/ins>\r\n<script>\r\n     (adsbygoogle = window.adsbygoogle || []).push({});\r\n<\/script><\/div>\n<strong>A harmadik negyed\u00e9v f\u0151 trendjei: <\/strong><\/p>\n<ol>\n<li>Tavaly \u00f3ta gyakorlatilag megfordult a trend, \u00e9s a felt\u00f6rekv\u0151k helyett egy\u00e9rtelm\u0171en a fejlett piaci t\u0151zsd\u00e9k teljes\u00edtenek jobban. Mivel a kereskedelmi h\u00e1bor\u00fa hat\u00e1sait\u00f3l val\u00f3 f\u00e9lelem tov\u00e1bbra is jelen van, ez\u00e9rt a harmadik negyed\u00e9vben sem z\u00e1rhat\u00f3k ki \u00fajabb elad\u00e1si hull\u00e1mok a felt\u00f6rekv\u0151 t\u0151zsd\u00e9ken. \u201eA befektet\u0151knek azt javasoljuk, hogy a biztos alapokkal rendelkez\u0151 piacokat \u00e9rdemes el\u0151nyben r\u00e9szes\u00edteni, \u00e9s a megtakar\u00edt\u00e1saikban \u00e9rdemes a fejlett r\u00e9szv\u00e9nypiacokra koncentr\u00e1lni\u201d &#8211; tan\u00e1csolja a befektet\u00e9si szakember.<\/li>\n<li>A felt\u00f6rekv\u0151 k\u00f6tv\u00e9nypiacokon nagyon-nagy elmozdul\u00e1s t\u00f6rt\u00e9nt, ami a hazai \u00e1llampap\u00edrpiacot sem k\u00edm\u00e9lte. A tov\u00e1bbiakban a forintgyeng\u00fcl\u00e9s infl\u00e1ci\u00f3gerjeszt\u0151 hat\u00e1sa \u00edgy k\u00f6nnyen a re\u00e1lkamatok rov\u00e1s\u00e1ra mehet, teh\u00e1t elviheti a hazai \u00e1llampap\u00edrokkal el\u00e9rhet\u0151 hozamot.<\/li>\n<li>Az elm\u00falt \u00e9vek egy\u00e9rtelm\u0171en az amerikai doll\u00e1r er\u0151s\u00f6d\u00e9s\u00e9r\u0151l sz\u00f3ltak, tavaly viszont m\u00e1r \u00fagy t\u0171nt, hogy az eur\u00f3 ism\u00e9t mag\u00e1ra tal\u00e1lhat. Az amerikai jegybank kamatemel\u00e9se kapcs\u00e1n azonban a doll\u00e1r befektet\u00e9sek kamatel\u0151nye tov\u00e1bb n\u0151tt az eur\u00f3val szemben, mik\u00f6zben az eur\u00f3pai n\u00f6veked\u00e9si kil\u00e1t\u00e1sok is romlottak, \u00edgy jelenleg nem v\u00e1rhat\u00f3 az uni\u00f3s fizet\u0151eszk\u00f6z jelent\u0151s er\u0151s\u00f6d\u00e9se.<\/li>\n<\/ol>\n<p>&nbsp;<\/p><div id=\"gazda-1945664113\" class=\"gazda-tartalomban gazda-entity-placement\"><script async src=\"https:\/\/pagead2.googlesyndication.com\/pagead\/js\/adsbygoogle.js\"><\/script>\r\n<ins class=\"adsbygoogle\"\r\n     style=\"display:block\"\r\n     data-ad-format=\"fluid\"\r\n     data-ad-layout-key=\"-6t+ed+2i-1n-4w\"\r\n     data-ad-client=\"ca-pub-1959107119989764\"\r\n     data-ad-slot=\"4008251320\"><\/ins>\r\n<script>\r\n     (adsbygoogle = window.adsbygoogle || []).push({});\r\n<\/script><\/div>\n<p>&nbsp;<\/p>\n<p><strong>A K&amp;H Csoport<\/strong><\/p>\n<p>Az orsz\u00e1g egyik vezet\u0151 \u00e9s orsz\u00e1gosan t\u00f6bb mint 4000 munkat\u00e1rsat foglalkoztat\u00f3 p\u00e9nzint\u00e9zetek\u00e9nt a K&amp;H c\u00e9lja, hogy \u00fcgyfelei ig\u00e9nyeit minden id\u0151ben magas szinten el\u00e9g\u00edtse ki, \u00e9s a lehet\u0151 legteljesebb term\u00e9kpalett\u00e1t ny\u00fajtsa sz\u00e1mukra. A K&amp;H orsz\u00e1gszerte 206 lakoss\u00e1gi fi\u00f3kot m\u0171k\u00f6dtet, \u00e9s mintegy 1 milli\u00f3 lakoss\u00e1gi, kkv \u00e9s v\u00e1llalati \u00fcgyfel\u00e9nek k\u00edn\u00e1l p\u00e9nz\u00fcgyi szolg\u00e1ltat\u00e1sokat. A magyar gazdas\u00e1g m\u0171k\u00f6d\u00e9s\u00e9t t\u00f6bb mint 2,1 billi\u00f3 forintnyi kihelyezett hitel- \u00e9s hiteljelleg\u0171 \u00e1llom\u00e1nnyal seg\u00edti h\u00e1ztart\u00e1sok, kisv\u00e1llalkoz\u00e1sok, v\u00e1llalatok \u00e9s \u00f6nkorm\u00e1nyzatok finansz\u00edroz\u00e1s\u00e1n kereszt\u00fcl. A c\u00e9gcsoport teljes tev\u00e9kenys\u00e9ge hozz\u00e1vet\u0151legesen 4000 magyar besz\u00e1ll\u00edt\u00f3nak \u00e9s mintegy 700 banki \u00e9s biztos\u00edt\u00e1si \u00fcgyn\u00f6knek biztos\u00edt rendszeres megrendel\u00e9seket \u00e9s tev\u00e9kenys\u00e9get.<\/p>\n<p><strong>\u00a0<\/strong><\/p>\n<p><strong>F\u0151bb adataink: <\/strong><\/p>\n<p><strong>\u00a0<\/strong><\/p>\n<p><strong>K&amp;H Bank <\/strong><\/p>\n<ol start=\"2018\">\n<li><u> I. negyed\u00e9v\u00e9nek v\u00e9g\u00e9n:<\/u><\/li>\n<\/ol>\n<p>saj\u00e1t t\u0151ke (IFRS konszolid\u00e1lt, nem audit\u00e1lt): <strong>259 milli\u00e1rd forint<\/strong><\/p>\n<p>m\u00e9rlegf\u0151\u00f6sszeg (IFRS konszolid\u00e1lt, nem audit\u00e1lt): <strong>2981 milli\u00e1rd forint<\/strong><\/p>\n<p>ad\u00f3z\u00e1s ut\u00e1ni eredm\u00e9ny (IFRS konszolid\u00e1lt, nem audit\u00e1lt): <strong>15,1 milli\u00e1rd forint<\/strong><\/p>\n<p>&nbsp;<\/p>\n<p><strong>K&amp;H Biztos\u00edt\u00f3<\/strong><\/p>\n<ol start=\"2018\">\n<li><u> I. negyed\u00e9v\u00e9nek v\u00e9g\u00e9n:<\/u><\/li>\n<\/ol>\n<p>saj\u00e1t t\u0151ke (IFRS, nem audit\u00e1lt): <strong>12 milli\u00e1rd forint<\/strong><\/p>\n<p>m\u00e9rlegf\u0151\u00f6sszeg (IFRS, nem audit\u00e1lt): <strong>170 milli\u00e1rd forint<\/strong><\/p>\n<p>biztos\u00edt\u00e1stechnikai eredm\u00e9ny (IFRS , nem audit\u00e1lt): <strong>1,4 milli\u00e1rd forint<\/strong><\/p>\n<p>ad\u00f3z\u00e1s ut\u00e1ni eredm\u00e9ny (IFRS, nem audit\u00e1lt<strong>): 1,0 milli\u00e1rd forint<\/strong><\/p>\n<p>&nbsp;<\/p>\n<p><strong>K&amp;H Alapkezel\u0151<\/strong><\/p>\n<ol start=\"2018\">\n<li><u> I. negyed\u00e9v\u00e9nek v\u00e9g\u00e9n:<\/u><\/li>\n<\/ol>\n<p>teljes kezelt vagyon: <strong>974 milli\u00e1rd forint<\/strong><\/p>\n<p>K&amp;H alapokban kezelt vagyon: <strong>802 milli\u00e1rd forint<\/strong><\/p>\n<p>int\u00e9zm\u00e9nyi \u00fcgyfelek kezelt vagyona: <strong>172 milli\u00e1rd forint<\/strong><\/p>\n","protected":false},"excerpt":{"rendered":"<p>Nem csoda, hogy jelenleg a bizonytalans\u00e1g a legink\u00e1bb meghat\u00e1roz\u00f3 a piacokon: a kereskedelmi \u00e9s politikai ellent\u00e9tek fenn\u00e1ll\u00e1sa mellett a jegybankok is egyre ink\u00e1bb kivonulnak a piacokr\u00f3l. Ennek hat\u00e1sak\u00e9nt pedig csaknem minden befektet\u00e9si eszk\u00f6zoszt\u00e1ly teljes\u00edtm\u00e9nye elmarad a kor\u00e1bbi \u00e9vek\u00e9t\u0151l. A K&amp;H befektet\u00e9si szakemberei ez\u00e9rt az el\u0151tt\u00fcnk \u00e1ll\u00f3 negyed\u00e9vben a legbiztosabb alapokkal rendelkez\u0151 fejlett t\u0151zsd\u00e9ket r\u00e9szes\u00edtik el\u0151nyben.<\/p>\n","protected":false},"author":1,"featured_media":72174,"comment_status":"closed","ping_status":"open","sticky":false,"template":"","format":"standard","meta":[],"categories":[146,4,19,246],"tags":[],"_links":{"self":[{"href":"https:\/\/gazdasagportal.hu\/index.php\/wp-json\/wp\/v2\/posts\/106953"}],"collection":[{"href":"https:\/\/gazdasagportal.hu\/index.php\/wp-json\/wp\/v2\/posts"}],"about":[{"href":"https:\/\/gazdasagportal.hu\/index.php\/wp-json\/wp\/v2\/types\/post"}],"author":[{"embeddable":true,"href":"https:\/\/gazdasagportal.hu\/index.php\/wp-json\/wp\/v2\/users\/1"}],"replies":[{"embeddable":true,"href":"https:\/\/gazdasagportal.hu\/index.php\/wp-json\/wp\/v2\/comments?post=106953"}],"version-history":[{"count":1,"href":"https:\/\/gazdasagportal.hu\/index.php\/wp-json\/wp\/v2\/posts\/106953\/revisions"}],"predecessor-version":[{"id":106954,"href":"https:\/\/gazdasagportal.hu\/index.php\/wp-json\/wp\/v2\/posts\/106953\/revisions\/106954"}],"wp:featuredmedia":[{"embeddable":true,"href":"https:\/\/gazdasagportal.hu\/index.php\/wp-json\/wp\/v2\/media\/72174"}],"wp:attachment":[{"href":"https:\/\/gazdasagportal.hu\/index.php\/wp-json\/wp\/v2\/media?parent=106953"}],"wp:term":[{"taxonomy":"category","embeddable":true,"href":"https:\/\/gazdasagportal.hu\/index.php\/wp-json\/wp\/v2\/categories?post=106953"},{"taxonomy":"post_tag","embeddable":true,"href":"https:\/\/gazdasagportal.hu\/index.php\/wp-json\/wp\/v2\/tags?post=106953"}],"curies":[{"name":"wp","href":"https:\/\/api.w.org\/{rel}","templated":true}]}}