{"id":106941,"date":"2018-07-10T11:40:12","date_gmt":"2018-07-10T09:40:12","guid":{"rendered":"http:\/\/gazdasagportal.hu\/?p=106941"},"modified":"2018-07-10T11:40:12","modified_gmt":"2018-07-10T09:40:12","slug":"hateves-melyponton-a-zew-nemet-es-euroovezeti-befektetoi-hangulatindexe","status":"publish","type":"post","link":"https:\/\/gazdasagportal.hu\/index.php\/hateves-melyponton-a-zew-nemet-es-euroovezeti-befektetoi-hangulatindexe\/","title":{"rendered":"Hat\u00e9ves m\u00e9lyponton a ZEW n\u00e9met \u00e9s eur\u00f3\u00f6vezeti befektet\u0151i hangulatindexe"},"content":{"rendered":"<p><strong>J\u00faliusban hat\u00e9ves m\u00e9lypontra cs\u00f6kkent a n\u00e9met ZEW gazdas\u00e1gkutat\u00f3 int\u00e9zet eur\u00f3\u00f6vezeti \u00e9s n\u00e9metorsz\u00e1gi befektet\u0151i hangulatindexe.<\/strong><!--more--><\/p>\n<div class=\"ads-in-post1\"><div id=\"gazdasagportal.hu_fullbanner_wideboard\"><\/div>\r\n<\/div>\n<p>J\u00faliusban az el\u0151z\u0151 havi m\u00ednusz 16,1 pontr\u00f3l 8,6 ponttal m\u00ednusz 24,7 pontra cs\u00f6kkent a mannheimi ZEW (Zentrum f\u00fcr Europ\u00e4ische Wirtschaftsforschung GmbH) n\u00e9metorsz\u00e1gi befektet\u0151i hangulatindexe, amely 2012 augusztusa \u00f3ta a legalacsonyabb \u00e9rt\u00e9k, \u00e9s j\u00f3val alatta marad az index 23,2 pontos hossz\u00fa t\u00e1v\u00fa \u00e1tlag\u00e1nak is.<br \/>\nA piac j\u00faliusra a t\u00e9nylegesn\u00e9l kisebb cs\u00f6kken\u00e9st, m\u00ednusz 18,0 pontot v\u00e1rt.<br \/>\nJanu\u00e1rban az index m\u00e9g 20,4 ponton \u00e1llt, egy \u00e9vvel ezel\u0151tt pedig, 2017 j\u00falius\u00e1ban 17,5 ponton.<br \/>\nAz aktu\u00e1lis n\u00e9metorsz\u00e1gi \u00fczleti kond\u00edci\u00f3k meg\u00edt\u00e9l\u00e9se szint\u00e9n romlott a gazdas\u00e1gi szerepl\u0151k k\u00f6r\u00e9ben, a mutat\u00f3 72,4 pontra cs\u00f6kkent az el\u0151z\u0151 havi 80,6 pontr\u00f3l, a v\u00e1rt 78,2 pont helyett.<br \/>\n<div class=\"ads-in-post2\"><script async src=\"https:\/\/pagead2.googlesyndication.com\/pagead\/js\/adsbygoogle.js\"><\/script>\r\n<ins class=\"adsbygoogle\"\r\n     style=\"display:block\"\r\n     data-ad-format=\"fluid\"\r\n     data-ad-layout-key=\"-6t+ed+2i-1n-4w\"\r\n     data-ad-client=\"ca-pub-1959107119989764\"\r\n     data-ad-slot=\"4008251320\"><\/ins>\r\n<script>\r\n     (adsbygoogle = window.adsbygoogle || []).push({});\r\n<\/script><\/div>\nAz eur\u00f3\u00f6vezeti befektet\u0151i hangulatindex 6,1 ponttal szint\u00e9n hat\u00e9ves m\u00e9lypontra, 2012 augusztusa \u00f3ta a legalacsonyabb szintre, m\u00ednusz 18,7 pontra cs\u00f6kkent j\u00faliusban a j\u00faniusi m\u00ednusz 12,6 pontr\u00f3l. A piac kisebb m\u00e9rt\u00e9k\u0171 roml\u00e1st, m\u00ednusz 13,2 pontot v\u00e1rt j\u00faliusra.<br \/>\n<a title=\"Hely megnyit\u00e1sa\" href=\"https:\/\/www.zew.de\/en\/presse\/pressearchiv\/erneute-verschlechterung-des-ausblicks\/\" target=\"_blank\" rel=\"noopener noreferrer\">https:\/\/www.zew.de\/en\/presse\/pressearchiv\/erneute-verschlechterung-des-ausblicks\/<\/a><\/p>\n<p>&nbsp;<br \/>\n(MTI)<\/p><div id=\"gazda-379829576\" class=\"gazda-tartalomban gazda-entity-placement\"><script async src=\"https:\/\/pagead2.googlesyndication.com\/pagead\/js\/adsbygoogle.js\"><\/script>\r\n<ins class=\"adsbygoogle\"\r\n     style=\"display:block\"\r\n     data-ad-format=\"fluid\"\r\n     data-ad-layout-key=\"-6t+ed+2i-1n-4w\"\r\n     data-ad-client=\"ca-pub-1959107119989764\"\r\n     data-ad-slot=\"4008251320\"><\/ins>\r\n<script>\r\n     (adsbygoogle = window.adsbygoogle || []).push({});\r\n<\/script><\/div>\n","protected":false},"excerpt":{"rendered":"<p>J\u00faliusban hat\u00e9ves m\u00e9lypontra cs\u00f6kkent a n\u00e9met ZEW gazdas\u00e1gkutat\u00f3 int\u00e9zet eur\u00f3\u00f6vezeti \u00e9s n\u00e9metorsz\u00e1gi befektet\u0151i hangulatindexe.<\/p>\n","protected":false},"author":1,"featured_media":0,"comment_status":"closed","ping_status":"open","sticky":false,"template":"","format":"standard","meta":[],"categories":[246],"tags":[],"_links":{"self":[{"href":"https:\/\/gazdasagportal.hu\/index.php\/wp-json\/wp\/v2\/posts\/106941"}],"collection":[{"href":"https:\/\/gazdasagportal.hu\/index.php\/wp-json\/wp\/v2\/posts"}],"about":[{"href":"https:\/\/gazdasagportal.hu\/index.php\/wp-json\/wp\/v2\/types\/post"}],"author":[{"embeddable":true,"href":"https:\/\/gazdasagportal.hu\/index.php\/wp-json\/wp\/v2\/users\/1"}],"replies":[{"embeddable":true,"href":"https:\/\/gazdasagportal.hu\/index.php\/wp-json\/wp\/v2\/comments?post=106941"}],"version-history":[{"count":1,"href":"https:\/\/gazdasagportal.hu\/index.php\/wp-json\/wp\/v2\/posts\/106941\/revisions"}],"predecessor-version":[{"id":106942,"href":"https:\/\/gazdasagportal.hu\/index.php\/wp-json\/wp\/v2\/posts\/106941\/revisions\/106942"}],"wp:attachment":[{"href":"https:\/\/gazdasagportal.hu\/index.php\/wp-json\/wp\/v2\/media?parent=106941"}],"wp:term":[{"taxonomy":"category","embeddable":true,"href":"https:\/\/gazdasagportal.hu\/index.php\/wp-json\/wp\/v2\/categories?post=106941"},{"taxonomy":"post_tag","embeddable":true,"href":"https:\/\/gazdasagportal.hu\/index.php\/wp-json\/wp\/v2\/tags?post=106941"}],"curies":[{"name":"wp","href":"https:\/\/api.w.org\/{rel}","templated":true}]}}