{"id":106925,"date":"2018-07-10T07:44:40","date_gmt":"2018-07-10T05:44:40","guid":{"rendered":"http:\/\/gazdasagportal.hu\/?p=106925"},"modified":"2018-07-10T07:16:08","modified_gmt":"2018-07-10T05:16:08","slug":"brexit-lemondott-boris-johnson-brit-kulugyminiszte","status":"publish","type":"post","link":"https:\/\/gazdasagportal.hu\/index.php\/brexit-lemondott-boris-johnson-brit-kulugyminiszte\/","title":{"rendered":"Brexit &#8211; Lemondott Boris Johnson brit k\u00fcl\u00fcgyminiszte"},"content":{"rendered":"<p><strong>Lemondott h\u00e9tf\u0151n Boris Johnson, Nagy-Britannia eddigi k\u00fcl\u00fcgyminisztere, n\u00e9h\u00e1ny \u00f3r\u00e1val azut\u00e1n, hogy a brit EU-tags\u00e1g megsz\u0171n\u00e9s\u00e9nek folyamat\u00e1t ir\u00e1ny\u00edt\u00f3 miniszt\u00e9rium (DExEU) volt vezet\u0151je, David Davis is bejelentette t\u00e1voz\u00e1s\u00e1t. Theresa May minisztereln\u00f6k mindkett\u0151j\u00fck lemond\u00e1s\u00e1t elfogadta.<\/strong><!--more--><\/p>\n<div class=\"ads-in-post1\"><div id=\"gazdasagportal.hu_fullbanner_wideboard\"><\/div>\r\n<\/div>\n<p>    Johnson, London egykori polg\u00e1rmestere a brit EU-tags\u00e1gr\u00f3l 2016-ban rendezett &#8211; a kil\u00e9p\u00e9st p\u00e1rtol\u00f3k \u00e1ltal sz\u0171k, 51,9 sz\u00e1zal\u00e9kos t\u00f6bbs\u00e9ggel megnyert &#8211; n\u00e9pszavaz\u00e1s kamp\u00e1ny\u00e1ban a kem\u00e9nyvonalas Brexit-p\u00e1rti t\u00e1bor frontembere volt, \u00e9s azut\u00e1n is ezt az ir\u00e1nyvonalat k\u00e9pviselte, hogy Theresa May, aki a referendum ut\u00e1n lemondott David Cameront k\u00f6vette a korm\u00e1nyf\u0151i sz\u00e9kben, \u00e1ltal\u00e1nos meglepet\u00e9sre kinevezte a k\u00fcl\u00fcgyi t\u00e1rca \u00e9l\u00e9re.<br \/>\n    Boris Johnson lemond\u00e1s\u00e1nak k\u00f6zvetlen el\u0151zm\u00e9nyek\u00e9nt, p\u00e9nteken Theresa May \u00e9s kabinetj\u00e9nek tagjai javaslatcsomagot fogadtak el az Eur\u00f3pai Uni\u00f3val a brit EU-tags\u00e1g megsz\u0171n\u00e9se ut\u00e1n fenntartand\u00f3 kereskedelmi kapcsolatok szab\u00e1lyoz\u00e1s\u00e1r\u00f3l.<br \/>\n    A javaslatok j\u00f3val szorosabb j\u00f6v\u0151beni kapcsolattart\u00e1st ind\u00edtv\u00e1nyoznak az EU-val, mint amilyent a korm\u00e1nyz\u00f3 Konzervat\u00edv P\u00e1rt kem\u00e9nyvonalas Brexit-t\u00e1bora l\u00e1tni szeretett volna. J\u00f3llehet az ind\u00edtv\u00e1nyt Johnson is elfogadta, h\u00e9tv\u00e9gi londoni sajt\u00f3besz\u00e1mol\u00f3k szerint azonban k\u00e9s\u0151bb keresetlen &#8211; enyh\u00e9bb tr\u00e1g\u00e1rs\u00e1gokat sem n\u00e9lk\u00fcl\u00f6z\u0151 &#8211; kifejez\u00e9sekkel illette a dokumentumot.<br \/>\n    Az Eur\u00f3pai Bizotts\u00e1g sz\u00e1m\u00e1ra kidolgozott leg\u00fajabb brit korm\u00e1nyzati ind\u00edtv\u00e1ny egyik legsarkalatosabb eleme az, hogy London k\u00f6z\u00f6s szabadkereskedelmi t\u00e9rs\u00e9g l\u00e9trehoz\u00e1s\u00e1t javasolja az EU-nak a fizikai \u00e1ruk forgalm\u00e1nak szab\u00e1lyoz\u00e1s\u00e1ra, biztos\u00edtva a &#8222;s\u00farl\u00f3d\u00e1smentes&#8221; kereskedelmet Nagy-Britannia \u00e9s az EU k\u00f6z\u00f6tt a Brexit ut\u00e1n is.<br \/>\n<div class=\"ads-in-post2\"><script async src=\"https:\/\/pagead2.googlesyndication.com\/pagead\/js\/adsbygoogle.js\"><\/script>\r\n<ins class=\"adsbygoogle\"\r\n     style=\"display:block\"\r\n     data-ad-format=\"fluid\"\r\n     data-ad-layout-key=\"-6t+ed+2i-1n-4w\"\r\n     data-ad-client=\"ca-pub-1959107119989764\"\r\n     data-ad-slot=\"4008251320\"><\/ins>\r\n<script>\r\n     (adsbygoogle = window.adsbygoogle || []).push({});\r\n<\/script><\/div>\n    A brit korm\u00e1ny ind\u00edtv\u00e1nya szerint London \u00e9s az EU k\u00f6z\u00f6s szab\u00e1lygy\u0171jtem\u00e9nyt tartana fenn minden \u00e1ruf\u00e9les\u00e9g k\u00e9toldal\u00fa forgalm\u00e1ra. Emellett fokozatosan kialak\u00edtan\u00e1nak egy olyan v\u00e1mszab\u00e1lyoz\u00e1si rendszert is, amelyben sz\u00fcks\u00e9gtelen lenne a v\u00e1mellen\u0151rz\u00e9s a k\u00e9toldal\u00fa kereskedelemben, olyan m\u00f3don, mintha Nagy-Britannia \u00e9s az Eur\u00f3pai Uni\u00f3 &#8222;kombin\u00e1lt v\u00e1mt\u00e9rs\u00e9get&#8221; alkotna.<br \/>\n    Johnson nem el\u0151sz\u00f6r fordult szembe saj\u00e1t korm\u00e1nya \u00e9s minisztereln\u00f6ke Brexit-politik\u00e1j\u00e1val. N\u00e9h\u00e1ny hete &#8222;\u0151r\u00fclts\u00e9gnek&#8221; nevezte Theresa May azon kezdem\u00e9nyez\u00e9s\u00e9t, hogy Nagy-Britannia a brit EU-tags\u00e1g megsz\u0171n\u00e9se ut\u00e1n is tartson fenn az uni\u00f3val valamilyen v\u00e1muni\u00f3s mechanizmust, elker\u00fclend\u0151, hogy \u00c9szak-\u00cdrorsz\u00e1g \u00e9s \u00cdrorsz\u00e1g jelenleg teljesen nyitott hat\u00e1r\u00e1n &#8211; amely a Brexit ut\u00e1n az EU \u00e9s az Egyes\u00fclt Kir\u00e1lys\u00e1g egyetlen sz\u00e1razf\u00f6ldi v\u00e1mhat\u00e1ra lesz &#8211; fizikai v\u00e1mellen\u0151rz\u00e9st kelljen ism\u00e9t meghonos\u00edtani.<br \/>\n    A tervr\u0151l Johnson a Daily Mail c\u00edm\u0171 konzervat\u00edv, er\u0151sen EU-ellenes ir\u00e1nyvonal\u00fa brit t\u00f6meglapnak nyilatkozva m\u00e1jusban kijelentette: ha Nagy-Britannia v\u00e1mpartners\u00e9gi kapcsolatrendszert hoz l\u00e9tre az EU-val a Brexit ut\u00e1n, abb\u00f3l &#8222;egy olyan \u0151r\u00fclt rendszer sz\u00fcletne&#8221;, amelyben London az Eur\u00f3pai Uni\u00f3 nev\u00e9ben szedne be v\u00e1mokat a brit hat\u00e1ron \u00e1tl\u00e9p\u0151 import\u00e1ruk ut\u00e1n.<br \/>\n    A volt k\u00fcl\u00fcgyminiszter nem egyszer kabinetbeli koll\u00e9g\u00e1it is b\u00edr\u00e1lta. Legut\u00f3bb j\u00fanius v\u00e9g\u00e9n, egy londoni \u00fczleti rendezv\u00e9nyen &#8211; szavait nem a nyilv\u00e1noss\u00e1gnak sz\u00e1nva &#8211; azt mondta, hogy a Philip Hammond vezette p\u00e9nz\u00fcgyminiszt\u00e9rium a brit EU-tags\u00e1g fenntart\u00e1s\u00e1ra t\u00f6rekv\u0151 t\u00e1bor k\u00f6zpontja. Johnson r\u00f6gz\u00edtett, majd kisziv\u00e1rogtatott megjegyz\u00e9sei szerint a p\u00e9nz\u00fcgyminiszt\u00e9rium annyira f\u00e9l a r\u00f6vid t\u00e1v\u00fa gazdas\u00e1gi fennakad\u00e1sokt\u00f3l, hogy ezek elker\u00fcl\u00e9se v\u00e9gett fel\u00e1ldozza a Brexitt\u0151l v\u00e1rhat\u00f3 k\u00f6z\u00e9p- \u00e9s hossz\u00fa t\u00e1v\u00fa gazdas\u00e1gi el\u0151ny\u00f6ket is.<br \/>\n    Johnson 2016-ban, Cameron lemond\u00e1sa ut\u00e1n maga is indulni k\u00edv\u00e1nt a minisztereln\u00f6ki tiszts\u00e9g\u00e9rt, \u00e1m saj\u00e1t kamp\u00e1nymenedzsere, Michael Gove jelenlegi k\u00f6rnyezetv\u00e9delmi, \u00e9lelmiszer- \u00e9s vid\u00e9k\u00fcgyi miniszter az utols\u00f3 pillanatban megvonta t\u0151le t\u00e1mogat\u00e1s\u00e1t \u00e9s bejelentette saj\u00e1t indul\u00e1si sz\u00e1nd\u00e9k\u00e1t.<br \/>\n    Ezut\u00e1n Boris Johnson nem indult a korm\u00e1nyf\u0151i poszt\u00e9rt, Gove pedig a m\u00e1sodik v\u00e1laszt\u00e1si fordul\u00f3ban kiesett. Theresa Mayt a d\u00f6nt\u0151 fordul\u00f3ban &#8211; utols\u00f3 vet\u00e9lyt\u00e1rs\u00e1nak visszal\u00e9p\u00e9se ut\u00e1n &#8211; egyed\u00fcli indul\u00f3k\u00e9nt minisztereln\u00f6kk\u00e9 v\u00e1lasztotta a tory frakci\u00f3.(MTI)<\/p>\n","protected":false},"excerpt":{"rendered":"<p>Lemondott h\u00e9tf\u0151n Boris Johnson, Nagy-Britannia eddigi k\u00fcl\u00fcgyminisztere, n\u00e9h\u00e1ny \u00f3r\u00e1val azut\u00e1n, hogy a brit EU-tags\u00e1g megsz\u0171n\u00e9s\u00e9nek folyamat\u00e1t ir\u00e1ny\u00edt\u00f3 miniszt\u00e9rium (DExEU) volt vezet\u0151je, David Davis is bejelentette t\u00e1voz\u00e1s\u00e1t. Theresa May minisztereln\u00f6k mindkett\u0151j\u00fck lemond\u00e1s\u00e1t elfogadta.<\/p>\n","protected":false},"author":1,"featured_media":0,"comment_status":"closed","ping_status":"open","sticky":false,"template":"","format":"standard","meta":[],"categories":[12],"tags":[],"_links":{"self":[{"href":"https:\/\/gazdasagportal.hu\/index.php\/wp-json\/wp\/v2\/posts\/106925"}],"collection":[{"href":"https:\/\/gazdasagportal.hu\/index.php\/wp-json\/wp\/v2\/posts"}],"about":[{"href":"https:\/\/gazdasagportal.hu\/index.php\/wp-json\/wp\/v2\/types\/post"}],"author":[{"embeddable":true,"href":"https:\/\/gazdasagportal.hu\/index.php\/wp-json\/wp\/v2\/users\/1"}],"replies":[{"embeddable":true,"href":"https:\/\/gazdasagportal.hu\/index.php\/wp-json\/wp\/v2\/comments?post=106925"}],"version-history":[{"count":1,"href":"https:\/\/gazdasagportal.hu\/index.php\/wp-json\/wp\/v2\/posts\/106925\/revisions"}],"predecessor-version":[{"id":106926,"href":"https:\/\/gazdasagportal.hu\/index.php\/wp-json\/wp\/v2\/posts\/106925\/revisions\/106926"}],"wp:attachment":[{"href":"https:\/\/gazdasagportal.hu\/index.php\/wp-json\/wp\/v2\/media?parent=106925"}],"wp:term":[{"taxonomy":"category","embeddable":true,"href":"https:\/\/gazdasagportal.hu\/index.php\/wp-json\/wp\/v2\/categories?post=106925"},{"taxonomy":"post_tag","embeddable":true,"href":"https:\/\/gazdasagportal.hu\/index.php\/wp-json\/wp\/v2\/tags?post=106925"}],"curies":[{"name":"wp","href":"https:\/\/api.w.org\/{rel}","templated":true}]}}