{"id":106915,"date":"2018-07-09T15:32:49","date_gmt":"2018-07-09T13:32:49","guid":{"rendered":"http:\/\/gazdasagportal.hu\/?p=106915"},"modified":"2018-07-09T15:32:49","modified_gmt":"2018-07-09T13:32:49","slug":"amerikai-importvamok-megemelte-arait-kinaban-a-tesla","status":"publish","type":"post","link":"https:\/\/gazdasagportal.hu\/index.php\/amerikai-importvamok-megemelte-arait-kinaban-a-tesla\/","title":{"rendered":"Amerikai importv\u00e1mok &#8211; Megemelte \u00e1rait K\u00edn\u00e1ban a Tesla"},"content":{"rendered":"<p><strong>A Tesla h\u00fasz-, harmincezer doll\u00e1rral n\u00f6velte K\u00edn\u00e1ban k\u00e9t elektromos modellje, a Model X \u00e9s a Model S\u00a0\u00a0\u00e1r\u00e1t a k\u00ednai importv\u00e1mok emel\u00e9se miatt &#8211; sz\u00e1molt be h\u00e9tf\u0151n az Electrek aut\u00f3ipari szakmai h\u00edrport\u00e1l.<\/strong><!--more--><\/p>\n<div class=\"ads-in-post1\"><div id=\"gazdasagportal.hu_fullbanner_wideboard\"><\/div>\r\n<\/div>\n<p>A Tesla a h\u00e9t v\u00e9g\u00e9n 150 ezer \u00e9s 250 ezer j\u00fcan (22,6-37,6 ezer doll\u00e1r) k\u00f6z\u00f6tti \u00f6sszeggel emelte meg a k\u00e9t modell \u00e1r\u00e1t, kivitelt\u0151l f\u00fcgg\u0151en.<br \/>\nA Tesla m\u00e1jusban jelentette be, hogy hat sz\u00e1zal\u00e9kkal cs\u00f6kkenti a Model X \u00e9s Model S aut\u00f3k \u00e1r\u00e1t K\u00edn\u00e1ban a korm\u00e1ny j\u00falius elej\u00e9re \u00edg\u00e9rt importv\u00e1m-cs\u00f6kkent\u00e9s\u00e9vel p\u00e1rhuzamosan, \u00e9s az \u00e1rcs\u00f6kkent\u00e9st az orsz\u00e1gba m\u00e1r be\u00e9rkezett k\u00e9szletekre is \u00e9rv\u00e9nyes\u00edti.<br \/>\nA k\u00ednai korm\u00e1ny ugyanis j\u00falius elsej\u00e9n cs\u00f6kkentette volna az import\u00e1lt aut\u00f3k v\u00e1mt\u00e9tel\u00e9t 25 sz\u00e1zal\u00e9kr\u00f3l 15 sz\u00e1zal\u00e9kra, az amerikai importv\u00e1mok m\u00falt heti megemel\u00e9s\u00e9re v\u00e1laszul azonban a v\u00e1mt\u00e9telt 40 sz\u00e1zal\u00e9kra emelte. A kereskedelmi h\u00e1bor\u00fa kirobbant\u00e1sa, az importv\u00e1mok 25 sz\u00e1zal\u00e9kra emel\u00e9se el\u0151tt az Egyes\u00fclt \u00c1llamok 2,5 sz\u00e1zal\u00e9k importv\u00e1mot vetett ki a szem\u00e9lyg\u00e9pkocsikra, m\u00edg az EU 10 sz\u00e1zal\u00e9kot, K\u00edna pedig 25 sz\u00e1zal\u00e9kot az amerikai aut\u00f3k importj\u00e1ra.<br \/>\n<div class=\"ads-in-post2\"><script async src=\"https:\/\/pagead2.googlesyndication.com\/pagead\/js\/adsbygoogle.js\"><\/script>\r\n<ins class=\"adsbygoogle\"\r\n     style=\"display:block\"\r\n     data-ad-format=\"fluid\"\r\n     data-ad-layout-key=\"-6t+ed+2i-1n-4w\"\r\n     data-ad-client=\"ca-pub-1959107119989764\"\r\n     data-ad-slot=\"4008251320\"><\/ins>\r\n<script>\r\n     (adsbygoogle = window.adsbygoogle || []).push({});\r\n<\/script><\/div>\nA Tesl\u00e1nak nagyon j\u00f3l ment az \u00fczlet K\u00edn\u00e1ban m\u00e9g a 25 sz\u00e1zal\u00e9kos importv\u00e1mokkal egy\u00fctt is, hiszen tavaly k\u00e9tmilli\u00e1rd doll\u00e1rra megdupl\u00e1zta elad\u00e1sait. A Tesla messze a legsikeresebb k\u00fclf\u00f6ldi elektromosaut\u00f3-m\u00e1rka K\u00edn\u00e1ban. Az importv\u00e1mok megemel\u00e9se azonban a m\u00e1rk\u00e1k k\u00f6z\u00fcl \u00e9ppen a Tesl\u00e1t \u00e9rintette a leg\u00e9rz\u00e9kenyebben, hiszen nem rendelkezik helyi gy\u00e1rt\u00e1ssal \u00e9s nem folytat egy\u00fcttm\u0171k\u00f6d\u00e9st helyi partnerrel sem. Jelenleg azonban a Tesla t\u00e1rgyal\u00e1sokat folytat egy &#8222;gigafactory&#8221; \u00e9p\u00edt\u00e9s\u00e9r\u0151l K\u00edn\u00e1ban.<br \/>\n<a title=\"Hely megnyit\u00e1sa\" href=\"https:\/\/electrek.co\/2018\/07\/09\/tesla-increases-price-model-s-model-x-china-new-trade-war-tariffs\/\" target=\"_blank\" rel=\"noopener noreferrer\">https:\/\/electrek.co\/2018\/07\/09\/tesla-increases-price-model-s-model-x-china-new-trade-war-tariffs\/<\/a><\/p>\n<p>&nbsp;<br \/>\n(MTI)<\/p><div id=\"gazda-1416704492\" class=\"gazda-tartalomban gazda-entity-placement\"><script async src=\"https:\/\/pagead2.googlesyndication.com\/pagead\/js\/adsbygoogle.js\"><\/script>\r\n<ins class=\"adsbygoogle\"\r\n     style=\"display:block\"\r\n     data-ad-format=\"fluid\"\r\n     data-ad-layout-key=\"-6t+ed+2i-1n-4w\"\r\n     data-ad-client=\"ca-pub-1959107119989764\"\r\n     data-ad-slot=\"4008251320\"><\/ins>\r\n<script>\r\n     (adsbygoogle = window.adsbygoogle || []).push({});\r\n<\/script><\/div>\n","protected":false},"excerpt":{"rendered":"<p>A Tesla h\u00fasz-, harmincezer doll\u00e1rral n\u00f6velte K\u00edn\u00e1ban k\u00e9t elektromos modellje, a Model X \u00e9s a Model S\u00a0\u00a0\u00e1r\u00e1t a k\u00ednai importv\u00e1mok emel\u00e9se miatt &#8211; sz\u00e1molt be h\u00e9tf\u0151n az Electrek aut\u00f3ipari szakmai h\u00edrport\u00e1l.<\/p>\n","protected":false},"author":1,"featured_media":0,"comment_status":"closed","ping_status":"open","sticky":false,"template":"","format":"standard","meta":[],"categories":[8,246],"tags":[],"_links":{"self":[{"href":"https:\/\/gazdasagportal.hu\/index.php\/wp-json\/wp\/v2\/posts\/106915"}],"collection":[{"href":"https:\/\/gazdasagportal.hu\/index.php\/wp-json\/wp\/v2\/posts"}],"about":[{"href":"https:\/\/gazdasagportal.hu\/index.php\/wp-json\/wp\/v2\/types\/post"}],"author":[{"embeddable":true,"href":"https:\/\/gazdasagportal.hu\/index.php\/wp-json\/wp\/v2\/users\/1"}],"replies":[{"embeddable":true,"href":"https:\/\/gazdasagportal.hu\/index.php\/wp-json\/wp\/v2\/comments?post=106915"}],"version-history":[{"count":1,"href":"https:\/\/gazdasagportal.hu\/index.php\/wp-json\/wp\/v2\/posts\/106915\/revisions"}],"predecessor-version":[{"id":106916,"href":"https:\/\/gazdasagportal.hu\/index.php\/wp-json\/wp\/v2\/posts\/106915\/revisions\/106916"}],"wp:attachment":[{"href":"https:\/\/gazdasagportal.hu\/index.php\/wp-json\/wp\/v2\/media?parent=106915"}],"wp:term":[{"taxonomy":"category","embeddable":true,"href":"https:\/\/gazdasagportal.hu\/index.php\/wp-json\/wp\/v2\/categories?post=106915"},{"taxonomy":"post_tag","embeddable":true,"href":"https:\/\/gazdasagportal.hu\/index.php\/wp-json\/wp\/v2\/tags?post=106915"}],"curies":[{"name":"wp","href":"https:\/\/api.w.org\/{rel}","templated":true}]}}