{"id":106898,"date":"2018-07-09T11:04:37","date_gmt":"2018-07-09T09:04:37","guid":{"rendered":"http:\/\/gazdasagportal.hu\/?p=106898"},"modified":"2018-07-09T11:04:37","modified_gmt":"2018-07-09T09:04:37","slug":"tobbszorosere-nott-a-torokorszagi-vasuti-szerencsetlenseg-aldozatainak-szama","status":"publish","type":"post","link":"https:\/\/gazdasagportal.hu\/index.php\/tobbszorosere-nott-a-torokorszagi-vasuti-szerencsetlenseg-aldozatainak-szama\/","title":{"rendered":"T\u00f6bbsz\u00f6r\u00f6s\u00e9re n\u0151tt a t\u00f6r\u00f6korsz\u00e1gi vas\u00fati szerencs\u00e9tlens\u00e9g \u00e1ldozatainak sz\u00e1ma"},"content":{"rendered":"<p><strong>T\u00f6bbsz\u00f6r\u00f6s\u00e9re n\u0151tt az \u00e9szaknyugat-t\u00f6r\u00f6korsz\u00e1gi Corlu k\u00f6rzetben vas\u00e1rnap t\u00f6rt\u00e9nt vas\u00fati szerencs\u00e9tlens\u00e9g \u00e1ldozatainak a sz\u00e1ma. A balesetben 24 ember meghalt, 318 pedig megs\u00e9r\u00fclt &#8211; nyilatkozta h\u00e9tf\u0151i sajt\u00f3t\u00e1j\u00e9koztat\u00f3j\u00e1n Recep Akdag minisztereln\u00f6k-helyettes.<\/strong><!--more--><\/p>\n<div class=\"ads-in-post1\"><div id=\"gazdasagportal.hu_fullbanner_wideboard\"><\/div>\r\n<\/div>\n<p>    Hozz\u00e1tette: a s\u00e9r\u00fcltek k\u00f6z\u00fcl 124-et tov\u00e1bbra is megfigyel\u00e9s alatt tartanak, de 194 embert m\u00e1r hazaengedtek a k\u00f3rh\u00e1zb\u00f3l. Akdag egy\u00fattal bejelentette, hogy a ment\u00e9si munka h\u00e9tf\u0151 reggelre v\u00e9get \u00e9rt.<br \/>\n    A szerelv\u00e9ny a g\u00f6r\u00f6g hat\u00e1r k\u00f6zel\u00e9ben tal\u00e1lhat\u00f3 Edirne tartom\u00e1ny Uzunk\u00f6pr\u00fc k\u00f6rzet\u00e9b\u0151l tartott Isztambulba, amikor Tekirdag (Rodost\u00f3) tartom\u00e1ny Corlu k\u00f6rzet\u00e9ben kisiklott.<br \/>\n    Akdag meger\u0151s\u00edtette azt a kor\u00e1bbi \u00e9rtes\u00fcl\u00e9st, hogy a szerencs\u00e9tlens\u00e9get a rendk\u00edv\u00fcli es\u0151z\u00e9s okozta, amely egy szakaszon al\u00e1mosta a vas\u00fati p\u00e1ly\u00e1t. Az Ihlas t\u00f6r\u00f6k h\u00edr\u00fcgyn\u00f6ks\u00e9g felv\u00e9telein vas\u00e1rnap l\u00e1that\u00f3 volt, hogy a s\u00ednek az al\u00e1t\u00e1maszt\u00e1s hi\u00e1ny\u00e1ban meghajoltak.<br \/>\n    Ahmet Arslan k\u00f6zleked\u00e9si miniszter ugyanazon a sajt\u00f3t\u00e1j\u00e9koztat\u00f3n k\u00f6z\u00f6lte: a p\u00e1ly\u00e1t \u00e9vente egyszer kell fel\u00fclvizsg\u00e1lni, ami az adott szakaszon legut\u00f3bb \u00e1prilisban meg is t\u00f6rt\u00e9nt. R\u00e1mutatott: vas\u00e1rnap a d\u00e9lut\u00e1ni \u00f3r\u00e1kban f\u00e9l \u00f3ra alatt 32 millim\u00e9ternyi es\u0151 z\u00fadult a sz\u00f3ban forg\u00f3 ter\u00fcletre. A mozdonyvezet\u0151 t\u00e1volr\u00f3l nem l\u00e1thatta a s\u00ednp\u00e1lya alatt k\u00e9pz\u0151d\u00f6tt \u0171rt &#8211; hangs\u00falyozta.<br \/>\n<div class=\"ads-in-post2\"><script async src=\"https:\/\/pagead2.googlesyndication.com\/pagead\/js\/adsbygoogle.js\"><\/script>\r\n<ins class=\"adsbygoogle\"\r\n     style=\"display:block\"\r\n     data-ad-format=\"fluid\"\r\n     data-ad-layout-key=\"-6t+ed+2i-1n-4w\"\r\n     data-ad-client=\"ca-pub-1959107119989764\"\r\n     data-ad-slot=\"4008251320\"><\/ins>\r\n<script>\r\n     (adsbygoogle = window.adsbygoogle || []).push({});\r\n<\/script><\/div>\n    A vonaton 362 utas \u00e9s hat f\u0151nyi szem\u00e9lyzet tart\u00f3zkodott. A baleset sor\u00e1n a mozdony a p\u00e1ly\u00e1n maradt, de a szerelv\u00e9ny mind a hat kocsija kisiklott, \u00f6t fel is borult.<br \/>\n    A szerencs\u00e9tlens\u00e9g helysz\u00edne a legk\u00f6zelebbi k\u00f6z\u00fatt\u00f3l h\u00e1rom kilom\u00e9terre tal\u00e1lhat\u00f3, \u00edgy megk\u00f6zel\u00edt\u00e9se nagyon neh\u00e9z volt. R\u00e1ad\u00e1sul a talaj is 20-30 centim\u00e9ter m\u00e9lyen \u00e1t\u00e1zott, ez\u00e9rt a hat\u00f3s\u00e1gok a ment\u00e9st el\u0151sz\u00f6r helikopterekkel \u00e9s l\u00e1nctalpas j\u00e1rm\u0171vekkel kezdt\u00e9k meg. A helyi gazd\u00e1lkod\u00f3k traktoraikkal seg\u00edtett\u00e9k a munk\u00e1t. K\u00e9s\u0151bb munkag\u00e9pek \u00e9s ment\u0151aut\u00f3k is nagy sz\u00e1mban eljutottak a helysz\u00ednre.(MTI)<\/p>\n","protected":false},"excerpt":{"rendered":"<p>T\u00f6bbsz\u00f6r\u00f6s\u00e9re n\u0151tt az \u00e9szaknyugat-t\u00f6r\u00f6korsz\u00e1gi Corlu k\u00f6rzetben vas\u00e1rnap t\u00f6rt\u00e9nt vas\u00fati szerencs\u00e9tlens\u00e9g \u00e1ldozatainak a sz\u00e1ma. A balesetben 24 ember meghalt, 318 pedig megs\u00e9r\u00fclt &#8211; nyilatkozta h\u00e9tf\u0151i sajt\u00f3t\u00e1j\u00e9koztat\u00f3j\u00e1n Recep Akdag minisztereln\u00f6k-helyettes.<\/p>\n","protected":false},"author":1,"featured_media":0,"comment_status":"closed","ping_status":"open","sticky":false,"template":"","format":"standard","meta":[],"categories":[12],"tags":[],"_links":{"self":[{"href":"https:\/\/gazdasagportal.hu\/index.php\/wp-json\/wp\/v2\/posts\/106898"}],"collection":[{"href":"https:\/\/gazdasagportal.hu\/index.php\/wp-json\/wp\/v2\/posts"}],"about":[{"href":"https:\/\/gazdasagportal.hu\/index.php\/wp-json\/wp\/v2\/types\/post"}],"author":[{"embeddable":true,"href":"https:\/\/gazdasagportal.hu\/index.php\/wp-json\/wp\/v2\/users\/1"}],"replies":[{"embeddable":true,"href":"https:\/\/gazdasagportal.hu\/index.php\/wp-json\/wp\/v2\/comments?post=106898"}],"version-history":[{"count":1,"href":"https:\/\/gazdasagportal.hu\/index.php\/wp-json\/wp\/v2\/posts\/106898\/revisions"}],"predecessor-version":[{"id":106899,"href":"https:\/\/gazdasagportal.hu\/index.php\/wp-json\/wp\/v2\/posts\/106898\/revisions\/106899"}],"wp:attachment":[{"href":"https:\/\/gazdasagportal.hu\/index.php\/wp-json\/wp\/v2\/media?parent=106898"}],"wp:term":[{"taxonomy":"category","embeddable":true,"href":"https:\/\/gazdasagportal.hu\/index.php\/wp-json\/wp\/v2\/categories?post=106898"},{"taxonomy":"post_tag","embeddable":true,"href":"https:\/\/gazdasagportal.hu\/index.php\/wp-json\/wp\/v2\/tags?post=106898"}],"curies":[{"name":"wp","href":"https:\/\/api.w.org\/{rel}","templated":true}]}}