{"id":106881,"date":"2018-07-09T08:01:43","date_gmt":"2018-07-09T06:01:43","guid":{"rendered":"http:\/\/gazdasagportal.hu\/?p=106881"},"modified":"2018-07-09T08:01:43","modified_gmt":"2018-07-09T06:01:43","slug":"lemondott-a-brit-brexit-ugyi-miniszter","status":"publish","type":"post","link":"https:\/\/gazdasagportal.hu\/index.php\/lemondott-a-brit-brexit-ugyi-miniszter\/","title":{"rendered":"Lemondott a brit Brexit-\u00fcgyi miniszter"},"content":{"rendered":"<p><strong>Beny\u00fajtotta lemond\u00e1s\u00e1t h\u00e9tf\u0151 hajnalban David Davis, aki eddig a brit EU-tags\u00e1g megsz\u0171n\u00e9s\u00e9nek folyamat\u00e1t ir\u00e1ny\u00edt\u00f3 brit miniszt\u00e9riumot (DExEU) vezette. L\u00e9p\u00e9s\u00e9t azzal indokolta, hogy v\u00e9lem\u00e9nye szerint a korm\u00e1ny Brexit-politik\u00e1j\u00e1nak ir\u00e1nya \u00e9s taktik\u00e1ja miatt mind kev\u00e9sb\u00e9 val\u00f3sz\u00edn\u0171 a brit EU-tags\u00e1gr\u00f3l k\u00e9t \u00e9ve tartott &#8211; a kil\u00e9p\u00e9st p\u00e1rtol\u00f3k sz\u0171k, 51,9 sz\u00e1zal\u00e9kos ar\u00e1ny\u00fa gy\u0151zelm\u00e9vel v\u00e9gz\u0151d\u00f6tt &#8211; n\u00e9pszavaz\u00e1s d\u00f6nt\u00e9s\u00e9nek marad\u00e9ktalan v\u00e9grehajt\u00e1sa.<\/strong><!--more--><\/p>\n<div class=\"ads-in-post1\"><div id=\"gazdasagportal.hu_fullbanner_wideboard\"><\/div>\r\n<\/div>\n<p>    A Brexit-\u00fcgyi t\u00e1rc\u00e1t a referendum ut\u00e1n hozt\u00e1k l\u00e9tre, \u00e9s h\u00e9tf\u0151i lemond\u00e1s\u00e1ig Davis \u00e1llt az \u00e9l\u00e9n.<br \/>\n    Korm\u00e1nyzati forr\u00e1sok szerint t\u00e1vozott tiszts\u00e9g\u00e9b\u0151l Steve Baker, a DExEU-t\u00e1rca parlamenti \u00e1llamtitk\u00e1ra is, aki e min\u0151s\u00e9g\u00e9ben gyakorlatilag Davis helyettese volt.<br \/>\n    David Davis Brexit-\u00fcgyi miniszterk\u00e9nt szem\u00e9lyesen t\u00e1rgyalt Michel Barnier-val, az Eur\u00f3pai Bizotts\u00e1g Brexit-\u00fcgyi f\u0151t\u00e1rgyal\u00f3j\u00e1val a brit kil\u00e9p\u00e9s felt\u00e9telrendszer\u00e9nek kialak\u00edt\u00e1s\u00e1r\u00f3l foly\u00f3 t\u00e1rgyal\u00e1ssorozat egyes fordul\u00f3inak f\u0151bb t\u00e9mak\u00f6reir\u0151l.<br \/>\n    Davis a korm\u00e1nyz\u00f3 brit Konzervat\u00edv P\u00e1rt \u00e9s a korm\u00e1ny kem\u00e9nyvonalas Brexit-p\u00e1rti t\u00e1bor\u00e1nak egyik sz\u00f3sz\u00f3l\u00f3ja volt, Boris Johnson k\u00fcl\u00fcgyminiszterrel \u00e9s Liam Fox k\u00fclkereskedelmi miniszterrel egy\u00fctt.<br \/>\n<div class=\"ads-in-post2\"><script async src=\"https:\/\/pagead2.googlesyndication.com\/pagead\/js\/adsbygoogle.js\"><\/script>\r\n<ins class=\"adsbygoogle\"\r\n     style=\"display:block\"\r\n     data-ad-format=\"fluid\"\r\n     data-ad-layout-key=\"-6t+ed+2i-1n-4w\"\r\n     data-ad-client=\"ca-pub-1959107119989764\"\r\n     data-ad-slot=\"4008251320\"><\/ins>\r\n<script>\r\n     (adsbygoogle = window.adsbygoogle || []).push({});\r\n<\/script><\/div>\n    Lemond\u00e1s\u00e1t alig k\u00e9t nappal azut\u00e1n jelentette be, hogy Theresa May minisztereln\u00f6k \u00e9s kabinetj\u00e9nek tagjai javaslatcsomagot fogadtak el az Eur\u00f3pai Uni\u00f3val a brit EU-tags\u00e1g megsz\u0171n\u00e9se ut\u00e1n fenntartand\u00f3 kereskedelmi kapcsolatok szab\u00e1lyoz\u00e1s\u00e1r\u00f3l.<br \/>\n    Az Eur\u00f3pai Bizotts\u00e1g sz\u00e1m\u00e1ra kidolgozott leg\u00fajabb brit korm\u00e1nyzati ind\u00edtv\u00e1ny egyik legsarkalatosabb eleme az, hogy London k\u00f6z\u00f6s szabadkereskedelmi t\u00e9rs\u00e9g l\u00e9trehoz\u00e1s\u00e1t javasolja az EU-nak a fizikai \u00e1ruk forgalm\u00e1nak szab\u00e1lyoz\u00e1s\u00e1ra, biztos\u00edtva a &#8222;s\u00farl\u00f3d\u00e1smentes&#8221; kereskedelmet Nagy-Britannia \u00e9s az EU k\u00f6z\u00f6tt a Brexit ut\u00e1n is.<br \/>\n    A brit korm\u00e1ny ind\u00edtv\u00e1nya szerint London \u00e9s az EU k\u00f6z\u00f6s szab\u00e1lygy\u0171jtem\u00e9nyt tartana fenn minden \u00e1ruf\u00e9les\u00e9g k\u00e9toldal\u00fa forgalm\u00e1ra. Emellett fokozatosan kialak\u00edtan\u00e1nak egy olyan v\u00e1mszab\u00e1lyoz\u00e1si rendszert is, amelyben sz\u00fcks\u00e9gtelen lenne a v\u00e1mellen\u0151rz\u00e9s a k\u00e9toldal\u00fa kereskedelemben, olyan m\u00f3don, mintha Nagy-Britannia \u00e9s az Eur\u00f3pai Uni\u00f3 &#8222;kombin\u00e1lt v\u00e1mt\u00e9rs\u00e9get&#8221; alkotna.<br \/>\n    A brit korm\u00e1ny a h\u00e9ten r\u00e9szletesen is el\u0151terjeszti javaslatait egy 120 oldalas feh\u00e9r k\u00f6nyvben.<br \/>\n    Theresa May a brit minisztereln\u00f6k\u00f6k vid\u00e9ki rezidenci\u00e1j\u00e1n, Chequersben tartott 12 \u00f3r\u00e1s p\u00e9nteki korm\u00e1ny\u00fcl\u00e9s ut\u00e1n a BBC-nek nyilatkozva kijelentette, hogy javaslatot a kabinet kollekt\u00edv d\u00f6nt\u00e9ssel hagyta j\u00f3v\u00e1.<br \/>\n    Ez azt jelenti, hogy David Davis \u00e9s Boris Johnson is elfogadta az ind\u00edtv\u00e1nycsomagot, b\u00e1r a k\u00fcl\u00fcgyminiszter h\u00e9tv\u00e9gi londoni sajt\u00f3besz\u00e1mol\u00f3k szerint keresetlen &#8211; enyh\u00e9bb tr\u00e1g\u00e1rs\u00e1gokat sem n\u00e9lk\u00fcl\u00f6z\u0151 &#8211; kifejez\u00e9sekkel illette a dokumentumot.<br \/>\n    A chequersi korm\u00e1ny\u00fcl\u00e9sen elfogadott \u00faj javaslatcsomag \u00f6sszess\u00e9g\u00e9ben ugyanis j\u00f3val szorosabb j\u00f6v\u0151beni kapcsolattart\u00e1st ind\u00edtv\u00e1nyoz az Eur\u00f3pai Uni\u00f3val, mint amilyent a kem\u00e9nyvonalas tory Brexit-t\u00e1bor l\u00e1tni szeretett volna.<br \/>\n    Ezt t\u00fckr\u00f6zi David Davis Theresa Mayhez int\u00e9zett, h\u00e9tf\u0151 hajnalban nyilv\u00e1noss\u00e1gra hozott levele is, amelyben lemond\u00e1s\u00e1t a volt Brexit-miniszter egyebek mellett azzal a v\u00e9lem\u00e9ny\u00e9vel indokolta, hogy a chequersi dokumentumban javasolt k\u00f6z\u00f6s \u00e1ruforgalmi szab\u00e1lygy\u0171jtem\u00e9ny kiterjedt ellen\u0151rz\u00e9st enged az Eur\u00f3pai Uni\u00f3nak a brit gazdas\u00e1g felett, \u00e9s \u00edgy nyilv\u00e1nval\u00f3an semmilyen \u00e9rtelemben nem tenn\u00e9 lehet\u0151v\u00e9 a brit t\u00f6rv\u00e9nyalkot\u00e1s feletti ellen\u0151rz\u00e9s visszaszerz\u00e9s\u00e9t.<br \/>\n    David Davis levele szerint a korm\u00e1ny \u00e1ltal\u00e1nos Brexit-politikai ir\u00e1nyvonala a legjobb esetben is gyenge t\u00e1rgyal\u00e1si poz\u00edci\u00f3t eredm\u00e9nyez London sz\u00e1m\u00e1ra.<br \/>\n    Theresa May v\u00e1laszlevel\u00e9ben k\u00f6z\u00f6lte, hogy nem \u00e9rt egyet Davis helyzet\u00e9rt\u00e9kel\u00e9s\u00e9vel. A korm\u00e1nyf\u0151 szerint ugyanis a kidolgozott javaslatcsomag megk\u00e9rd\u0151jelezhetetlen\u00fcl d\u00f6nt\u00e9si jogk\u00f6r\u00f6ket telep\u00edt vissza Br\u00fcsszelt\u0151l Londonba, \u00e9s az uni\u00f3s jog k\u00f6zvetlen hat\u00e1lya megsz\u0171nik, amint az Egyes\u00fclt Kir\u00e1lys\u00e1g kil\u00e9p az EU-b\u00f3l.<br \/>\n    Egybehangz\u00f3 brit sajt\u00f3\u00e9rtes\u00fcl\u00e9sek szerint azonban az als\u00f3h\u00e1zi konzervat\u00edv frakci\u00f3 Brexit-p\u00e1rti t\u00e1bora is l\u00e1zadozik, \u00e9s a frakci\u00f3n bel\u00fcl \u00e1ll\u00edt\u00f3lag terjed egy lev\u00e9l, amely a vezet\u0151v\u00e1lt\u00e1si folyamat elind\u00edt\u00e1s\u00e1nak t\u00e1mogat\u00e1s\u00e1ra biztatja a k\u00e9pvisel\u0151ket.<br \/>\n    A Konzervat\u00edv P\u00e1rt szab\u00e1lyk\u00f6nyve szerint ehhez az als\u00f3h\u00e1zi k\u00e9pvisel\u0151csoport legal\u00e1bb 15 sz\u00e1zal\u00e9k\u00e1nak csatlakoz\u00e1sa sz\u00fcks\u00e9ges. Ez azt jelenti, hogy minimum 48 k\u00e9pvisel\u0151nek kellene al\u00e1\u00edr\u00e1s\u00e1t adnia egy ilyen kezdem\u00e9nyez\u00e9shez.<br \/>\n    Ha a minim\u00e1lis t\u00e1mogat\u00e1s meglenne, a bizalmatlans\u00e1gi ind\u00edtv\u00e1nyt teljes k\u00f6r\u0171 frakci\u00f3szavaz\u00e1sra kellene bocs\u00e1tani, \u00e9s a frakci\u00f3 egyszer\u0171 t\u00f6bbs\u00e9g\u00e9nek &#8211; a jelenlegi l\u00e9tsz\u00e1m alapj\u00e1n 159 tory k\u00e9pvisel\u0151nek &#8211; t\u00e1mogatnia kellene ahhoz, hogy Theresa May t\u00e1vozzon a p\u00e1rt \u00e9l\u00e9r\u0151l \u00e9s \u00edgy a korm\u00e1nyf\u0151i tiszts\u00e9gb\u0151l is.(MTI)<\/p>\n","protected":false},"excerpt":{"rendered":"<p>Beny\u00fajtotta lemond\u00e1s\u00e1t h\u00e9tf\u0151 hajnalban David Davis, aki eddig a brit EU-tags\u00e1g megsz\u0171n\u00e9s\u00e9nek folyamat\u00e1t ir\u00e1ny\u00edt\u00f3 brit miniszt\u00e9riumot (DExEU) vezette. L\u00e9p\u00e9s\u00e9t azzal indokolta, hogy v\u00e9lem\u00e9nye szerint a korm\u00e1ny Brexit-politik\u00e1j\u00e1nak ir\u00e1nya \u00e9s taktik\u00e1ja miatt mind kev\u00e9sb\u00e9 val\u00f3sz\u00edn\u0171 a brit EU-tags\u00e1gr\u00f3l k\u00e9t \u00e9ve tartott &#8211; a kil\u00e9p\u00e9st p\u00e1rtol\u00f3k sz\u0171k, 51,9 sz\u00e1zal\u00e9kos ar\u00e1ny\u00fa gy\u0151zelm\u00e9vel v\u00e9gz\u0151d\u00f6tt &#8211; n\u00e9pszavaz\u00e1s d\u00f6nt\u00e9s\u00e9nek marad\u00e9ktalan v\u00e9grehajt\u00e1sa.<\/p>\n","protected":false},"author":1,"featured_media":0,"comment_status":"closed","ping_status":"open","sticky":false,"template":"","format":"standard","meta":[],"categories":[12],"tags":[],"_links":{"self":[{"href":"https:\/\/gazdasagportal.hu\/index.php\/wp-json\/wp\/v2\/posts\/106881"}],"collection":[{"href":"https:\/\/gazdasagportal.hu\/index.php\/wp-json\/wp\/v2\/posts"}],"about":[{"href":"https:\/\/gazdasagportal.hu\/index.php\/wp-json\/wp\/v2\/types\/post"}],"author":[{"embeddable":true,"href":"https:\/\/gazdasagportal.hu\/index.php\/wp-json\/wp\/v2\/users\/1"}],"replies":[{"embeddable":true,"href":"https:\/\/gazdasagportal.hu\/index.php\/wp-json\/wp\/v2\/comments?post=106881"}],"version-history":[{"count":1,"href":"https:\/\/gazdasagportal.hu\/index.php\/wp-json\/wp\/v2\/posts\/106881\/revisions"}],"predecessor-version":[{"id":106882,"href":"https:\/\/gazdasagportal.hu\/index.php\/wp-json\/wp\/v2\/posts\/106881\/revisions\/106882"}],"wp:attachment":[{"href":"https:\/\/gazdasagportal.hu\/index.php\/wp-json\/wp\/v2\/media?parent=106881"}],"wp:term":[{"taxonomy":"category","embeddable":true,"href":"https:\/\/gazdasagportal.hu\/index.php\/wp-json\/wp\/v2\/categories?post=106881"},{"taxonomy":"post_tag","embeddable":true,"href":"https:\/\/gazdasagportal.hu\/index.php\/wp-json\/wp\/v2\/tags?post=106881"}],"curies":[{"name":"wp","href":"https:\/\/api.w.org\/{rel}","templated":true}]}}