{"id":106875,"date":"2018-07-08T22:50:10","date_gmt":"2018-07-08T20:50:10","guid":{"rendered":"http:\/\/gazdasagportal.hu\/?p=106875"},"modified":"2018-07-08T22:50:10","modified_gmt":"2018-07-08T20:50:10","slug":"szamos-halalos-aldozatot-es-serultet-kovetelt-egy-torokorszagi-vasuti-szerencsetlenseg","status":"publish","type":"post","link":"https:\/\/gazdasagportal.hu\/index.php\/szamos-halalos-aldozatot-es-serultet-kovetelt-egy-torokorszagi-vasuti-szerencsetlenseg\/","title":{"rendered":"Sz\u00e1mos hal\u00e1los \u00e1ldozatot \u00e9s s\u00e9r\u00fcltet k\u00f6vetelt egy t\u00f6r\u00f6korsz\u00e1gi vas\u00fati szerencs\u00e9tlens\u00e9g"},"content":{"rendered":"<p><strong>Kisiklott egy Isztambulba tart\u00f3 szem\u00e9lyvonat vas\u00e1rnap T\u00f6r\u00f6korsz\u00e1g \u00e9szaknyugati r\u00e9sz\u00e9n, Tekirdag tartom\u00e1ny Corlu k\u00f6rzet\u00e9ben, Sarilar falu mellett. A balesetben a t\u00f6r\u00f6k eg\u00e9szs\u00e9g\u00fcgyi miniszt\u00e9rium k\u00f6zl\u00e9se szerint legal\u00e1bb 10 ember meghalt, 73 utas megs\u00e9r\u00fclt &#8211; jelentette az NTV t\u00f6r\u00f6k h\u00edrtelev\u00edzi\u00f3.<\/strong><!--more--><\/p>\n<div class=\"ads-in-post1\"><div id=\"gazdasagportal.hu_fullbanner_wideboard\"><\/div>\r\n<\/div>\n<p>     Mehmet Ceylan, Tekirdag tartom\u00e1ny korm\u00e1nyz\u00f3ja k\u00f6z\u00f6lte, hogy a szerencs\u00e9tlens\u00e9get a rendk\u00edv\u00fcli es\u0151z\u00e9s okozta, amely egy szakaszon kimosta a t\u00f6lt\u00e9st a s\u00ednek al\u00f3l. Az Ihlas t\u00f6r\u00f6k h\u00edr\u00fcgyn\u00f6ks\u00e9g felv\u00e9telein az l\u00e1that\u00f3, hogy a vas\u00fati p\u00e1lya meghajolt, a leveg\u0151ben l\u00f3g a hi\u00e1nyz\u00f3 talaj miatt.<br \/>\n    Az Anadolu t\u00f6r\u00f6k \u00e1llami h\u00edr\u00fcgyn\u00f6ks\u00e9g \u00e9rtes\u00fcl\u00e9se szerint a szerelv\u00e9ny a g\u00f6r\u00f6g hat\u00e1r k\u00f6zel\u00e9ben tal\u00e1lhat\u00f3 Edirne tartom\u00e1ny Uzunk\u00f6pr\u00fc k\u00f6rzet\u00e9b\u0151l tartott Isztambulba. A k\u00f6zleked\u00e9si miniszt\u00e9rium k\u00f6z\u00f6lte: a vonaton 362 utas tart\u00f3zkodott \u00e9s a szerelv\u00e9ny \u00f6t kocsija borult fel.<br \/>\n<div class=\"ads-in-post2\"><script async src=\"https:\/\/pagead2.googlesyndication.com\/pagead\/js\/adsbygoogle.js\"><\/script>\r\n<ins class=\"adsbygoogle\"\r\n     style=\"display:block\"\r\n     data-ad-format=\"fluid\"\r\n     data-ad-layout-key=\"-6t+ed+2i-1n-4w\"\r\n     data-ad-client=\"ca-pub-1959107119989764\"\r\n     data-ad-slot=\"4008251320\"><\/ins>\r\n<script>\r\n     (adsbygoogle = window.adsbygoogle || []).push({});\r\n<\/script><\/div>\n    Az NTV besz\u00e1mol\u00f3ja alapj\u00e1n a helysz\u00edn k\u00f6zel\u00e9ben m\u00e9g f\u00f6ld\u00fat sem halad, \u00edgy annak megk\u00f6zel\u00edt\u00e9se nagyon neh\u00e9z. R\u00e1ad\u00e1sul a talaj is \u00e1t\u00e1zott, ez\u00e9rt a hat\u00f3s\u00e1gok a ment\u00e9st el\u0151sz\u00f6r helikopterekkel \u00e9s l\u00e1nctalpas j\u00e1rm\u0171vekkel kezdt\u00e9k meg. A helyi gazd\u00e1lkod\u00f3k traktoraikkal seg\u00edtett\u00e9k a munk\u00e1latokat. K\u00e9s\u0151bb munkag\u00e9pek \u00e9s ment\u0151aut\u00f3k is nagy sz\u00e1mban eljutottak a helysz\u00ednre.<br \/>\n    A ment\u00e9si munk\u00e1latok m\u00e9g tartanak, a s\u00e9r\u00fclteket a legk\u00f6zelebbi k\u00f3rh\u00e1zakba sz\u00e1ll\u00edtj\u00e1k.(MTI)<\/p>\n","protected":false},"excerpt":{"rendered":"<p>Kisiklott egy Isztambulba tart\u00f3 szem\u00e9lyvonat vas\u00e1rnap T\u00f6r\u00f6korsz\u00e1g \u00e9szaknyugati r\u00e9sz\u00e9n, Tekirdag tartom\u00e1ny Corlu k\u00f6rzet\u00e9ben, Sarilar falu mellett. A balesetben a t\u00f6r\u00f6k eg\u00e9szs\u00e9g\u00fcgyi miniszt\u00e9rium k\u00f6zl\u00e9se szerint legal\u00e1bb 10 ember meghalt, 73 utas megs\u00e9r\u00fclt &#8211; jelentette az NTV t\u00f6r\u00f6k h\u00edrtelev\u00edzi\u00f3.<\/p>\n","protected":false},"author":1,"featured_media":0,"comment_status":"closed","ping_status":"open","sticky":false,"template":"","format":"standard","meta":[],"categories":[12],"tags":[],"_links":{"self":[{"href":"https:\/\/gazdasagportal.hu\/index.php\/wp-json\/wp\/v2\/posts\/106875"}],"collection":[{"href":"https:\/\/gazdasagportal.hu\/index.php\/wp-json\/wp\/v2\/posts"}],"about":[{"href":"https:\/\/gazdasagportal.hu\/index.php\/wp-json\/wp\/v2\/types\/post"}],"author":[{"embeddable":true,"href":"https:\/\/gazdasagportal.hu\/index.php\/wp-json\/wp\/v2\/users\/1"}],"replies":[{"embeddable":true,"href":"https:\/\/gazdasagportal.hu\/index.php\/wp-json\/wp\/v2\/comments?post=106875"}],"version-history":[{"count":1,"href":"https:\/\/gazdasagportal.hu\/index.php\/wp-json\/wp\/v2\/posts\/106875\/revisions"}],"predecessor-version":[{"id":106876,"href":"https:\/\/gazdasagportal.hu\/index.php\/wp-json\/wp\/v2\/posts\/106875\/revisions\/106876"}],"wp:attachment":[{"href":"https:\/\/gazdasagportal.hu\/index.php\/wp-json\/wp\/v2\/media?parent=106875"}],"wp:term":[{"taxonomy":"category","embeddable":true,"href":"https:\/\/gazdasagportal.hu\/index.php\/wp-json\/wp\/v2\/categories?post=106875"},{"taxonomy":"post_tag","embeddable":true,"href":"https:\/\/gazdasagportal.hu\/index.php\/wp-json\/wp\/v2\/tags?post=106875"}],"curies":[{"name":"wp","href":"https:\/\/api.w.org\/{rel}","templated":true}]}}