{"id":106871,"date":"2018-07-08T15:13:34","date_gmt":"2018-07-08T13:13:34","guid":{"rendered":"http:\/\/gazdasagportal.hu\/?p=106871"},"modified":"2018-07-08T11:15:41","modified_gmt":"2018-07-08T09:15:41","slug":"heti-makronaptar-inflacios-kulkereskedelmi-es-idegenforgalmi-adatok-varhatok-a-jovo-heten","status":"publish","type":"post","link":"https:\/\/gazdasagportal.hu\/index.php\/heti-makronaptar-inflacios-kulkereskedelmi-es-idegenforgalmi-adatok-varhatok-a-jovo-heten\/","title":{"rendered":"Heti makronapt\u00e1r &#8211; Infl\u00e1ci\u00f3s, k\u00fclkereskedelmi \u00e9s idegenforgalmi adatok v\u00e1rhat\u00f3k a j\u00f6v\u0151 h\u00e9ten"},"content":{"rendered":"<p><strong>T\u00f6bb statisztikai adat is megjelenik a k\u00f6vetkez\u0151 h\u00e9ten, k\u00f6z\u00fcl\u00fck kiemelkedik a j\u00faniusi infl\u00e1ci\u00f3s statisztika \u00e9s a m\u00e1jusi k\u00fclkereskedelmi forgalom, valamint a sz\u00e1ll\u00e1shelyek forgalm\u00e1nak adata.<\/strong><!--more--><\/p>\n<div class=\"ads-in-post1\"><div id=\"gazdasagportal.hu_fullbanner_wideboard\"><\/div>\r\n<\/div>\n<p>    Kedden teszi k\u00f6zz\u00e9 a K\u00f6zponti Statisztikai Hivatal (KSH) a fogyaszt\u00f3i \u00e1rak j\u00faniusi adatait \u00e9s a m\u00e1jusi k\u00fclkereskedelmi forgalom els\u0151 becsl\u00e9s\u00e9t.<br \/>\n    M\u00e1jusban a fogyaszt\u00f3i \u00e1rak \u00e1tlagosan 2,8 sz\u00e1zal\u00e9kkal voltak magasabbak az egy \u00e9vvel kor\u00e1bbiakn\u00e1l, az el\u0151z\u0151 h\u00f3naphoz k\u00e9pest pedig 0,6 sz\u00e1zal\u00e9kkal n\u0151ttek. Az \u00e9v els\u0151 \u00f6t h\u00f3napj\u00e1ban a fogyaszt\u00f3i \u00e1rak \u00e1tlagosan 2,2 sz\u00e1zal\u00e9kkal n\u0151ttek 2017 azonos id\u0151szak\u00e1hoz k\u00e9pest. A szezon\u00e1lisan kiigaz\u00edtott \u00e9ves maginfl\u00e1ci\u00f3 az \u00e1prilisival megegyez\u0151, 2,4 sz\u00e1zal\u00e9k volt m\u00e1jusban is.<br \/>\n<div class=\"ads-in-post2\"><script async src=\"https:\/\/pagead2.googlesyndication.com\/pagead\/js\/adsbygoogle.js\"><\/script>\r\n<ins class=\"adsbygoogle\"\r\n     style=\"display:block\"\r\n     data-ad-format=\"fluid\"\r\n     data-ad-layout-key=\"-6t+ed+2i-1n-4w\"\r\n     data-ad-client=\"ca-pub-1959107119989764\"\r\n     data-ad-slot=\"4008251320\"><\/ins>\r\n<script>\r\n     (adsbygoogle = window.adsbygoogle || []).push({});\r\n<\/script><\/div>\n    \u00c1prilisban az export volumene 11,7, az import\u00e9 16,2 sz\u00e1zal\u00e9kkal n\u0151tt az el\u0151z\u0151 \u00e9v azonos id\u0151szak\u00e1hoz k\u00e9pest, a k\u00fclkereskedelmi t\u00f6bblet 517 milli\u00f3 eur\u00f3 volt. A kivitel 2018. janu\u00e1r-\u00e1prilisban 34,7 milli\u00e1rd eur\u00f3t, a behozatal 32,1 milli\u00e1rd eur\u00f3t tett ki, a kivitel volumene 5,8, a behozatal\u00e9 7,4 sz\u00e1zal\u00e9kkal emelkedett. Az els\u0151 n\u00e9gy h\u00f3napban a k\u00fclkereskedelmi m\u00e9rleg t\u00f6bblete 2,6 milli\u00e1rd eur\u00f3t tett ki, 326 milli\u00f3val kevesebbet az egy \u00e9vvel kor\u00e1bbin\u00e1l.<br \/>\n    Szerd\u00e1n a sz\u00e1ll\u00e1shelyek m\u00e1jusi \u00e9s els\u0151 \u00f6t havi forgalm\u00e1nak adt\u00e1t, \u00e9s az \u00e1llat\u00e1llom\u00e1ny j\u00faniusi statisztik\u00e1j\u00e1t k\u00f6zli a KSH.<br \/>\n    \u00c1prilisban 0,8 sz\u00e1zal\u00e9kkal t\u00f6bb k\u00fclf\u00f6ldi vend\u00e9g 2,2 sz\u00e1zal\u00e9kkal kevesebb vend\u00e9g\u00e9jszak\u00e1t t\u00f6lt\u00f6tt a magyarorsz\u00e1gi sz\u00e1ll\u00e1shelyeken, m\u00edg a belf\u00f6ldi vend\u00e9gek sz\u00e1ma 0,3 sz\u00e1zal\u00e9kkal, az \u00e1ltaluk elt\u00f6lt\u00f6tt \u00e9jszak\u00e1k sz\u00e1ma 0,9 sz\u00e1zal\u00e9kkal n\u0151tt az egy \u00e9vvel kor\u00e1bbi magas b\u00e1zishoz viszony\u00edtva. Ezzel a vend\u00e9gek sz\u00e1ma \u00f6sszesen 1,7 sz\u00e1zal\u00e9kkal n\u0151tt, a vend\u00e9g\u00e9jszak\u00e1k sz\u00e1ma 0,8 sz\u00e1zal\u00e9kkal cs\u00f6kkent tavaly \u00e1prilishoz k\u00e9pest, amikor a h\u00fasv\u00e9tnak is k\u00f6sz\u00f6nhet\u0151en 25,3 sz\u00e1zal\u00e9kos volt a forgalom \u00e9ves n\u00f6veked\u00e9se. A kereskedelmi sz\u00e1ll\u00e1shelyek foly\u00f3 \u00e1ron sz\u00e1molt \u00e1prilisi brutt\u00f3 \u00e1rbev\u00e9tele 6,6 sz\u00e1zal\u00e9kkal meghaladta az egy \u00e9vvel kor\u00e1bbit \u00e9s 38,7 milli\u00e1rd forintot tett ki, ami tavaly okt\u00f3ber \u00f3ta a legmagasabb \u00f6sszeg.<br \/>\n    Cs\u00fct\u00f6rt\u00f6k\u00f6n a mez\u0151gazdas\u00e1gi termel\u0151i \u00e1rak m\u00e1jusi alakul\u00e1s\u00e1t \u00e9s a m\u00e1jusi ipari termel\u00e9s m\u00e1sodik becsl\u00e9s\u00e9t teszik k\u00f6zz\u00e9.<br \/>\n    M\u00e1jusban az ipari termel\u00e9s volumene 0,4 sz\u00e1zal\u00e9kkal meghaladta az el\u0151z\u0151 \u00e9v azonos id\u0151szakit az \u00e1prilisi 7,8 sz\u00e1zal\u00e9kos n\u00f6veked\u00e9s ut\u00e1n. A munkanaphat\u00e1st\u00f3l megtiszt\u00edtott adatok szerint a kibocs\u00e1t\u00e1s n\u00f6veked\u00e9se 3,8 sz\u00e1zal\u00e9kra gyorsult az el\u0151z\u0151 havi 2,9 sz\u00e1zal\u00e9kr\u00f3l. Az el\u0151z\u0151 h\u00f3naphoz viszony\u00edtva a szezon\u00e1lisan \u00e9s munkanapt\u00e9nyez\u0151vel kiigaz\u00edtott ipari kibocs\u00e1t\u00e1s m\u00e1jusban 1,9 sz\u00e1zal\u00e9kkal emelkedett. Az \u00e9v els\u0151 \u00f6t h\u00f3napj\u00e1ban 3,1 sz\u00e1zal\u00e9kkal volt nagyobb a termel\u00e9s, mint az el\u0151z\u0151 \u00e9v azonos id\u0151szak\u00e1ban.<br \/>\n(MTI)<\/p>\n","protected":false},"excerpt":{"rendered":"<p>T\u00f6bb statisztikai adat is megjelenik a k\u00f6vetkez\u0151 h\u00e9ten, k\u00f6z\u00fcl\u00fck kiemelkedik a j\u00faniusi infl\u00e1ci\u00f3s statisztika \u00e9s a m\u00e1jusi k\u00fclkereskedelmi forgalom, valamint a sz\u00e1ll\u00e1shelyek forgalm\u00e1nak adata.<\/p>\n","protected":false},"author":1,"featured_media":0,"comment_status":"closed","ping_status":"open","sticky":false,"template":"","format":"standard","meta":[],"categories":[19],"tags":[],"_links":{"self":[{"href":"https:\/\/gazdasagportal.hu\/index.php\/wp-json\/wp\/v2\/posts\/106871"}],"collection":[{"href":"https:\/\/gazdasagportal.hu\/index.php\/wp-json\/wp\/v2\/posts"}],"about":[{"href":"https:\/\/gazdasagportal.hu\/index.php\/wp-json\/wp\/v2\/types\/post"}],"author":[{"embeddable":true,"href":"https:\/\/gazdasagportal.hu\/index.php\/wp-json\/wp\/v2\/users\/1"}],"replies":[{"embeddable":true,"href":"https:\/\/gazdasagportal.hu\/index.php\/wp-json\/wp\/v2\/comments?post=106871"}],"version-history":[{"count":1,"href":"https:\/\/gazdasagportal.hu\/index.php\/wp-json\/wp\/v2\/posts\/106871\/revisions"}],"predecessor-version":[{"id":106872,"href":"https:\/\/gazdasagportal.hu\/index.php\/wp-json\/wp\/v2\/posts\/106871\/revisions\/106872"}],"wp:attachment":[{"href":"https:\/\/gazdasagportal.hu\/index.php\/wp-json\/wp\/v2\/media?parent=106871"}],"wp:term":[{"taxonomy":"category","embeddable":true,"href":"https:\/\/gazdasagportal.hu\/index.php\/wp-json\/wp\/v2\/categories?post=106871"},{"taxonomy":"post_tag","embeddable":true,"href":"https:\/\/gazdasagportal.hu\/index.php\/wp-json\/wp\/v2\/tags?post=106871"}],"curies":[{"name":"wp","href":"https:\/\/api.w.org\/{rel}","templated":true}]}}